{"id":6666,"date":"2023-01-03T09:35:50","date_gmt":"2023-01-03T15:35:50","guid":{"rendered":"http:\/\/contextoanalisisperiodistico.com.mx\/2023\/01\/03\/dignificar-la-funcion-policial-compromiso-ratificado-por-el-gobernador-salomon-jara\/"},"modified":"2023-01-03T09:35:50","modified_gmt":"2023-01-03T15:35:50","slug":"dignificar-la-funcion-policial-compromiso-ratificado-por-el-gobernador-salomon-jara","status":"publish","type":"post","link":"https:\/\/contextoanalisisperiodistico.com\/index.php\/2023\/01\/03\/dignificar-la-funcion-policial-compromiso-ratificado-por-el-gobernador-salomon-jara\/","title":{"rendered":"Dignificar la funci\u00f3n policial, compromiso ratificado por el gobernador Salom\u00f3n Jara"},"content":{"rendered":"<div id=\"fb-root\"><\/div>\n\n<p>\u2022 El Gobernador de Oaxaca expres\u00f3 que se encuentra dialogando y analizando el r\u00e9gimen de pensiones, una alternativa que financieramente sea viable y sostenible<\/p>\n\n\n\n<p>Santa Mar\u00eda Coyotepec, Oax. 02 de enero de 2023. En el marco del D\u00eda Internacional del y la Polic\u00eda que se conmemora cada 2 de enero, el Gobernador del Estado, Salom\u00f3n Jara Cruz ratific\u00f3 su compromiso con el fortalecimiento y capacitaci\u00f3n de todos los cuerpos policiacos, tanto estatales como municipales, con la finalidad de dignificar la funci\u00f3n policial y a su vez, mejorar sus salarios y condiciones de trabajo.<\/p>\n\n\n\n<p>Durante este acto desarrollado en el Cuartel General de la Secretar\u00eda de Seguridad P\u00fablica y Protecci\u00f3n Ciudadana, el titular del Poder Ejecutivo rindi\u00f3 un respetuoso y merecido homenaje a las mujeres y los hombres que, con valent\u00eda, lealtad y aplomo, se dedican a la funci\u00f3n policial en el estado.<\/p>\n\n\n\n<p>\u201cLa labor desempe\u00f1ada por todas y todos ustedes constituye el primer pelda\u00f1o de la constituci\u00f3n de Paz con Justicia y en la Construcci\u00f3n de un Nuevo Pacto Social para la Convivencia Pac\u00edfica y Segura de las familias oaxaque\u00f1as\u201d. expres\u00f3, al tiempo de convocarlos a brindar un minuto de silencio para quienes han perdido la vida en el ejercicio heroico de su deber.<\/p>\n\n\n\n<p>En este sentido, el mandatario oaxaque\u00f1o dio a conocer que, como parte de este proceso de dignificaci\u00f3n, su gobierno analiza el r\u00e9gimen de pensiones para poder construir y ofrecerles a las y los polic\u00edas, una alternativa que financieramente sea viable y sostenible. \u201cEn este tema vamos a actuar con mucha responsabilidad. Ese es nuestro compromiso\u201d, afirm\u00f3.<\/p>\n\n\n\n<p>Asever\u00f3 que esta acci\u00f3n, se sumar\u00e1 al apoyo \u00fanico por fin de a\u00f1o que su gobierno les otorg\u00f3 a las y los elementos de las diferentes corporaciones de seguridad y auxilio de la entidad, y que requiri\u00f3 m\u00e1s de ocho millones y medio de pesos para las y los integrantes de la Polic\u00eda Estatal, Polic\u00eda Vial, Bomberos, Polic\u00eda Auxiliar Bancar\u00eda, Industrial y Comercial (PABIC).<\/p>\n\n\n\n<p>\u201cPara nosotros, honrar y reconocer el loable trabajo desempe\u00f1ado por las y los polic\u00edas a favor de la protecci\u00f3n ciudadana y la seguridad de las personas y sus bienes, no es un simple acto protocolario. Para todas y todos ustedes todo nuestro respeto y consideraci\u00f3n\u201d, dijo.<\/p>\n\n\n\n<p>De esta manera, Salom\u00f3n Jara expres\u00f3 que su gobierno trabajar\u00e1 para dignificar la funci\u00f3n policial, desde los mandos hasta la tropa, toda vez que el combate al crimen y a la corrupci\u00f3n son ingredientes fundamentales para la consolidaci\u00f3n de una sociedad democr\u00e1tica.<\/p>\n\n\n\n<p>La titular del Secretariado Ejecutivo del Sistema Estatal de Seguridad P\u00fablica, Karina Bar\u00f3n se\u00f1al\u00f3 que, este encuentro debe inaugurar una nueva etapa de relaci\u00f3n entre el Gobierno estatal y sus cuerpos policiales. \u201cVenimos a ponernos a la orden, para fortalecer y dignificar la labor policial en Oaxaca, para estar a la altura de las exigencias de nuestras familias oaxaque\u00f1as y de la responsabilidad que compartimos de preservar la paz y seguridad en todo el territorio\u201d, indic\u00f3.<\/p>\n\n\n\n<p>El secretario de Seguridad P\u00fablica y Protecci\u00f3n Ciudadana, Capit\u00e1n de Fragata Iv\u00e1n Garc\u00eda \u00c1lvarez afirm\u00f3 que \u201cse est\u00e1 cumpliendo, esta es la polic\u00eda que trabaja incansablemente para que las familias oaxaque\u00f1as puedan disfrutar de paz y armon\u00eda. Hoy, es un d\u00eda particular para reconocer la noble labor que desempe\u00f1an con lealtad, valor, justicia y servicio, que se ve reflejada en cada uno de sus actos\u201d.<\/p>\n\n\n\n<p>-0-<\/p>\n\n\n\n<figure class=\"wp-block-image size-large\"><img decoding=\"async\" src=\"https:\/\/contextoinformacionyanalisisperiodistico.files.wordpress.com\/2023\/01\/img-20230102-wa00345498859465983034930.jpg?w=1024\" alt=\"\" class=\"wp-image-6664\" \/><\/figure>\n\n\n\n<figure class=\"wp-block-image\"><img decoding=\"async\" src=\"https:\/\/contextoinformacionyanalisisperiodistico.files.wordpress.com\/2023\/01\/img-20230102-wa00357234578133116176832.jpg?w=1024\" alt=\"\" class=\"wp-image-6663\" \/><\/figure>\n\n\n\n<figure class=\"wp-block-image\"><img decoding=\"async\" src=\"https:\/\/contextoinformacionyanalisisperiodistico.files.wordpress.com\/2023\/01\/img-20230102-wa00336332130775579723265.jpg?w=1024\" alt=\"\" class=\"wp-image-6665\" \/><\/figure>\n","protected":false},"excerpt":{"rendered":"<p>\u2022 El Gobernador de Oaxaca expres\u00f3 que se encuentra dialogando y analizando el r\u00e9gimen de&#8230;<\/p>\n","protected":false},"author":2,"featured_media":6662,"comment_status":"open","ping_status":"open","sticky":false,"template":"","format":"standard","meta":{"footnotes":""},"categories":[9],"tags":[],"jetpack_sharing_enabled":true,"featured_image_urls":{"full":"","thumbnail":"","medium":"","medium_large":"","large":"","1536x1536":"","2048x2048":"","covernews-slider-full":"","covernews-slider-center":"","covernews-featured":"","covernews-medium":"","covernews-medium-square":""},"author_info":{"display_name":"Miguel","author_link":"https:\/\/contextoanalisisperiodistico.com\/index.php\/author\/editor\/"},"category_info":"<a href=\"https:\/\/contextoanalisisperiodistico.com\/index.php\/category\/politica\/\" rel=\"category tag\">Pol\u00edtica<\/a>","tag_info":"Pol\u00edtica","comment_count":"0","jetpack_featured_media_url":"","_links":{"self":[{"href":"https:\/\/contextoanalisisperiodistico.com\/index.php\/wp-json\/wp\/v2\/posts\/6666"}],"collection":[{"href":"https:\/\/contextoanalisisperiodistico.com\/index.php\/wp-json\/wp\/v2\/posts"}],"about":[{"href":"https:\/\/contextoanalisisperiodistico.com\/index.php\/wp-json\/wp\/v2\/types\/post"}],"author":[{"embeddable":true,"href":"https:\/\/contextoanalisisperiodistico.com\/index.php\/wp-json\/wp\/v2\/users\/2"}],"replies":[{"embeddable":true,"href":"https:\/\/contextoanalisisperiodistico.com\/index.php\/wp-json\/wp\/v2\/comments?post=6666"}],"version-history":[{"count":0,"href":"https:\/\/contextoanalisisperiodistico.com\/index.php\/wp-json\/wp\/v2\/posts\/6666\/revisions"}],"wp:featuredmedia":[{"embeddable":true,"href":"https:\/\/contextoanalisisperiodistico.com\/index.php\/wp-json\/"}],"wp:attachment":[{"href":"https:\/\/contextoanalisisperiodistico.com\/index.php\/wp-json\/wp\/v2\/media?parent=6666"}],"wp:term":[{"taxonomy":"category","embeddable":true,"href":"https:\/\/contextoanalisisperiodistico.com\/index.php\/wp-json\/wp\/v2\/categories?post=6666"},{"taxonomy":"post_tag","embeddable":true,"href":"https:\/\/contextoanalisisperiodistico.com\/index.php\/wp-json\/wp\/v2\/tags?post=6666"}],"curies":[{"name":"wp","href":"https:\/\/api.w.org\/{rel}","templated":true}]}}