{"id":6651,"date":"2023-01-01T15:12:17","date_gmt":"2023-01-01T21:12:17","guid":{"rendered":"http:\/\/contextoanalisisperiodistico.com.mx\/2023\/01\/01\/ana-maria-primera-bebe-nacida-en-ano-nuevo-sso\/"},"modified":"2023-01-01T15:12:17","modified_gmt":"2023-01-01T21:12:17","slug":"ana-maria-primera-bebe-nacida-en-ano-nuevo-sso","status":"publish","type":"post","link":"https:\/\/contextoanalisisperiodistico.com\/index.php\/2023\/01\/01\/ana-maria-primera-bebe-nacida-en-ano-nuevo-sso\/","title":{"rendered":"Ana Mar\u00eda, primera beb\u00e9 nacida en A\u00f1o Nuevo: SSO"},"content":{"rendered":"<div id=\"fb-root\"><\/div>\n\n<p><strong>Oaxaca de Ju\u00e1rez, Oax., 1 de enero de 2023.-<\/strong>&nbsp;Ana Mar\u00eda es la primera beb\u00e9 nacida en este A\u00f1o Nuevo 2023, en el Hospital General \u201cDoctor Aurelio Valdivieso\u201d, informaron los Servicios de Salud de Oaxaca (SSO).<\/p>\n\n\n\n<p>La dependencia destac\u00f3 que el nacimiento se produjo a las 01:20 de la ma\u00f1ana de este domingo 1 de enero; la reci\u00e9n nacida, pes\u00f3 2,960 kilogramos y midi\u00f3 52 cent\u00edmetros.<\/p>\n\n\n\n<p>Tanto la ni\u00f1a como su mam\u00e1 se encuentran en buenas condiciones de salud.<\/p>\n\n\n\n<p>Jacqueline Reyes, originaria de la Villa de Zaachila, quien dio a luz tras 39 semanas de gestaci\u00f3n, fue asistida por un equipo multidisciplinario de especialistas de esta unidad hospitalaria, quienes cubr\u00edan la guardia para atender a las pacientes que acudieron a solicitar atenci\u00f3n m\u00e9dica, detall\u00f3 la instituci\u00f3n<\/p>\n","protected":false},"excerpt":{"rendered":"<p>Oaxaca de Ju\u00e1rez, Oax., 1 de enero de 2023.-&nbsp;Ana Mar\u00eda es la primera beb\u00e9 nacida&#8230;<\/p>\n","protected":false},"author":2,"featured_media":6650,"comment_status":"open","ping_status":"open","sticky":false,"template":"","format":"standard","meta":{"footnotes":""},"categories":[9],"tags":[],"jetpack_sharing_enabled":true,"featured_image_urls":{"full":"","thumbnail":"","medium":"","medium_large":"","large":"","1536x1536":"","2048x2048":"","covernews-slider-full":"","covernews-slider-center":"","covernews-featured":"","covernews-medium":"","covernews-medium-square":""},"author_info":{"display_name":"Miguel","author_link":"https:\/\/contextoanalisisperiodistico.com\/index.php\/author\/editor\/"},"category_info":"<a href=\"https:\/\/contextoanalisisperiodistico.com\/index.php\/category\/politica\/\" rel=\"category tag\">Pol\u00edtica<\/a>","tag_info":"Pol\u00edtica","comment_count":"0","jetpack_featured_media_url":"","_links":{"self":[{"href":"https:\/\/contextoanalisisperiodistico.com\/index.php\/wp-json\/wp\/v2\/posts\/6651"}],"collection":[{"href":"https:\/\/contextoanalisisperiodistico.com\/index.php\/wp-json\/wp\/v2\/posts"}],"about":[{"href":"https:\/\/contextoanalisisperiodistico.com\/index.php\/wp-json\/wp\/v2\/types\/post"}],"author":[{"embeddable":true,"href":"https:\/\/contextoanalisisperiodistico.com\/index.php\/wp-json\/wp\/v2\/users\/2"}],"replies":[{"embeddable":true,"href":"https:\/\/contextoanalisisperiodistico.com\/index.php\/wp-json\/wp\/v2\/comments?post=6651"}],"version-history":[{"count":0,"href":"https:\/\/contextoanalisisperiodistico.com\/index.php\/wp-json\/wp\/v2\/posts\/6651\/revisions"}],"wp:featuredmedia":[{"embeddable":true,"href":"https:\/\/contextoanalisisperiodistico.com\/index.php\/wp-json\/"}],"wp:attachment":[{"href":"https:\/\/contextoanalisisperiodistico.com\/index.php\/wp-json\/wp\/v2\/media?parent=6651"}],"wp:term":[{"taxonomy":"category","embeddable":true,"href":"https:\/\/contextoanalisisperiodistico.com\/index.php\/wp-json\/wp\/v2\/categories?post=6651"},{"taxonomy":"post_tag","embeddable":true,"href":"https:\/\/contextoanalisisperiodistico.com\/index.php\/wp-json\/wp\/v2\/tags?post=6651"}],"curies":[{"name":"wp","href":"https:\/\/api.w.org\/{rel}","templated":true}]}}