{"id":6629,"date":"2022-12-30T15:28:34","date_gmt":"2022-12-30T21:28:34","guid":{"rendered":"http:\/\/contextoanalisisperiodistico.com.mx\/2022\/12\/30\/instala-gobierno-estatal-organismo-protector-de-derechos-de-ninas-ninos-y-adolescentes-de-oaxaca\/"},"modified":"2022-12-30T15:28:34","modified_gmt":"2022-12-30T21:28:34","slug":"instala-gobierno-estatal-organismo-protector-de-derechos-de-ninas-ninos-y-adolescentes-de-oaxaca","status":"publish","type":"post","link":"https:\/\/contextoanalisisperiodistico.com\/index.php\/2022\/12\/30\/instala-gobierno-estatal-organismo-protector-de-derechos-de-ninas-ninos-y-adolescentes-de-oaxaca\/","title":{"rendered":"Instala Gobierno estatal organismo protector de Derechos de Ni\u00f1as, Ni\u00f1os y Adolescentes de Oaxaca"},"content":{"rendered":"<div id=\"fb-root\"><\/div>\n\n<ul>\n<li><em>\u201cLos ni\u00f1os, las ni\u00f1as y las adolescentes nunca m\u00e1s estar\u00e1n solos en Oaxaca\u201d: Salom\u00f3n Jara<\/em><\/li>\n<\/ul>\n\n\n\n<ul>\n<li><em>Garantizar\u00e1 de manera integral y plena todos sus derechos<\/em><\/li>\n<\/ul>\n\n\n\n<p><strong>Oaxaca de Ju\u00e1rez, Oax., 30 de diciembre de 2022.-<\/strong>&nbsp;El Gobierno del Estado de Oaxaca instal\u00f3 el Sistema Local de Protecci\u00f3n Integral de los Derechos de las Ni\u00f1as, Ni\u00f1os y Adolescentes, mediante el cual desarrollar\u00e1 mecanismos que garanticen la participaci\u00f3n de este sector poblacional como titulares y sujetos plenos de derecho.<\/p>\n\n\n\n<p>Como presidente del Sistema, el Gobernador de la entidad, Salom\u00f3n Jara Cruz afirm\u00f3 que el \u201cGobierno del Pueblo\u201d garantizar\u00e1 de manera integral y plena todos los derechos de las ni\u00f1as, ni\u00f1os y adolescentes, de la mano de gobiernos municipales, \u00f3rganos aut\u00f3nomos y los dem\u00e1s Poderes del Estado.<\/p>\n\n\n\n<p>Afirm\u00f3 que \u201clos ni\u00f1os, las ni\u00f1as y las adolescentes nunca m\u00e1s estar\u00e1n solos en Oaxaca, siempre habr\u00e1 acompa\u00f1amiento, trabajaremos coordinadamente y sumaremos esfuerzos para no perder de vista el futuro que debemos construir\u201d.<\/p>\n\n\n\n<p>Mediante estas acciones, el Gobierno del Estado cumplir\u00e1 sus ejes trasversales y de pol\u00edticas p\u00fablicas para proteger el Inter\u00e9s Superior de los Ni\u00f1os, Ni\u00f1as y Adolescentes, la Construcci\u00f3n de la Paz con Justicia, Un Nuevo Pacto Social y la Reparaci\u00f3n Hist\u00f3rica de los Pueblos a trav\u00e9s de las Pol\u00edticas de Bienestar Transformador.<\/p>\n\n\n\n<p>Prueba del compromiso por parte de esta administraci\u00f3n estatal, es que el primer acto de Gobierno consisti\u00f3 en la lectura de un cuento con ni\u00f1os y ni\u00f1as, mediante el programa \u201cMinutos para Imaginar\u201d.<\/p>\n\n\n\n<p>Por ello, en adelante todas las personas titulares de las dependencias de gobierno participar\u00e1n en este programa con las ni\u00f1as, los ni\u00f1os y adolescentes en todo el estado.<\/p>\n\n\n\n<p>El titular del Ejecutivo estatal lament\u00f3 que Oaxaca registre altas estad\u00edsticas en materia de trabajo infantil y ocupaci\u00f3n peligrosa, matrimonios correspondientes a ni\u00f1as y mujeres adolescentes, embarazos prematuros y casos de abuso, agresiones y violencia sexual contra menores.<\/p>\n\n\n\n<p>Lo anterior como producto de problemas estructurales de acceso a la educaci\u00f3n, a la salud y la insensibilidad e indiferencia de los malos gobiernos que perpetuaron estos males.<\/p>\n\n\n\n<p>Al respecto anunci\u00f3, que las reuniones del Sistema Local de Protecci\u00f3n Integral de los Derechos de las Ni\u00f1as, Ni\u00f1os y Adolescentes del Estado de Oaxaca, que durante la administraci\u00f3n anterior sesion\u00f3 solo en una ocasi\u00f3n en todo el sexenio, ahora buscar\u00e1 sesionar cada trimestre.<\/p>\n\n\n\n<p>En tanto la menor Valentina, en representaci\u00f3n de las ni\u00f1as, ni\u00f1os y j\u00f3venes de la entidad, refiri\u00f3 que tambi\u00e9n son personas sujetas del derecho a emitir sus opiniones, merecedoras de la atenci\u00f3n y de participar.<\/p>\n\n\n\n<p>Agradeci\u00f3 al Gobernador oaxaque\u00f1o por convocarlos y tomarlos en cuenta. Tambi\u00e9n, solicit\u00f3 que el Estado tenga acercamiento de manera constante con este grupo poblacional para conocer sus necesidades.<\/p>\n\n\n\n<p>Durante este acto tomaron protesta como integrantes del Sistema Local: Jes\u00fas Romero L\u00f3pez, secretario de Gobierno; Elisa Zepeda Lagunas, secretaria de las Mujeres; Laura Estrada Mauro, secretaria de Bienestar, Tequio e Inclusi\u00f3n; Alma Lilia Velasco Hern\u00e1ndez, secretaria de Salud de Oaxaca; Bertha Ruth Arreola, secretaria de Interculturalidad, Pueblos Ind\u00edgenas y Afromexicano; Ra\u00fal Ruiz Robles, secretario de Econom\u00eda y Farid Acevedo L\u00f3pez, secretario de Finanzas.<\/p>\n\n\n\n<p>Asimismo, Silverio \u00c1vila Mart\u00ednez, director del Instituto de Atenci\u00f3n Integral al Migrante Oaxaque\u00f1o; Maribel Salina Velasco, directora General del Sistema DIF Estatal y Jos\u00e9 Bernardo Rodr\u00edguez Alamilla, titular de la Defensor\u00eda de los Derechos Humanos del Pueblo de Oaxaca.<\/p>\n\n\n\n<p>Alejandro Alfonso Ram\u00edrez Hern\u00e1ndez, encargado de despacho de la Fiscal\u00eda General del Estado de Oaxaca; Flor Estela Morales Hern\u00e1ndez, Coordinadora para la Atenci\u00f3n a los Derechos Humanos y Alma Deysi Bautista Ramos, Secretaria Ejecutiva del Sistema Local de Protecci\u00f3n Integral de los Derechos de las Ni\u00f1as, Ni\u00f1os y Adolescentes del Estado de Oaxaca, asumieron su encargo en este organismo.<\/p>\n\n\n\n<p>Tambi\u00e9n tomaron protesta Luis Alfonso Silva Romo, presidente de la Junta de Coordinaci\u00f3n Pol\u00edtica de la LXV Legislatura del Congreso Local y el magistrado Eduardo Pinacho S\u00e1nchez, presidente del Tribunal Superior de Justicia de Oaxaca y del Consejo de la Judicatura.<\/p>\n\n\n\n<p>Como invitados especiales estuvo presente la presidenta honoraria del Sistema para el Desarrollo Integral de la Familia (DIF) Oaxaca, Irma Bola\u00f1os Quijano; Cristian Eder Carre\u00f1o L\u00f3pez, en representaci\u00f3n del sector acad\u00e9mico; Mar\u00eda Elena Marrufo Tenorio, como representante de la sociedad civil y Mario Camacho Hern\u00e1ndez, en representaci\u00f3n de la asociaci\u00f3n civil Sikanda.<\/p>\n\n\n\n<figure class=\"wp-block-image size-large\"><img decoding=\"async\" src=\"https:\/\/contextoinformacionyanalisisperiodistico.files.wordpress.com\/2022\/12\/whatsappimage2022-12-30at26550884005213546637..jpg?w=1024\" alt=\"\" class=\"wp-image-6627\" \/><\/figure>\n\n\n\n<figure class=\"wp-block-image\"><img decoding=\"async\" src=\"https:\/\/contextoinformacionyanalisisperiodistico.files.wordpress.com\/2022\/12\/whatsappimage2022-12-30at28233611937535202827..jpg?w=1024\" alt=\"\" class=\"wp-image-6628\" \/><\/figure>\n","protected":false},"excerpt":{"rendered":"<p>Oaxaca de Ju\u00e1rez, Oax., 30 de diciembre de 2022.-&nbsp;El Gobierno del Estado de Oaxaca instal\u00f3&#8230;<\/p>\n","protected":false},"author":2,"featured_media":6626,"comment_status":"open","ping_status":"open","sticky":false,"template":"","format":"standard","meta":{"footnotes":""},"categories":[9],"tags":[],"jetpack_sharing_enabled":true,"featured_image_urls":{"full":"","thumbnail":"","medium":"","medium_large":"","large":"","1536x1536":"","2048x2048":"","covernews-slider-full":"","covernews-slider-center":"","covernews-featured":"","covernews-medium":"","covernews-medium-square":""},"author_info":{"display_name":"Miguel","author_link":"https:\/\/contextoanalisisperiodistico.com\/index.php\/author\/editor\/"},"category_info":"<a href=\"https:\/\/contextoanalisisperiodistico.com\/index.php\/category\/politica\/\" rel=\"category tag\">Pol\u00edtica<\/a>","tag_info":"Pol\u00edtica","comment_count":"0","jetpack_featured_media_url":"","_links":{"self":[{"href":"https:\/\/contextoanalisisperiodistico.com\/index.php\/wp-json\/wp\/v2\/posts\/6629"}],"collection":[{"href":"https:\/\/contextoanalisisperiodistico.com\/index.php\/wp-json\/wp\/v2\/posts"}],"about":[{"href":"https:\/\/contextoanalisisperiodistico.com\/index.php\/wp-json\/wp\/v2\/types\/post"}],"author":[{"embeddable":true,"href":"https:\/\/contextoanalisisperiodistico.com\/index.php\/wp-json\/wp\/v2\/users\/2"}],"replies":[{"embeddable":true,"href":"https:\/\/contextoanalisisperiodistico.com\/index.php\/wp-json\/wp\/v2\/comments?post=6629"}],"version-history":[{"count":0,"href":"https:\/\/contextoanalisisperiodistico.com\/index.php\/wp-json\/wp\/v2\/posts\/6629\/revisions"}],"wp:featuredmedia":[{"embeddable":true,"href":"https:\/\/contextoanalisisperiodistico.com\/index.php\/wp-json\/"}],"wp:attachment":[{"href":"https:\/\/contextoanalisisperiodistico.com\/index.php\/wp-json\/wp\/v2\/media?parent=6629"}],"wp:term":[{"taxonomy":"category","embeddable":true,"href":"https:\/\/contextoanalisisperiodistico.com\/index.php\/wp-json\/wp\/v2\/categories?post=6629"},{"taxonomy":"post_tag","embeddable":true,"href":"https:\/\/contextoanalisisperiodistico.com\/index.php\/wp-json\/wp\/v2\/tags?post=6629"}],"curies":[{"name":"wp","href":"https:\/\/api.w.org\/{rel}","templated":true}]}}