{"id":6276,"date":"2022-12-14T22:08:59","date_gmt":"2022-12-15T04:08:59","guid":{"rendered":"http:\/\/contextoanalisisperiodistico.com.mx\/?p=6276"},"modified":"2022-12-14T22:08:59","modified_gmt":"2022-12-15T04:08:59","slug":"entrega-martinez-neri-su-primer-informe-de-gobierno","status":"publish","type":"post","link":"https:\/\/contextoanalisisperiodistico.com\/index.php\/2022\/12\/14\/entrega-martinez-neri-su-primer-informe-de-gobierno\/","title":{"rendered":"Entrega Mart\u00ednez Neri su primer Informe de Gobierno"},"content":{"rendered":"<div id=\"fb-root\"><\/div>\n\n<p>\u25cfPor primera vez, las y los integrantes del cuerpo edilicio informaron respecto a las acciones realizadas.<\/p>\n\n\n\n<figure class=\"wp-block-video\"><video controls src=\"https:\/\/contextoinformacionyanalisisperiodistico.files.wordpress.com\/2022\/12\/10000000_1901888860144423_695545244904275782_n.mp4\"><\/video><\/figure>\n\n\n\n<p>Oaxaca de Ju\u00e1rez, Oax., a 14 de diciembre de 2022. Dando cumplimiento a lo que establece el Art\u00edculo 68, Fracci\u00f3n VIII, de la Ley Org\u00e1nica Municipal, el presidente municipal de Oaxaca de Ju\u00e1rez, Francisco Mart\u00ednez Neri, entreg\u00f3 de manera formal su Informe de Gobierno al H. Cabildo del Ayuntamiento capitalino.<\/p>\n\n\n\n<p>En una sesi\u00f3n Solemne, teniendo como recinto oficial el sal\u00f3n Porfirio D\u00edaz Mori, ubicado al interior del palacio municipal, y ante la presencia de las y los concejales, Mart\u00ednez Neri destac\u00f3 que el informe que rinde respecto al estado que guarda la administraci\u00f3n p\u00fablica municipal, considera&nbsp;&nbsp; 11 apartados, tales como el trabajo colegiado en el Cabildo; manejo de las finanzas municipales; desarrollo urbano; seguridad p\u00fablica; servicios p\u00fablicos municipales; desarrollo econ\u00f3mico;&nbsp;&nbsp; bienestar; medio ambiente; gesti\u00f3n administrativa; participaci\u00f3n ciudadana, y gobierno abierto.<\/p>\n\n\n\n<p>Asimismo, puntualiz\u00f3 que su gobierno se ha enfrentado, entre otros, a dos problemas centrales: la situaci\u00f3n econ\u00f3mica, administrativa y el tema de la crisis de los Residuos S\u00f3lidos Urbanos. \u201cAmbos pudimos enfrentarlos gracias a un ejercicio honesto y pulcro de las finanzas y sin recurrir al pr\u00e9stamo\u201d, acot\u00f3.<\/p>\n\n\n\n<p>En este sentido, agradeci\u00f3 a la s\u00edndica primera, al s\u00edndico, as\u00ed como a las regidoras y regidores, por el trabajo realizado, as\u00ed como que, por primera vez, hayan informado sobre las acciones realizadas durante su gesti\u00f3n.<\/p>\n\n\n\n<p>Esto como resultado de la reforma a la Ley Org\u00e1nica Municipal propuesta desde antes del inicio de su gesti\u00f3n, a fin de fortalecer la transparencia y rendici\u00f3n de cuentas.<\/p>\n\n\n\n<p>Por \u00faltimo, abund\u00f3 diciendo que, quiz\u00e1, el gobernar el municipio sea uno de los encargos m\u00e1s importantes y m\u00e1s dif\u00edciles que le ha tocado; pero se ha realizado con honor, dejando a un lado la vida disipada, dijo.<\/p>\n\n\n\n<p>\u201cExpreso a todas y todos nuestra convicci\u00f3n, porque somos un grupo colegiado, de seguir trabajando en bien de nuestra querida Oaxaca de Ju\u00e1rez\u00bb, finaliz\u00f3.<\/p>\n\n\n\n<figure class=\"wp-block-image size-large\"><img decoding=\"async\" src=\"https:\/\/contextoinformacionyanalisisperiodistico.files.wordpress.com\/2022\/12\/boletc3adn14-12-229222734896679791839..jpg?w=1024\" alt=\"\" class=\"wp-image-6280\" \/><\/figure>\n","protected":false},"excerpt":{"rendered":"<p>\u25cfPor primera vez, las y los integrantes del cuerpo edilicio informaron respecto a las acciones&#8230;<\/p>\n","protected":false},"author":2,"featured_media":6277,"comment_status":"open","ping_status":"open","sticky":false,"template":"","format":"standard","meta":{"footnotes":""},"categories":[9],"tags":[],"jetpack_sharing_enabled":true,"featured_image_urls":{"full":"","thumbnail":"","medium":"","medium_large":"","large":"","1536x1536":"","2048x2048":"","covernews-slider-full":"","covernews-slider-center":"","covernews-featured":"","covernews-medium":"","covernews-medium-square":""},"author_info":{"display_name":"Miguel","author_link":"https:\/\/contextoanalisisperiodistico.com\/index.php\/author\/editor\/"},"category_info":"<a href=\"https:\/\/contextoanalisisperiodistico.com\/index.php\/category\/politica\/\" rel=\"category tag\">Pol\u00edtica<\/a>","tag_info":"Pol\u00edtica","comment_count":"0","jetpack_featured_media_url":"","_links":{"self":[{"href":"https:\/\/contextoanalisisperiodistico.com\/index.php\/wp-json\/wp\/v2\/posts\/6276"}],"collection":[{"href":"https:\/\/contextoanalisisperiodistico.com\/index.php\/wp-json\/wp\/v2\/posts"}],"about":[{"href":"https:\/\/contextoanalisisperiodistico.com\/index.php\/wp-json\/wp\/v2\/types\/post"}],"author":[{"embeddable":true,"href":"https:\/\/contextoanalisisperiodistico.com\/index.php\/wp-json\/wp\/v2\/users\/2"}],"replies":[{"embeddable":true,"href":"https:\/\/contextoanalisisperiodistico.com\/index.php\/wp-json\/wp\/v2\/comments?post=6276"}],"version-history":[{"count":0,"href":"https:\/\/contextoanalisisperiodistico.com\/index.php\/wp-json\/wp\/v2\/posts\/6276\/revisions"}],"wp:featuredmedia":[{"embeddable":true,"href":"https:\/\/contextoanalisisperiodistico.com\/index.php\/wp-json\/"}],"wp:attachment":[{"href":"https:\/\/contextoanalisisperiodistico.com\/index.php\/wp-json\/wp\/v2\/media?parent=6276"}],"wp:term":[{"taxonomy":"category","embeddable":true,"href":"https:\/\/contextoanalisisperiodistico.com\/index.php\/wp-json\/wp\/v2\/categories?post=6276"},{"taxonomy":"post_tag","embeddable":true,"href":"https:\/\/contextoanalisisperiodistico.com\/index.php\/wp-json\/wp\/v2\/tags?post=6276"}],"curies":[{"name":"wp","href":"https:\/\/api.w.org\/{rel}","templated":true}]}}