{"id":6268,"date":"2022-12-14T21:19:35","date_gmt":"2022-12-15T03:19:35","guid":{"rendered":"http:\/\/contextoanalisisperiodistico.com.mx\/?p=6268"},"modified":"2022-12-14T21:19:35","modified_gmt":"2022-12-15T03:19:35","slug":"existen-necesidades-pero-con-el-presidente-martinez-neri-oaxaca-de-juarez-seguira-avanzando-sindica-municipal-nancy-mota-figueroa","status":"publish","type":"post","link":"https:\/\/contextoanalisisperiodistico.com\/index.php\/2022\/12\/14\/existen-necesidades-pero-con-el-presidente-martinez-neri-oaxaca-de-juarez-seguira-avanzando-sindica-municipal-nancy-mota-figueroa\/","title":{"rendered":"\u201cExisten necesidades; pero, con el presidente, Mart\u00ednez Neri, Oaxaca de Ju\u00e1rez seguir\u00e1 avanzando\u201d: Sindica municipal, Nancy Mota Figueroa"},"content":{"rendered":"<div id=\"fb-root\"><\/div>\n\n<p>La Sindica primero del municipio Oaxaca de Ju\u00e1rez, Nancy Mota Figueroa convoc\u00f3 a enfrentar juntos adversidades y comentarios negativos y de mala fe de quienes se pueden sentir afectados por la aplicaci\u00f3n y el cumplimiento de las leyes.<br \/><br \/>En su participaci\u00f3n de esta tarde, en la Sesi\u00f3n Solmene de Cabildo, con motivo del 1\u00b0 Informe Municipal del presidente, Francisco Mart\u00ednez Neri, la representante popular en el gobierno citadino, reconoci\u00f3 estar consciente de la existencia de muchas necesidades, que falta mucho por hacer; sin embargo, asegur\u00f3, \u201ccon el apoyo del Maestro Francisco Mart\u00ednez Neri Oaxaca de Ju\u00e1rez seguir\u00e1 avanzando\u201d.<\/p>\n\n\n\n<p>Al ofrecer un resumen del trabajo de la Sindicatura primera, a lo largo de 2022, reconoci\u00f3 al gobernador de Oaxaca, Salom\u00f3n Jara Cruz, como gran aliado de Oaxaca de Ju\u00e1rez:<\/p>\n\n\n\n<p>\u201cDesde el primero de diciembre ha implementado acciones para que nuestro municipio avance, porque es un hombre sensible ante las necesidades de nuestro Oaxaca; un hombre que ha caminado y conoce las necesidades del estado, por ello, debemos caminar hombro con hombro para que le vaya bien a la ciudadan\u00eda, sobre todo a esa poblaci\u00f3n marginada y necesitada de los servicios b\u00e1sicos para poder tener mejor calidad de vida\u201d.&nbsp;&nbsp;&nbsp;&nbsp;<\/p>\n\n\n\n<p>A continuaci\u00f3n, la informaci\u00f3n de un a\u00f1o de trabajo con pasi\u00f3n y compromiso por Oaxaca de Ju\u00e1rez:<\/p>\n\n\n\n<p>Mtro. Francisco Mart\u00ednez Neri<br \/>Presidente Municipal del Municipio de Oaxaca de Ju\u00e1rez<\/p>\n\n\n\n<p>Concejales y concejalas<\/p>\n\n\n\n<p>Medios de Comunicaci\u00f3n presentes<\/p>\n\n\n\n<p>A la ciudadan\u00eda que nos escucha y p\u00fablico presente.<\/p>\n\n\n\n<p>El primero de enero del presente a\u00f1o asum\u00ed el cargo de Sindica primera cuya funci\u00f3n ha sido vigilar y defender los intereses del municipio, por lo que se inicia con el an\u00e1lisis de cada una de las tareas administrativas y jur\u00eddicas para cumplir con esta funci\u00f3n, todo ello apegado a lo que establece la Ley Org\u00e1nica Municipal del Estado de Oaxaca y el Bando de Polic\u00eda y Gobierno en su art\u00edculo 71 y 57 respectivamente.<\/p>\n\n\n\n<p>Este gobierno municipal atiende con una pol\u00edtica de puertas abiertas, por ello se ha recibido a todos los ciudadanos y ciudadanas que acuden a plantear sus problemas, asesor\u00e1ndoles y dando acompa\u00f1amiento en las diferentes secretarias administrativas que componen este municipio para que se les otorgue atenci\u00f3n.<\/p>\n\n\n\n<p>Se han firmado contratos de diferentes Secretar\u00edas del municipio que ascienden a diversos millones de pesos, para la compra de gasolinas, traslado de residuos s\u00f3lidos, eventos para fomentar el turismo, entre otros. Con relaci\u00f3n a la Direcci\u00f3n de Patrimonio se firmaron contratos con diferentes gasolineras para el suministro de combustible por cincuenta y tres millones novecientos sesenta y nueve mil, 935 pesos con ocho centavos, tambi\u00e9n se firmaron contratos en comodato para el uso gratuito de tres veh\u00edculos.<\/p>\n\n\n\n<p>Con la Secretar\u00eda de Seguridad Ciudadana, Movilidad y Protecci\u00f3n Civil se firmaron contratos para adquirir uniformes completos para los polic\u00edas municipales, viales y personal de protecci\u00f3n civil por la cantidad de nueve millones ciento ochenta mil 950 pesos y 83 centavos.<br \/>Como parte de la comisi\u00f3n de igualdad de g\u00e9nero del municipio de Oaxaca, hemos asistido a las reuniones que son convocadas para atender diversos problemas.<\/p>\n\n\n\n<p>Se ha participado en algunos puntos de acuerdo entre los que se encuentra la instalaci\u00f3n&nbsp; del Sistema Municipal&nbsp; de Protecci\u00f3n Integral de los&nbsp; Derechos&nbsp; de&nbsp; las Ni\u00f1as,&nbsp; Ni\u00f1os&nbsp; y Adolescentes (SIPINNA),&nbsp; conforme a&nbsp; lo&nbsp; dispuesto&nbsp; por&nbsp; el art\u00edculo 118 de Ley de los&nbsp; Derechos&nbsp; de Ni\u00f1as,&nbsp; Ni\u00f1os&nbsp; y Adolescentes&nbsp; del Estado de Oaxaca y aun cuando no se cuenta con presupuesto, se han atendido diversos casos,&nbsp; donde han sido vulnerados los derechos de los ni\u00f1os, ni\u00f1as y adolescentes a quienes se les ha canalizado a las instituciones correspondientes.<\/p>\n\n\n\n<p>Tambi\u00e9n se han establecido relaciones con la Secretaria Ejecutiva de SIPINNA del gobierno del Estado.<\/p>\n\n\n\n<p>Se ha participado en las comisiones de las que formo parte, analizando y proponiendo soluciones para el buen funcionamiento del municipio.<\/p>\n\n\n\n<p>En otro sentido se ha escuchado, atendido y gestionado algunas necesidades que presentan diferentes colonias de nuestras agencias, apoy\u00e1ndoles con recursos del salario que percibo para el pago de maquinaria para el rastreo de sus calles, pipas de agua, pintura, silbatos, trofeos, y apoyo solidario para eventos religiosos y sociales. Tambi\u00e9n me he sumado a los tequios que se realizan en distintas colonias.<\/p>\n\n\n\n<p>Todo lo que he podido resumir en esta sesi\u00f3n se puede consultar de manera m\u00e1s amplia en el informe que entrego por escrito; ya que las actividades que se realizan son varias.<\/p>\n\n\n\n<p>Como representante legal, estoy consciente que hay muchas necesidades en el municipio y que falta mucho por hacer, s\u00e9 que con el apoyo del Mtro. Francisco Mart\u00ednez Neri se seguir\u00e1 avanzando, por lo que refrendo mi compromiso ante ustedes y la ciudadan\u00eda.<\/p>\n\n\n\n<p>Segura estoy que el Ingeniero Salom\u00f3n Jara Cruz, nuestro gobernador constitucional es un gran aliado,&nbsp; que desde el primero de diciembre ha implementado acciones para que nuestro municipio avance, porque es un hombre sensible ante las necesidades de nuestro Oaxaca, es un hombre que ha caminado y conoce las necesidades del estado, por ello debemos caminar hombro con hombro para que le vaya bien a la ciudadan\u00eda, sobre todo a esa poblaci\u00f3n marginada y necesitada de los servicios b\u00e1sicos para poder tener una mejor calidad de vida.<\/p>\n\n\n\n<p>Hoy pues, enfrentemos juntos y juntas las adversidades, los comentarios negativos y de mala fe, sobre todo por quienes se pueden sentir afectados por la aplicaci\u00f3n y el cumplimiento de las leyes.<\/p>\n\n\n\n<p>Una ciudad educadora reivindica lo colectivo y lo p\u00fablico; lo pol\u00edtico y lo \u00e9tico integrando los procesos educativos como elemento comunicativo para potenciar comportamientos de los ciudadanos y ciudadanas para la construcci\u00f3n de la democracia y una sociedad m\u00e1s humana.<\/p>\n\n\n\n<p>Es cuanto, y gracias.<\/p>\n\n\n\n\n\n<figure class=\"wp-block-video\"><video controls src=\"https:\/\/contextoinformacionyanalisisperiodistico.files.wordpress.com\/2022\/12\/320123517_1354787155269727_3282712982308102424_n-1.mp4\"><\/video><\/figure>\n\n\n\n<figure class=\"wp-block-image size-large\"><img decoding=\"async\" src=\"https:\/\/contextoinformacionyanalisisperiodistico.files.wordpress.com\/2022\/12\/clm005755046332547968309220.jpg?w=1024\" alt=\"\" class=\"wp-image-6274\" \/><\/figure>\n","protected":false},"excerpt":{"rendered":"<p>La Sindica primero del municipio Oaxaca de Ju\u00e1rez, Nancy Mota Figueroa convoc\u00f3 a enfrentar juntos&#8230;<\/p>\n","protected":false},"author":2,"featured_media":6271,"comment_status":"open","ping_status":"open","sticky":false,"template":"","format":"standard","meta":{"footnotes":""},"categories":[9],"tags":[],"jetpack_sharing_enabled":true,"featured_image_urls":{"full":"","thumbnail":"","medium":"","medium_large":"","large":"","1536x1536":"","2048x2048":"","covernews-slider-full":"","covernews-slider-center":"","covernews-featured":"","covernews-medium":"","covernews-medium-square":""},"author_info":{"display_name":"Miguel","author_link":"https:\/\/contextoanalisisperiodistico.com\/index.php\/author\/editor\/"},"category_info":"<a href=\"https:\/\/contextoanalisisperiodistico.com\/index.php\/category\/politica\/\" rel=\"category tag\">Pol\u00edtica<\/a>","tag_info":"Pol\u00edtica","comment_count":"0","jetpack_featured_media_url":"","_links":{"self":[{"href":"https:\/\/contextoanalisisperiodistico.com\/index.php\/wp-json\/wp\/v2\/posts\/6268"}],"collection":[{"href":"https:\/\/contextoanalisisperiodistico.com\/index.php\/wp-json\/wp\/v2\/posts"}],"about":[{"href":"https:\/\/contextoanalisisperiodistico.com\/index.php\/wp-json\/wp\/v2\/types\/post"}],"author":[{"embeddable":true,"href":"https:\/\/contextoanalisisperiodistico.com\/index.php\/wp-json\/wp\/v2\/users\/2"}],"replies":[{"embeddable":true,"href":"https:\/\/contextoanalisisperiodistico.com\/index.php\/wp-json\/wp\/v2\/comments?post=6268"}],"version-history":[{"count":0,"href":"https:\/\/contextoanalisisperiodistico.com\/index.php\/wp-json\/wp\/v2\/posts\/6268\/revisions"}],"wp:featuredmedia":[{"embeddable":true,"href":"https:\/\/contextoanalisisperiodistico.com\/index.php\/wp-json\/"}],"wp:attachment":[{"href":"https:\/\/contextoanalisisperiodistico.com\/index.php\/wp-json\/wp\/v2\/media?parent=6268"}],"wp:term":[{"taxonomy":"category","embeddable":true,"href":"https:\/\/contextoanalisisperiodistico.com\/index.php\/wp-json\/wp\/v2\/categories?post=6268"},{"taxonomy":"post_tag","embeddable":true,"href":"https:\/\/contextoanalisisperiodistico.com\/index.php\/wp-json\/wp\/v2\/tags?post=6268"}],"curies":[{"name":"wp","href":"https:\/\/api.w.org\/{rel}","templated":true}]}}