{"id":6258,"date":"2022-12-14T15:02:38","date_gmt":"2022-12-14T21:02:38","guid":{"rendered":"http:\/\/contextoanalisisperiodistico.com.mx\/?p=6258"},"modified":"2022-12-14T15:02:38","modified_gmt":"2022-12-14T21:02:38","slug":"sera-removido-el-funcionario-del-ieepo-que-desatienda-su-responsabilidad-emilio-montero-perez","status":"publish","type":"post","link":"https:\/\/contextoanalisisperiodistico.com\/index.php\/2022\/12\/14\/sera-removido-el-funcionario-del-ieepo-que-desatienda-su-responsabilidad-emilio-montero-perez\/","title":{"rendered":"\u00abSer\u00e1 removido el funcionario del #IEEPO que desatienda su responsabilidad\u00bb: Emilio Montero P\u00e9rez"},"content":{"rendered":"<div id=\"fb-root\"><\/div>\n\n<p>Oaxaca de Ju\u00e1rez, Oax.-\u00abNo podemos fallarle a la gente, tenemos la obligaci\u00f3n de hacer realidad el cambio anunciado por nuestro gobernador #SalomonJaraCruz\u00bb, se\u00f1al\u00f3 este mi\u00e9rcoles el director general del Instituto Estatal de Educaci\u00f3n P\u00fablica de Oaxaca (IEEPO), Emilio Montero P\u00e9rez.<\/p>\n\n\n\n<p>Tenemos enfrente un gran reto al cual responder, y es enderezar el rumbo de este organismo, esa es la encomienda, expres\u00f3, al tiempo de advertir que cualquier funcionario que no cumpla con su tarea, por desviar su inter\u00e9s hacia labores ajenas al Instituto o por desatenci\u00f3n en su \u00e1rea, ser\u00e1 removido de su cargo.<\/p>\n\n\n\n<p>Agreg\u00f3 que el equipo integrado para conducir las diferentes \u00e1reas del IEEPO sabe que viene a poner todo de su parte, sin escatimar tiempo ni esfuerzo; no vienen a ocupar oficinas con poses de fantocher\u00eda, con actitudes de prepotencia ni de simulaci\u00f3n.<\/p>\n\n\n\n<p>El magisterio y el personal de apoyo han demandado siempre la atenci\u00f3n necesaria, en oficinas que est\u00e1n para servirle; los padres y madres de familia desean ver que ahora s\u00ed se atienda a las escuelas, y a eso venimos, enuncia con firmeza.<\/p>\n\n\n\n<p>Para Emilio Montero, no asumir ese compromiso con responsabilidad, lealtad y eficacia, es fallarle a Salom\u00f3n Jara y su proyecto de gobierno, eso significa fallarle a la educaci\u00f3n.<\/p>\n\n\n\n<p>\u201cy eso no va a suceder\u201d, asegura.<\/p>\n\n\n\n<figure class=\"wp-block-image size-large\"><img decoding=\"async\" src=\"https:\/\/contextoinformacionyanalisisperiodistico.files.wordpress.com\/2022\/12\/fb_img_16710510824045021711096260648704.jpg?w=720\" alt=\"\" class=\"wp-image-6260\" \/><\/figure>\n","protected":false},"excerpt":{"rendered":"<p>Oaxaca de Ju\u00e1rez, Oax.-\u00abNo podemos fallarle a la gente, tenemos la obligaci\u00f3n de hacer realidad&#8230;<\/p>\n","protected":false},"author":2,"featured_media":6259,"comment_status":"open","ping_status":"open","sticky":false,"template":"","format":"standard","meta":{"footnotes":""},"categories":[9],"tags":[],"jetpack_sharing_enabled":true,"featured_image_urls":{"full":"","thumbnail":"","medium":"","medium_large":"","large":"","1536x1536":"","2048x2048":"","covernews-slider-full":"","covernews-slider-center":"","covernews-featured":"","covernews-medium":"","covernews-medium-square":""},"author_info":{"display_name":"Miguel","author_link":"https:\/\/contextoanalisisperiodistico.com\/index.php\/author\/editor\/"},"category_info":"<a href=\"https:\/\/contextoanalisisperiodistico.com\/index.php\/category\/politica\/\" rel=\"category tag\">Pol\u00edtica<\/a>","tag_info":"Pol\u00edtica","comment_count":"0","jetpack_featured_media_url":"","_links":{"self":[{"href":"https:\/\/contextoanalisisperiodistico.com\/index.php\/wp-json\/wp\/v2\/posts\/6258"}],"collection":[{"href":"https:\/\/contextoanalisisperiodistico.com\/index.php\/wp-json\/wp\/v2\/posts"}],"about":[{"href":"https:\/\/contextoanalisisperiodistico.com\/index.php\/wp-json\/wp\/v2\/types\/post"}],"author":[{"embeddable":true,"href":"https:\/\/contextoanalisisperiodistico.com\/index.php\/wp-json\/wp\/v2\/users\/2"}],"replies":[{"embeddable":true,"href":"https:\/\/contextoanalisisperiodistico.com\/index.php\/wp-json\/wp\/v2\/comments?post=6258"}],"version-history":[{"count":0,"href":"https:\/\/contextoanalisisperiodistico.com\/index.php\/wp-json\/wp\/v2\/posts\/6258\/revisions"}],"wp:featuredmedia":[{"embeddable":true,"href":"https:\/\/contextoanalisisperiodistico.com\/index.php\/wp-json\/"}],"wp:attachment":[{"href":"https:\/\/contextoanalisisperiodistico.com\/index.php\/wp-json\/wp\/v2\/media?parent=6258"}],"wp:term":[{"taxonomy":"category","embeddable":true,"href":"https:\/\/contextoanalisisperiodistico.com\/index.php\/wp-json\/wp\/v2\/categories?post=6258"},{"taxonomy":"post_tag","embeddable":true,"href":"https:\/\/contextoanalisisperiodistico.com\/index.php\/wp-json\/wp\/v2\/tags?post=6258"}],"curies":[{"name":"wp","href":"https:\/\/api.w.org\/{rel}","templated":true}]}}