{"id":6256,"date":"2022-12-14T14:35:09","date_gmt":"2022-12-14T20:35:09","guid":{"rendered":"http:\/\/contextoanalisisperiodistico.com.mx\/?p=6256"},"modified":"2022-12-14T14:35:09","modified_gmt":"2022-12-14T20:35:09","slug":"la-magia-de-las-fiestas-decembrinas-llega-a-las-casas-hogar-del-dif-estatal","status":"publish","type":"post","link":"https:\/\/contextoanalisisperiodistico.com\/index.php\/2022\/12\/14\/la-magia-de-las-fiestas-decembrinas-llega-a-las-casas-hogar-del-dif-estatal\/","title":{"rendered":"La magia de las fiestas decembrinas llega a las casas hogar del DIF estatal"},"content":{"rendered":"<div id=\"fb-root\"><\/div>\n\n<ul>\n<li><em>Irma Bola\u00f1os Quijano, presidenta honoraria de este organismo asistencial encendi\u00f3 el \u00e1rbol de Navidad con apoyo de un joven residente, como s\u00edmbolo de unidad, fraternidad y esperanza<\/em><\/li>\n<\/ul>\n\n\n\n<ul>\n<li><em>Celebra este primer acercamiento de convivencia con las ni\u00f1as, ni\u00f1os y j\u00f3venes que habitan en este espacio<\/em><\/li>\n<\/ul>\n\n\n\n<p><strong>Oaxaca de Ju\u00e1rez, Oax. 14 de diciembre de 2022<\/strong>.- La esperanza, unidad y fraternidad de las fiestas decembrinas lleg\u00f3 a las casas hogar del Sistema para el Desarrollo Integral de la Familia (DIF) de Oaxaca, con el encendido del \u00e1rbol y la colocaci\u00f3n de adornos alusivos a esta \u00e9poca del a\u00f1o, por parte del personal y directivos de esta instituci\u00f3n que est\u00e1 representada por Irma Bola\u00f1os Quijano, presidenta honoraria del organismo de asistencia social.<\/p>\n\n\n\n<p>La interpretaci\u00f3n de villancicos y la representaci\u00f3n conmemorativa del adorno del \u00e1rbol de Navidad, fueron las actividades que compartieron con el p\u00fablico las y los j\u00f3venes residentes de las casas hogar.<\/p>\n\n\n\n<p>En un ambiente de amor y alegr\u00eda que se transmit\u00eda en este evento, Irma Bola\u00f1os Quijano, presidenta honoraria del Sistema DIF Oaxaca, celebr\u00f3 este primer acercamiento en el que prevalecen sentimientos como el amor y la alegr\u00eda por fomentar las tradiciones. \u201cQuiero que sepan que estar\u00e9 muy cerca de ustedes para atender con oportunidad cada una de sus necesidades; les estar\u00e9 visitando de manera continua, pues estoy comprometida con su bienestar y el de todas las ni\u00f1as y ni\u00f1os de Oaxaca\u201d, les reiter\u00f3 a las y los residentes.<\/p>\n\n\n\n<p>En el marco de este festejo, en el que se degustaron alimentos que se comparten en estas celebraciones como pasteles y antojitos regionales, as\u00ed como el tradicional ponche de frutas, Maribel Salinas Velasco, directora General del DIF Estatal, declar\u00f3 que esta convivencia se realiz\u00f3 con el af\u00e1n de vivir y cultivar las tradiciones, y encender el \u00e1rbol que durante este mes ornamentar\u00e1 este espacio, con la finalidad de que quienes habitan en ese lugar puedan sentir el esp\u00edritu de reconciliaci\u00f3n, unidad y amor que representa la Navidad.<\/p>\n\n\n\n<p>\u201cQuienes estamos en el servicio p\u00fablico, estas fechas nos invitan a reflexionar en cuanto al verdadero sentido de la vida, que es la atenci\u00f3n a quienes menos tienen, siempre trabajando desde abajo con humildad y dedicaci\u00f3n\u201d, enunci\u00f3 ante la base trabajadora.<\/p>\n\n\n\n<p>Al dirigir su mensaje, Araceli Josefina Z\u00e1rate Mart\u00ednez, procuradora estatal de los Derechos de las Ni\u00f1as, Ni\u00f1os y Adolescentes del Estado de Oaxaca, manifest\u00f3 que compartir tiempo y dedicaci\u00f3n con las y los residentes de las casas hogar, les permite conservar momentos agradables en su memoria y en su vida. \u201cDeseo que este \u00e1rbol de Navidad funja como un s\u00edmbolo de gu\u00eda para la nueva administraci\u00f3n estatal en favor de las personas en situaci\u00f3n de vulnerabilidad\u201d, agreg\u00f3.<\/p>\n\n\n\n<p>En toda la fachada de las casas hogar, el personal coloc\u00f3 con paciencia y dedicaci\u00f3n, las luces y adornos multicolores, distintivos de esta \u00e9poca del a\u00f1o, en la que se expresan los valores y sentimientos que poseemos los seres humanos.<\/p>\n\n\n\n<figure class=\"wp-block-image size-large\"><img decoding=\"async\" src=\"https:\/\/contextoinformacionyanalisisperiodistico.files.wordpress.com\/2022\/12\/img-20221214-wa00176305986421029089914.jpg?w=1024\" alt=\"\" class=\"wp-image-6254\" \/><\/figure>\n\n\n\n<figure class=\"wp-block-image\"><img decoding=\"async\" src=\"https:\/\/contextoinformacionyanalisisperiodistico.files.wordpress.com\/2022\/12\/img-20221214-wa00188067077307508190720.jpg?w=1024\" alt=\"\" class=\"wp-image-6255\" \/><\/figure>\n","protected":false},"excerpt":{"rendered":"<p>Oaxaca de Ju\u00e1rez, Oax. 14 de diciembre de 2022.- La esperanza, unidad y fraternidad de&#8230;<\/p>\n","protected":false},"author":2,"featured_media":6253,"comment_status":"open","ping_status":"open","sticky":false,"template":"","format":"standard","meta":{"footnotes":""},"categories":[9],"tags":[],"jetpack_sharing_enabled":true,"featured_image_urls":{"full":"","thumbnail":"","medium":"","medium_large":"","large":"","1536x1536":"","2048x2048":"","covernews-slider-full":"","covernews-slider-center":"","covernews-featured":"","covernews-medium":"","covernews-medium-square":""},"author_info":{"display_name":"Miguel","author_link":"https:\/\/contextoanalisisperiodistico.com\/index.php\/author\/editor\/"},"category_info":"<a href=\"https:\/\/contextoanalisisperiodistico.com\/index.php\/category\/politica\/\" rel=\"category tag\">Pol\u00edtica<\/a>","tag_info":"Pol\u00edtica","comment_count":"0","jetpack_featured_media_url":"","_links":{"self":[{"href":"https:\/\/contextoanalisisperiodistico.com\/index.php\/wp-json\/wp\/v2\/posts\/6256"}],"collection":[{"href":"https:\/\/contextoanalisisperiodistico.com\/index.php\/wp-json\/wp\/v2\/posts"}],"about":[{"href":"https:\/\/contextoanalisisperiodistico.com\/index.php\/wp-json\/wp\/v2\/types\/post"}],"author":[{"embeddable":true,"href":"https:\/\/contextoanalisisperiodistico.com\/index.php\/wp-json\/wp\/v2\/users\/2"}],"replies":[{"embeddable":true,"href":"https:\/\/contextoanalisisperiodistico.com\/index.php\/wp-json\/wp\/v2\/comments?post=6256"}],"version-history":[{"count":0,"href":"https:\/\/contextoanalisisperiodistico.com\/index.php\/wp-json\/wp\/v2\/posts\/6256\/revisions"}],"wp:featuredmedia":[{"embeddable":true,"href":"https:\/\/contextoanalisisperiodistico.com\/index.php\/wp-json\/"}],"wp:attachment":[{"href":"https:\/\/contextoanalisisperiodistico.com\/index.php\/wp-json\/wp\/v2\/media?parent=6256"}],"wp:term":[{"taxonomy":"category","embeddable":true,"href":"https:\/\/contextoanalisisperiodistico.com\/index.php\/wp-json\/wp\/v2\/categories?post=6256"},{"taxonomy":"post_tag","embeddable":true,"href":"https:\/\/contextoanalisisperiodistico.com\/index.php\/wp-json\/wp\/v2\/tags?post=6256"}],"curies":[{"name":"wp","href":"https:\/\/api.w.org\/{rel}","templated":true}]}}