{"id":6247,"date":"2022-12-14T09:42:29","date_gmt":"2022-12-14T15:42:29","guid":{"rendered":"http:\/\/contextoanalisisperiodistico.com.mx\/?p=6247"},"modified":"2022-12-14T09:42:29","modified_gmt":"2022-12-14T15:42:29","slug":"gobierno-de-oaxaca-mantiene-activa-vigilancia-epidemiologica-por-viruela-simica","status":"publish","type":"post","link":"https:\/\/contextoanalisisperiodistico.com\/index.php\/2022\/12\/14\/gobierno-de-oaxaca-mantiene-activa-vigilancia-epidemiologica-por-viruela-simica\/","title":{"rendered":"Gobierno de Oaxaca mantiene activa vigilancia epidemiol\u00f3gica por Viruela S\u00edmica"},"content":{"rendered":"<div id=\"fb-root\"><\/div>\n\n<ul>\n<li><em>Los Servicios de Salud de Oaxaca sin reporte de defunciones por esta enfermedad<\/em><\/li>\n<\/ul>\n\n\n\n<p><strong>Oaxaca de Ju\u00e1rez, Oax.,14 de diciembre de 2022.-<\/strong>&nbsp;El Gobierno del Estado a trav\u00e9s de los Servicios de Salud de Oaxaca (SSO), mantiene activo los protocolos de seguridad para la vigilancia epidemiol\u00f3gica de la enfermedad de Viruela S\u00edmica (Monkeypox), a fin de detectar de manera oportuna a los pacientes y brindarles una atenci\u00f3n integral y humanista.<\/p>\n\n\n\n<p>La dependencia estatal inform\u00f3 que, a trav\u00e9s de la Direcci\u00f3n de Promoci\u00f3n y Prevenci\u00f3n de la Salud, a la fecha se tiene el reporte de 12 casos confirmados de la patolog\u00eda y, hasta el momento, no se han registrado defunciones asociadas al virus.<\/p>\n\n\n\n<p>Del total de los casos positivos, 11 corresponden a la Jurisdicci\u00f3n Sanitaria Uno \u201cValles Centrales\u201d, y uno a la Jurisdicci\u00f3n Sanitaria Cuatro \u201cCosta\u201d. El grupo de edad m\u00e1s afectado es el de 30 a 39 a\u00f1os de edad, con seis casos.<\/p>\n\n\n\n<p>La Secretar\u00eda de Salud mantiene a las unidades de primer contacto en permanente alerta para la identificaci\u00f3n oportuna del padecimiento, atenci\u00f3n de pacientes sospechosos, toma de muestras y, en caso necesario, llevar a cabo las referencias a hospitales de segundo y tercer nivel de atenci\u00f3n.<\/p>\n\n\n\n<p>La dependencia inform\u00f3 que esta enfermedad se transmite por contacto directo con las secreciones de una persona enferma, a trav\u00e9s de mucosas o lesiones de la piel, got\u00edculas respiratorias y objetos contaminados con l\u00edquidos corporales.<\/p>\n\n\n\n<p>Por ello, exhort\u00f3 que ante cualquier s\u00edntoma como: fiebre superior a los 38 grados, dolor de cabeza y muscular, inflamaci\u00f3n de ganglios y erupciones en la piel que se extienden por todo el cuerpo, se acuda de manera inmediata a la unidad m\u00e9dica m\u00e1s cercana.<\/p>\n","protected":false},"excerpt":{"rendered":"<p>Oaxaca de Ju\u00e1rez, Oax.,14 de diciembre de 2022.-&nbsp;El Gobierno del Estado a trav\u00e9s de los&#8230;<\/p>\n","protected":false},"author":2,"featured_media":6246,"comment_status":"open","ping_status":"open","sticky":false,"template":"","format":"standard","meta":{"footnotes":""},"categories":[9],"tags":[],"jetpack_sharing_enabled":true,"featured_image_urls":{"full":"","thumbnail":"","medium":"","medium_large":"","large":"","1536x1536":"","2048x2048":"","covernews-slider-full":"","covernews-slider-center":"","covernews-featured":"","covernews-medium":"","covernews-medium-square":""},"author_info":{"display_name":"Miguel","author_link":"https:\/\/contextoanalisisperiodistico.com\/index.php\/author\/editor\/"},"category_info":"<a href=\"https:\/\/contextoanalisisperiodistico.com\/index.php\/category\/politica\/\" rel=\"category tag\">Pol\u00edtica<\/a>","tag_info":"Pol\u00edtica","comment_count":"0","jetpack_featured_media_url":"","_links":{"self":[{"href":"https:\/\/contextoanalisisperiodistico.com\/index.php\/wp-json\/wp\/v2\/posts\/6247"}],"collection":[{"href":"https:\/\/contextoanalisisperiodistico.com\/index.php\/wp-json\/wp\/v2\/posts"}],"about":[{"href":"https:\/\/contextoanalisisperiodistico.com\/index.php\/wp-json\/wp\/v2\/types\/post"}],"author":[{"embeddable":true,"href":"https:\/\/contextoanalisisperiodistico.com\/index.php\/wp-json\/wp\/v2\/users\/2"}],"replies":[{"embeddable":true,"href":"https:\/\/contextoanalisisperiodistico.com\/index.php\/wp-json\/wp\/v2\/comments?post=6247"}],"version-history":[{"count":0,"href":"https:\/\/contextoanalisisperiodistico.com\/index.php\/wp-json\/wp\/v2\/posts\/6247\/revisions"}],"wp:featuredmedia":[{"embeddable":true,"href":"https:\/\/contextoanalisisperiodistico.com\/index.php\/wp-json\/"}],"wp:attachment":[{"href":"https:\/\/contextoanalisisperiodistico.com\/index.php\/wp-json\/wp\/v2\/media?parent=6247"}],"wp:term":[{"taxonomy":"category","embeddable":true,"href":"https:\/\/contextoanalisisperiodistico.com\/index.php\/wp-json\/wp\/v2\/categories?post=6247"},{"taxonomy":"post_tag","embeddable":true,"href":"https:\/\/contextoanalisisperiodistico.com\/index.php\/wp-json\/wp\/v2\/tags?post=6247"}],"curies":[{"name":"wp","href":"https:\/\/api.w.org\/{rel}","templated":true}]}}