{"id":6129,"date":"2022-12-10T10:55:30","date_gmt":"2022-12-10T16:55:30","guid":{"rendered":"http:\/\/contextoanalisisperiodistico.com.mx\/?p=6129"},"modified":"2022-12-10T10:55:30","modified_gmt":"2022-12-10T16:55:30","slug":"gobernador-jara-y-edil-neri-verifican-que-en-optimas-condiciones-se-mantenga-el-centro-historico","status":"publish","type":"post","link":"https:\/\/contextoanalisisperiodistico.com\/index.php\/2022\/12\/10\/gobernador-jara-y-edil-neri-verifican-que-en-optimas-condiciones-se-mantenga-el-centro-historico\/","title":{"rendered":"Gobernador Jara y edil Neri verifican que en \u00f3ptimas condiciones se mantenga el Centro Hist\u00f3rico"},"content":{"rendered":"<div id=\"fb-root\"><\/div>\n\n<p>Esta ma\u00f1ana, el gobernador Salom\u00f3n Jara Cruz, acompa\u00f1ado del presidente municipal de Oaxaca de Ju\u00e1rez, Francisco Mart\u00ednez Neri, realizaron un recorrido por el Z\u00f3calo y el Andador Tur\u00edstico, con el fin de verificar que nuestro Centro Hist\u00f3rico se encuentre en \u00f3pticas condiciones para las y los oaxaque\u00f1os.<\/p>\n\n\n\n<p>Todas y todos construimos el Nuevo Pacto Social para la Convivencia Pac\u00edfica y Segura. <\/p>\n\n\n\n<figure class=\"wp-block-image size-large\"><img decoding=\"async\" src=\"https:\/\/contextoinformacionyanalisisperiodistico.files.wordpress.com\/2022\/12\/fb_img_1670689454050593971325254012115.jpg?w=720\" alt=\"\" class=\"wp-image-6134\" \/><\/figure>\n\n\n\n<figure class=\"wp-block-image\"><img decoding=\"async\" src=\"https:\/\/contextoinformacionyanalisisperiodistico.files.wordpress.com\/2022\/12\/fb_img_16706894633048640753123114218556.jpg?w=720\" alt=\"\" class=\"wp-image-6135\" \/><\/figure>\n\n\n\n<figure class=\"wp-block-image\"><img decoding=\"async\" src=\"https:\/\/contextoinformacionyanalisisperiodistico.files.wordpress.com\/2022\/12\/fb_img_16706894582772465270102054303662.jpg?w=720\" alt=\"\" class=\"wp-image-6136\" \/><\/figure>\n","protected":false},"excerpt":{"rendered":"<p>Esta ma\u00f1ana, el gobernador Salom\u00f3n Jara Cruz, acompa\u00f1ado del presidente municipal de Oaxaca de Ju\u00e1rez,&#8230;<\/p>\n","protected":false},"author":2,"featured_media":6133,"comment_status":"open","ping_status":"open","sticky":false,"template":"","format":"standard","meta":{"footnotes":""},"categories":[9],"tags":[],"jetpack_sharing_enabled":true,"featured_image_urls":{"full":"","thumbnail":"","medium":"","medium_large":"","large":"","1536x1536":"","2048x2048":"","covernews-slider-full":"","covernews-slider-center":"","covernews-featured":"","covernews-medium":"","covernews-medium-square":""},"author_info":{"display_name":"Miguel","author_link":"https:\/\/contextoanalisisperiodistico.com\/index.php\/author\/editor\/"},"category_info":"<a href=\"https:\/\/contextoanalisisperiodistico.com\/index.php\/category\/politica\/\" rel=\"category tag\">Pol\u00edtica<\/a>","tag_info":"Pol\u00edtica","comment_count":"0","jetpack_featured_media_url":"","_links":{"self":[{"href":"https:\/\/contextoanalisisperiodistico.com\/index.php\/wp-json\/wp\/v2\/posts\/6129"}],"collection":[{"href":"https:\/\/contextoanalisisperiodistico.com\/index.php\/wp-json\/wp\/v2\/posts"}],"about":[{"href":"https:\/\/contextoanalisisperiodistico.com\/index.php\/wp-json\/wp\/v2\/types\/post"}],"author":[{"embeddable":true,"href":"https:\/\/contextoanalisisperiodistico.com\/index.php\/wp-json\/wp\/v2\/users\/2"}],"replies":[{"embeddable":true,"href":"https:\/\/contextoanalisisperiodistico.com\/index.php\/wp-json\/wp\/v2\/comments?post=6129"}],"version-history":[{"count":0,"href":"https:\/\/contextoanalisisperiodistico.com\/index.php\/wp-json\/wp\/v2\/posts\/6129\/revisions"}],"wp:featuredmedia":[{"embeddable":true,"href":"https:\/\/contextoanalisisperiodistico.com\/index.php\/wp-json\/"}],"wp:attachment":[{"href":"https:\/\/contextoanalisisperiodistico.com\/index.php\/wp-json\/wp\/v2\/media?parent=6129"}],"wp:term":[{"taxonomy":"category","embeddable":true,"href":"https:\/\/contextoanalisisperiodistico.com\/index.php\/wp-json\/wp\/v2\/categories?post=6129"},{"taxonomy":"post_tag","embeddable":true,"href":"https:\/\/contextoanalisisperiodistico.com\/index.php\/wp-json\/wp\/v2\/tags?post=6129"}],"curies":[{"name":"wp","href":"https:\/\/api.w.org\/{rel}","templated":true}]}}