{"id":6112,"date":"2022-12-09T19:21:38","date_gmt":"2022-12-10T01:21:38","guid":{"rendered":"http:\/\/contextoanalisisperiodistico.com.mx\/?p=6112"},"modified":"2022-12-09T19:21:38","modified_gmt":"2022-12-10T01:21:38","slug":"abre-sus-puertas-congreso-a-jovenes-universitarios","status":"publish","type":"post","link":"https:\/\/contextoanalisisperiodistico.com\/index.php\/2022\/12\/09\/abre-sus-puertas-congreso-a-jovenes-universitarios\/","title":{"rendered":"Abre sus puertas Congreso a j\u00f3venes universitarios"},"content":{"rendered":"<div id=\"fb-root\"><\/div>\n\n<p>Alumnos de las licenciaturas en Ciencias Pol\u00edticas y Derecho conocieron las etapas del proceso legislativo<\/p>\n\n\n\n<p>&nbsp;<\/p>\n\n\n\n<p><strong>San Raymundo Jalpan, Oax. 9 de diciembre de 2022.-<\/strong>&nbsp;Con una pl\u00e1tica impartida por el maestro Lenin Jim\u00e9nez Hern\u00e1ndez sobre c\u00f3mo se realiza el proceso legislativo en el Congreso, 50 estudiantes de la Universidad Jos\u00e9 Vasconcelos y la Red de Escuelas Universitarias del Sureste conocieron el trabajo que realizan las y los diputados.<\/p>\n\n\n\n<p>&nbsp;<\/p>\n\n\n\n<p>El congresista Luis Alfonso Silva Romo, presidente de la Junta de Coordinaci\u00f3n Pol\u00edtica (Jucopo), dio la bienvenida a los j\u00f3venes a la \u201ccasa del pueblo\u201d y los alent\u00f3 a conocer el lugar donde se discuten las leyes y se trabaja en favor de la soberan\u00eda.<\/p>\n\n\n\n<p>&nbsp;<\/p>\n\n\n\n<p>Por su parte, la diputada Juana Aguilar Espinoza, presidenta de la Comisi\u00f3n Permanente de Educaci\u00f3n, dese\u00f3 a los j\u00f3venes que la experiencia de estar en el Congreso les dejara un amplio aprendizaje, conocimiento y amor por la vocaci\u00f3n.<\/p>\n\n\n\n<p>&nbsp;<\/p>\n\n\n\n<p>Las y los j\u00f3venes, quienes acudieron por invitaci\u00f3n de la legisladora Leticia Socorro Collado Soto, agradecieron a la congresista su apertura para recibirlos en las instalaciones del Congreso de Oaxaca, adem\u00e1s de pedirle a las y los diputados, crear leyes para procurar una sociedad justa y equilibrada.<\/p>\n\n\n\n<p>&nbsp;<\/p>\n\n\n\n<p>Durante esta charla, tambi\u00e9n estuvieron presentes las diputadas Miriam de los \u00c1ngeles V\u00e1zquez Ruiz, Gabriela P\u00e9rez L\u00f3pez, Reyna Victoria Jim\u00e9nez Cervantes, Hayde\u00e9 Reyes Soto, Clelia Toledo Bernal y X\u00f3chitl Jazm\u00edn Vel\u00e1zquez V\u00e1squez.<\/p>\n\n\n\n<figure class=\"wp-block-image size-large\"><img decoding=\"async\" src=\"https:\/\/contextoinformacionyanalisisperiodistico.files.wordpress.com\/2022\/12\/foto2_abresuspuertascongresoajc3b3venesestudiantes9051182379208324953..jpg?w=1024\" alt=\"\" class=\"wp-image-6111\" \/><\/figure>\n\n\n\n<figure class=\"wp-block-image\"><img decoding=\"async\" src=\"https:\/\/contextoinformacionyanalisisperiodistico.files.wordpress.com\/2022\/12\/foto1_abresuspuertascongresoajc3b3venesestudiantes282054471128278285..jpg?w=1024\" alt=\"\" class=\"wp-image-6110\" \/><\/figure>\n","protected":false},"excerpt":{"rendered":"<p>Alumnos de las licenciaturas en Ciencias Pol\u00edticas y Derecho conocieron las etapas del proceso legislativo&#8230;<\/p>\n","protected":false},"author":2,"featured_media":6109,"comment_status":"open","ping_status":"open","sticky":false,"template":"","format":"standard","meta":{"footnotes":""},"categories":[6],"tags":[],"jetpack_sharing_enabled":true,"featured_image_urls":{"full":"","thumbnail":"","medium":"","medium_large":"","large":"","1536x1536":"","2048x2048":"","covernews-slider-full":"","covernews-slider-center":"","covernews-featured":"","covernews-medium":"","covernews-medium-square":""},"author_info":{"display_name":"Miguel","author_link":"https:\/\/contextoanalisisperiodistico.com\/index.php\/author\/editor\/"},"category_info":"<a href=\"https:\/\/contextoanalisisperiodistico.com\/index.php\/category\/legislatura\/\" rel=\"category tag\">Legislatura<\/a>","tag_info":"Legislatura","comment_count":"0","jetpack_featured_media_url":"","_links":{"self":[{"href":"https:\/\/contextoanalisisperiodistico.com\/index.php\/wp-json\/wp\/v2\/posts\/6112"}],"collection":[{"href":"https:\/\/contextoanalisisperiodistico.com\/index.php\/wp-json\/wp\/v2\/posts"}],"about":[{"href":"https:\/\/contextoanalisisperiodistico.com\/index.php\/wp-json\/wp\/v2\/types\/post"}],"author":[{"embeddable":true,"href":"https:\/\/contextoanalisisperiodistico.com\/index.php\/wp-json\/wp\/v2\/users\/2"}],"replies":[{"embeddable":true,"href":"https:\/\/contextoanalisisperiodistico.com\/index.php\/wp-json\/wp\/v2\/comments?post=6112"}],"version-history":[{"count":0,"href":"https:\/\/contextoanalisisperiodistico.com\/index.php\/wp-json\/wp\/v2\/posts\/6112\/revisions"}],"wp:featuredmedia":[{"embeddable":true,"href":"https:\/\/contextoanalisisperiodistico.com\/index.php\/wp-json\/"}],"wp:attachment":[{"href":"https:\/\/contextoanalisisperiodistico.com\/index.php\/wp-json\/wp\/v2\/media?parent=6112"}],"wp:term":[{"taxonomy":"category","embeddable":true,"href":"https:\/\/contextoanalisisperiodistico.com\/index.php\/wp-json\/wp\/v2\/categories?post=6112"},{"taxonomy":"post_tag","embeddable":true,"href":"https:\/\/contextoanalisisperiodistico.com\/index.php\/wp-json\/wp\/v2\/tags?post=6112"}],"curies":[{"name":"wp","href":"https:\/\/api.w.org\/{rel}","templated":true}]}}