{"id":5994,"date":"2022-12-06T22:02:12","date_gmt":"2022-12-07T04:02:12","guid":{"rendered":"http:\/\/contextoanalisisperiodistico.com.mx\/?p=5994"},"modified":"2022-12-06T22:02:12","modified_gmt":"2022-12-07T04:02:12","slug":"al-pueblo-de-oaxaca-no-se-le-puede-fallar-irma-bolanos-quijano","status":"publish","type":"post","link":"https:\/\/contextoanalisisperiodistico.com\/index.php\/2022\/12\/06\/al-pueblo-de-oaxaca-no-se-le-puede-fallar-irma-bolanos-quijano\/","title":{"rendered":"\u00abAl pueblo de Oaxaca no se le puede fallar\u00bb: Irma Bola\u00f1os Quijano"},"content":{"rendered":"<div id=\"fb-root\"><\/div>\n\n<p>\u2022 Presenta DIF estructura directiva oficial<\/p>\n\n\n\n<p>\u2022La Presidenta Honoraria del Sistema DIF Oaxaca exhort\u00f3 a sus colaboradores  desempe\u00f1arse con honorabilidad, responsabilidad y profunda vocaci\u00f3n de servicio <\/p>\n\n\n\n<p>Oaxaca de Ju\u00e1rez, Oax., 06 de diciembre de 2022.- El Sistema para el Desarrollo Integral de la Familia (DIF) del estado de Oaxaca, que preside Irma Bola\u00f1os Quijano llev\u00f3 a cabo este d\u00eda la presentaci\u00f3n oficial de la estructura directiva que conformar\u00e1 esta noble instituci\u00f3n de asistencia social.<\/p>\n\n\n\n<p>Durante el evento, en donde acudi\u00f3 la presidenta honoraria del organismo asistencial, destac\u00f3 que todo el equipo de trabajo que se suma a la familia DIF, tiene la encomienda de trabajar con honorabilidad, responsabilidad, generosidad, profunda vocaci\u00f3n de servicio y humildad.<\/p>\n\n\n\n<p>Se\u00f1al\u00f3 que cuando las ganas de ayudar se unen, es posible hacer un cambio profundo que impacte positivamente en beneficio de la gente que m\u00e1s lo necesita.<\/p>\n\n\n\n<p>\u201cEl nuevo DIF ser\u00e1 cercano a la gente, justo y honesto. En equipo recorreremos cada comunidad, escucharemos y daremos resultados a las personas m\u00e1s desprotegidas, no seremos de escritorio, porque con el pueblo todo, sin el pueblo nada\u201d, precis\u00f3 la titular de la instituci\u00f3n al dirigirse al nuevo personal asignado.<\/p>\n\n\n\n<p>En su participaci\u00f3n, la directora general de la dependencia, Maribel Salinas Velasco, inform\u00f3 que cada una de las personas que estar\u00e1n al frente de dicho organismo asistencial, fue seleccionado como resultado de una minuciosa evaluaci\u00f3n de perfiles, capacidades y formaci\u00f3n profesional.<\/p>\n\n\n\n<p>De esta forma, se nombr\u00f3 a Hilda Graciela P\u00e9rez Luis como subdirectora General del Sistema DIF Oaxaca; a Sheila Bola\u00f1os Flores como Directora de Administraci\u00f3n y Finanzas; a Beyra Gonz\u00e1lez Mart\u00ednez como directora Jur\u00eddica y en la Direcci\u00f3n de Operaci\u00f3n de Bienestar a Gabriela Bola\u00f1os Rodr\u00edguez.<\/p>\n\n\n\n<p>A este equipo de trabajo se suman Gabriela Garc\u00eda Ramos en la Direcci\u00f3n de Operaci\u00f3n de Asistencia Alimentaria; Violeta Montserrat Alc\u00e1ntara Ram\u00edrez en la Direcci\u00f3n de Desarrollo Familiar y Social; Sof\u00eda Bautista Maldonado en la Direcci\u00f3n de Delegaciones; y a Rafael Aguilar Reyes como coordinador de Eventos y Giras.<\/p>\n\n\n\n<p>Tambi\u00e9n se nombr\u00f3 a las delegadas regionales de esta dependencia: en Valles Centrales se design\u00f3 a Adriana Areli Gayt\u00e1n Higinio, en Ca\u00f1ada a Martha Leticia Viveros Montalvo, en Papaloapan a Gabriela Parroqu\u00edn Vel\u00e1zquez, en la Mixteca a Adriana Janeth Medina Huerta, en la Sierra Norte a Karina Francisca Peralta Diego, en el Istmo a Rosa Am\u00e9rica Crisp\u00edn Marcial, y en la Costa a Nuvia Espino Carmona.<\/p>\n\n\n\n<p>A los nuevos integrantes del Sistema DIF Oaxaca, la directora general, les exhort\u00f3 a ser l\u00edderes que empoderen a los y los trabajadores de esta gran familia, a coordinar estrategias con dedicaci\u00f3n y entregar en cada una de las \u00e1reas para dar resultados reales, y siempre velar por la integridad y los derechos de las ni\u00f1as, ni\u00f1os, adolescentes y adultos mayores. \u201cNo podemos fallarle al pueblo de Oaxaca\u201d, concluy\u00f3.<\/p>\n\n\n\n<figure class=\"wp-block-image size-large\"><img decoding=\"async\" src=\"https:\/\/contextoinformacionyanalisisperiodistico.files.wordpress.com\/2022\/12\/fb_img_167038567869949475923131491408.jpg?w=720\" alt=\"\" class=\"wp-image-5996\" \/><\/figure>\n\n\n\n<figure class=\"wp-block-image\"><img decoding=\"async\" src=\"https:\/\/contextoinformacionyanalisisperiodistico.files.wordpress.com\/2022\/12\/fb_img_16703851547585946731673594996111.jpg?w=721\" alt=\"\" class=\"wp-image-5999\" \/><\/figure>\n\n\n\n<figure class=\"wp-block-image\"><img decoding=\"async\" src=\"https:\/\/contextoinformacionyanalisisperiodistico.files.wordpress.com\/2022\/12\/fb_img_16703851592124770232002312954445.jpg?w=721\" alt=\"\" class=\"wp-image-5997\" \/><\/figure>\n\n\n\n<figure class=\"wp-block-image\"><img decoding=\"async\" src=\"https:\/\/contextoinformacionyanalisisperiodistico.files.wordpress.com\/2022\/12\/fb_img_16703851634861961222034878122071.jpg?w=721\" alt=\"\" class=\"wp-image-6000\" \/><\/figure>\n\n\n\n<figure class=\"wp-block-image\"><img decoding=\"async\" src=\"https:\/\/contextoinformacionyanalisisperiodistico.files.wordpress.com\/2022\/12\/fb_img_16703851914101901052050794826657.jpg?w=721\" alt=\"\" class=\"wp-image-5998\" \/><\/figure>\n\n\n\n<figure class=\"wp-block-image\"><img decoding=\"async\" src=\"https:\/\/contextoinformacionyanalisisperiodistico.files.wordpress.com\/2022\/12\/fb_img_16703851961962870364959599301716.jpg?w=721\" alt=\"\" class=\"wp-image-6001\" \/><\/figure>\n\n\n\n<figure class=\"wp-block-image\"><img decoding=\"async\" src=\"https:\/\/contextoinformacionyanalisisperiodistico.files.wordpress.com\/2022\/12\/fb_img_16703852001383471584168629942875.jpg?w=721\" alt=\"\" class=\"wp-image-6003\" \/><\/figure>\n\n\n\n<figure class=\"wp-block-image\"><img decoding=\"async\" src=\"https:\/\/contextoinformacionyanalisisperiodistico.files.wordpress.com\/2022\/12\/fb_img_167038520458152519512787774670.jpg?w=721\" alt=\"\" class=\"wp-image-6004\" \/><\/figure>\n\n\n\n<figure class=\"wp-block-image\"><img decoding=\"async\" src=\"https:\/\/contextoinformacionyanalisisperiodistico.files.wordpress.com\/2022\/12\/fb_img_16703852087783444474243283028320.jpg?w=721\" alt=\"\" class=\"wp-image-6002\" \/><\/figure>\n\n\n\n<figure class=\"wp-block-image\"><img decoding=\"async\" src=\"https:\/\/contextoinformacionyanalisisperiodistico.files.wordpress.com\/2022\/12\/fb_img_16703852129208130581147559295601.jpg?w=682\" alt=\"\" class=\"wp-image-6005\" \/><\/figure>\n\n\n\n<figure class=\"wp-block-image\"><img decoding=\"async\" src=\"https:\/\/contextoinformacionyanalisisperiodistico.files.wordpress.com\/2022\/12\/fb_img_16703852168741171980749157086282.jpg?w=721\" alt=\"\" class=\"wp-image-6008\" \/><\/figure>\n\n\n\n<figure class=\"wp-block-image\"><img decoding=\"async\" src=\"https:\/\/contextoinformacionyanalisisperiodistico.files.wordpress.com\/2022\/12\/fb_img_16703852227718591860652479851390.jpg?w=721\" alt=\"\" class=\"wp-image-6007\" \/><\/figure>\n\n\n\n<figure class=\"wp-block-image\"><img decoding=\"async\" src=\"https:\/\/contextoinformacionyanalisisperiodistico.files.wordpress.com\/2022\/12\/fb_img_16703852268695597762153496214471.jpg?w=721\" alt=\"\" class=\"wp-image-6006\" \/><\/figure>\n\n\n\n<figure class=\"wp-block-image\"><img decoding=\"async\" src=\"https:\/\/contextoinformacionyanalisisperiodistico.files.wordpress.com\/2022\/12\/fb_img_16703852340451797184526919876990.jpg?w=721\" alt=\"\" class=\"wp-image-6009\" \/><\/figure>\n\n\n\n<figure class=\"wp-block-image\"><img decoding=\"async\" src=\"https:\/\/contextoinformacionyanalisisperiodistico.files.wordpress.com\/2022\/12\/fb_img_16703852388656860994880071488905.jpg?w=310\" alt=\"\" class=\"wp-image-6010\" \/><\/figure>\n","protected":false},"excerpt":{"rendered":"<p>\u2022 Presenta DIF estructura directiva oficial \u2022La Presidenta Honoraria del Sistema DIF Oaxaca exhort\u00f3 a&#8230;<\/p>\n","protected":false},"author":2,"featured_media":5995,"comment_status":"open","ping_status":"open","sticky":false,"template":"","format":"standard","meta":{"footnotes":""},"categories":[9],"tags":[],"jetpack_sharing_enabled":true,"featured_image_urls":{"full":"","thumbnail":"","medium":"","medium_large":"","large":"","1536x1536":"","2048x2048":"","covernews-slider-full":"","covernews-slider-center":"","covernews-featured":"","covernews-medium":"","covernews-medium-square":""},"author_info":{"display_name":"Miguel","author_link":"https:\/\/contextoanalisisperiodistico.com\/index.php\/author\/editor\/"},"category_info":"<a href=\"https:\/\/contextoanalisisperiodistico.com\/index.php\/category\/politica\/\" rel=\"category tag\">Pol\u00edtica<\/a>","tag_info":"Pol\u00edtica","comment_count":"0","jetpack_featured_media_url":"","_links":{"self":[{"href":"https:\/\/contextoanalisisperiodistico.com\/index.php\/wp-json\/wp\/v2\/posts\/5994"}],"collection":[{"href":"https:\/\/contextoanalisisperiodistico.com\/index.php\/wp-json\/wp\/v2\/posts"}],"about":[{"href":"https:\/\/contextoanalisisperiodistico.com\/index.php\/wp-json\/wp\/v2\/types\/post"}],"author":[{"embeddable":true,"href":"https:\/\/contextoanalisisperiodistico.com\/index.php\/wp-json\/wp\/v2\/users\/2"}],"replies":[{"embeddable":true,"href":"https:\/\/contextoanalisisperiodistico.com\/index.php\/wp-json\/wp\/v2\/comments?post=5994"}],"version-history":[{"count":0,"href":"https:\/\/contextoanalisisperiodistico.com\/index.php\/wp-json\/wp\/v2\/posts\/5994\/revisions"}],"wp:featuredmedia":[{"embeddable":true,"href":"https:\/\/contextoanalisisperiodistico.com\/index.php\/wp-json\/"}],"wp:attachment":[{"href":"https:\/\/contextoanalisisperiodistico.com\/index.php\/wp-json\/wp\/v2\/media?parent=5994"}],"wp:term":[{"taxonomy":"category","embeddable":true,"href":"https:\/\/contextoanalisisperiodistico.com\/index.php\/wp-json\/wp\/v2\/categories?post=5994"},{"taxonomy":"post_tag","embeddable":true,"href":"https:\/\/contextoanalisisperiodistico.com\/index.php\/wp-json\/wp\/v2\/tags?post=5994"}],"curies":[{"name":"wp","href":"https:\/\/api.w.org\/{rel}","templated":true}]}}