{"id":5859,"date":"2022-12-01T20:50:24","date_gmt":"2022-12-02T02:50:24","guid":{"rendered":"http:\/\/contextoanalisisperiodistico.com.mx\/?p=5859"},"modified":"2022-12-01T20:50:24","modified_gmt":"2022-12-02T02:50:24","slug":"certeza-de-un-mejor-rumbo-del-sistema-estatal-de-salud-con-el-gobernador-salomon-jara","status":"publish","type":"post","link":"https:\/\/contextoanalisisperiodistico.com\/index.php\/2022\/12\/01\/certeza-de-un-mejor-rumbo-del-sistema-estatal-de-salud-con-el-gobernador-salomon-jara\/","title":{"rendered":"Certeza de un mejor rumbo del Sistema Estatal de Salud con el gobernador, Salom\u00f3n Jara"},"content":{"rendered":"<div id=\"fb-root\"><\/div>\n\n<p>* As\u00ed lo reconoce Omar L\u00f3pez S\u00e1nchez, secretario general de la Secci\u00f3n 35 del SNTSA<\/p>\n\n\n\n<p>\u00abCon la llegada de un nuevo Gobierno del Estado, encabezado por el Ing. Salom\u00f3n Jara Cruz, sin duda tendremos la gran oportunidad de seguir demostrando la unidad y fortaleza de nuestro gremio sindical, con la finalidad de preservar e incrementar nuestros derechos y conquistas laborales\u00bb.<\/p>\n\n\n\n<p>\u00abHoy fui testigo del inicio de la primavera oaxaque\u00f1a y con ello la certeza de un mejor rumbo del Sistema de Salud de nuestro Estado en beneficio de todos los Oaxaque\u00f1os\u00bb.<\/p>\n\n\n\n<p>#Pasi\u00f3nporOaxaca<\/p>\n\n\n\n<p>#Pasi\u00f3nporlaSalud<\/p>\n\n\n\n<p>#Vocaci\u00f3ndeServicio <\/p>\n\n\n\n<figure class=\"wp-block-image size-large\"><img decoding=\"async\" src=\"https:\/\/contextoinformacionyanalisisperiodistico.files.wordpress.com\/2022\/12\/fb_img_166994880337987335662807231731.jpg?w=393\" alt=\"\" class=\"wp-image-5862\" \/><\/figure>\n","protected":false},"excerpt":{"rendered":"<p>* As\u00ed lo reconoce Omar L\u00f3pez S\u00e1nchez, secretario general de la Secci\u00f3n 35 del SNTSA&#8230;<\/p>\n","protected":false},"author":2,"featured_media":5861,"comment_status":"open","ping_status":"open","sticky":false,"template":"","format":"standard","meta":{"footnotes":""},"categories":[9],"tags":[],"jetpack_sharing_enabled":true,"featured_image_urls":{"full":"","thumbnail":"","medium":"","medium_large":"","large":"","1536x1536":"","2048x2048":"","covernews-slider-full":"","covernews-slider-center":"","covernews-featured":"","covernews-medium":"","covernews-medium-square":""},"author_info":{"display_name":"Miguel","author_link":"https:\/\/contextoanalisisperiodistico.com\/index.php\/author\/editor\/"},"category_info":"<a href=\"https:\/\/contextoanalisisperiodistico.com\/index.php\/category\/politica\/\" rel=\"category tag\">Pol\u00edtica<\/a>","tag_info":"Pol\u00edtica","comment_count":"0","jetpack_featured_media_url":"","_links":{"self":[{"href":"https:\/\/contextoanalisisperiodistico.com\/index.php\/wp-json\/wp\/v2\/posts\/5859"}],"collection":[{"href":"https:\/\/contextoanalisisperiodistico.com\/index.php\/wp-json\/wp\/v2\/posts"}],"about":[{"href":"https:\/\/contextoanalisisperiodistico.com\/index.php\/wp-json\/wp\/v2\/types\/post"}],"author":[{"embeddable":true,"href":"https:\/\/contextoanalisisperiodistico.com\/index.php\/wp-json\/wp\/v2\/users\/2"}],"replies":[{"embeddable":true,"href":"https:\/\/contextoanalisisperiodistico.com\/index.php\/wp-json\/wp\/v2\/comments?post=5859"}],"version-history":[{"count":0,"href":"https:\/\/contextoanalisisperiodistico.com\/index.php\/wp-json\/wp\/v2\/posts\/5859\/revisions"}],"wp:featuredmedia":[{"embeddable":true,"href":"https:\/\/contextoanalisisperiodistico.com\/index.php\/wp-json\/"}],"wp:attachment":[{"href":"https:\/\/contextoanalisisperiodistico.com\/index.php\/wp-json\/wp\/v2\/media?parent=5859"}],"wp:term":[{"taxonomy":"category","embeddable":true,"href":"https:\/\/contextoanalisisperiodistico.com\/index.php\/wp-json\/wp\/v2\/categories?post=5859"},{"taxonomy":"post_tag","embeddable":true,"href":"https:\/\/contextoanalisisperiodistico.com\/index.php\/wp-json\/wp\/v2\/tags?post=5859"}],"curies":[{"name":"wp","href":"https:\/\/api.w.org\/{rel}","templated":true}]}}