{"id":5854,"date":"2022-12-01T20:10:23","date_gmt":"2022-12-02T02:10:23","guid":{"rendered":"http:\/\/contextoanalisisperiodistico.com.mx\/?p=5854"},"modified":"2022-12-01T20:10:23","modified_gmt":"2022-12-02T02:10:23","slug":"quieren-pasarse-de-lanzas-burlandose-del-pueblo-con-herencia-de-incremento-de-plazas-basificas-gobernador-jara-cruz","status":"publish","type":"post","link":"https:\/\/contextoanalisisperiodistico.com\/index.php\/2022\/12\/01\/quieren-pasarse-de-lanzas-burlandose-del-pueblo-con-herencia-de-incremento-de-plazas-basificas-gobernador-jara-cruz\/","title":{"rendered":"\u00abQuieren pasarse de lanzas burl\u00e1ndose del pueblo con herencia de incremento de plazas basificas\u00bb: gobernador Jara Cruz"},"content":{"rendered":"<div id=\"fb-root\"><\/div>\n\n<p>(*) \u00abNo permitiremos m\u00e1s corrupci\u00f3n; pretenden heredarnos incremento<br>de plazas basificadas que incrementar\u00eda el<br>gasto del gobierno en un 37%\u201d<\/p>\n\n\n\n<p>El aplauso fue creciendo de intensidad y multiplic\u00e1ndose. No era para menos. El gobernador Salom\u00f3n Jara aseguraba:<\/p>\n\n\n\n<p>\u00abNo aceptaremos m\u00e1s corrupci\u00f3n. Quieren pasarse de lanzas, hered\u00e1ndonos un incremento de plazas basificadas las cuales representan inaceptable incremento del gasto cercano al 37%.<\/p>\n\n\n\n<p>Sucedi\u00f3 en el emblem\u00e1tico y repleto, a su m\u00e1xima capacidad, auditorio Guelaguetza, en donde el gobernador Salom\u00f3n Jara Cruz, en el tema, combate a la corrupci\u00f3n, ofrec\u00eda su mensaje compromiso al pueblo de Oaxaca:<\/p>\n\n\n\n<p>\u201cTenemos informaci\u00f3n que dos grandes dirigentes del PRI vendieron plazas en diferentes sumas de dinero: 100 mil, 150 mil y 200 mil pesos. No vamos a permitirlo\u201d.<\/p>\n\n\n\n<p>Asumi\u00f3 la defensa del dinero presupuestal de los oaxaque\u00f1os:<\/p>\n\n\n\n<p>\u201cNo pueden burlarse de nuestro pueblo; sin embargo, para aquellos que madrugan siempre existir\u00e1 un pueblo atento\u201d.<\/p>\n\n\n\n<p><br \/>Advirti\u00f3, asegurando: \u201cno toleraremos m\u00e1s la corrupci\u00f3n\u201d.<\/p>\n\n\n\n<figure class=\"wp-block-video\"><video controls src=\"https:\/\/contextoinformacionyanalisisperiodistico.files.wordpress.com\/2022\/12\/vid-20221201-wa0124.mp4\"><\/video><\/figure>\n","protected":false},"excerpt":{"rendered":"<p>(*) \u00abNo permitiremos m\u00e1s corrupci\u00f3n; pretenden heredarnos incrementode plazas basificadas que incrementar\u00eda elgasto del gobierno&#8230;<\/p>\n","protected":false},"author":2,"featured_media":5856,"comment_status":"open","ping_status":"open","sticky":false,"template":"","format":"standard","meta":{"footnotes":""},"categories":[9],"tags":[],"jetpack_sharing_enabled":true,"featured_image_urls":{"full":"","thumbnail":"","medium":"","medium_large":"","large":"","1536x1536":"","2048x2048":"","covernews-slider-full":"","covernews-slider-center":"","covernews-featured":"","covernews-medium":"","covernews-medium-square":""},"author_info":{"display_name":"Miguel","author_link":"https:\/\/contextoanalisisperiodistico.com\/index.php\/author\/editor\/"},"category_info":"<a href=\"https:\/\/contextoanalisisperiodistico.com\/index.php\/category\/politica\/\" rel=\"category tag\">Pol\u00edtica<\/a>","tag_info":"Pol\u00edtica","comment_count":"0","jetpack_featured_media_url":"","_links":{"self":[{"href":"https:\/\/contextoanalisisperiodistico.com\/index.php\/wp-json\/wp\/v2\/posts\/5854"}],"collection":[{"href":"https:\/\/contextoanalisisperiodistico.com\/index.php\/wp-json\/wp\/v2\/posts"}],"about":[{"href":"https:\/\/contextoanalisisperiodistico.com\/index.php\/wp-json\/wp\/v2\/types\/post"}],"author":[{"embeddable":true,"href":"https:\/\/contextoanalisisperiodistico.com\/index.php\/wp-json\/wp\/v2\/users\/2"}],"replies":[{"embeddable":true,"href":"https:\/\/contextoanalisisperiodistico.com\/index.php\/wp-json\/wp\/v2\/comments?post=5854"}],"version-history":[{"count":0,"href":"https:\/\/contextoanalisisperiodistico.com\/index.php\/wp-json\/wp\/v2\/posts\/5854\/revisions"}],"wp:featuredmedia":[{"embeddable":true,"href":"https:\/\/contextoanalisisperiodistico.com\/index.php\/wp-json\/"}],"wp:attachment":[{"href":"https:\/\/contextoanalisisperiodistico.com\/index.php\/wp-json\/wp\/v2\/media?parent=5854"}],"wp:term":[{"taxonomy":"category","embeddable":true,"href":"https:\/\/contextoanalisisperiodistico.com\/index.php\/wp-json\/wp\/v2\/categories?post=5854"},{"taxonomy":"post_tag","embeddable":true,"href":"https:\/\/contextoanalisisperiodistico.com\/index.php\/wp-json\/wp\/v2\/tags?post=5854"}],"curies":[{"name":"wp","href":"https:\/\/api.w.org\/{rel}","templated":true}]}}