{"id":5829,"date":"2022-12-01T18:01:18","date_gmt":"2022-12-02T00:01:18","guid":{"rendered":"http:\/\/contextoanalisisperiodistico.com.mx\/?p=5829"},"modified":"2022-12-01T18:01:18","modified_gmt":"2022-12-02T00:01:18","slug":"de-la-mano-del-pueblo-salomon-jara-entro-por-la-puerta-grande-de-palacio-de-gobierno","status":"publish","type":"post","link":"https:\/\/contextoanalisisperiodistico.com\/index.php\/2022\/12\/01\/de-la-mano-del-pueblo-salomon-jara-entro-por-la-puerta-grande-de-palacio-de-gobierno\/","title":{"rendered":"De la mano del pueblo, Salom\u00f3n Jara entr\u00f3 por la puerta grande de Palacio de Gobierno"},"content":{"rendered":"<div id=\"fb-root\"><\/div>\n\n<p>Gobernador Constitucional, Salom\u00f3n Jara Cruz:<\/p>\n\n\n\n<p>\u00abFinalmente y de la mano del pueblo de Oaxaca, entramos por la puerta grande del Palacio de Gobierno, como debi\u00f3 ser siempre, con las y los oaxaque\u00f1os como protagonistas\u00bb.<\/p>\n\n\n\n<p>\u00abAqu\u00ed tom\u00e9 protesta a las y los integrantes del Gabinete Paritario que me acompa\u00f1ar\u00e1n en este maravilloso camino para hacer realidad el sue\u00f1o de transformar nuestra historia. Lo tenemos claro: no tenemos derecho a fallarle a nuestro pueblo\u00bb.<\/p>\n\n\n\n<figure class=\"wp-block-image size-large\"><img decoding=\"async\" src=\"https:\/\/contextoinformacionyanalisisperiodistico.files.wordpress.com\/2022\/12\/fb_img_16699386209734871130536549851809.jpg?w=720\" alt=\"\" class=\"wp-image-5831\" \/><\/figure>\n\n\n\n<figure class=\"wp-block-image\"><img decoding=\"async\" src=\"https:\/\/contextoinformacionyanalisisperiodistico.files.wordpress.com\/2022\/12\/fb_img_16699386040392701546182856899099.jpg?w=720\" alt=\"\" class=\"wp-image-5834\" \/><\/figure>\n\n\n\n<figure class=\"wp-block-image\"><img decoding=\"async\" src=\"https:\/\/contextoinformacionyanalisisperiodistico.files.wordpress.com\/2022\/12\/fb_img_16699386091643490436569823351987.jpg?w=720\" alt=\"\" class=\"wp-image-5832\" \/><\/figure>\n\n\n\n<figure class=\"wp-block-image\"><img decoding=\"async\" src=\"https:\/\/contextoinformacionyanalisisperiodistico.files.wordpress.com\/2022\/12\/fb_img_16699386146624810452761934274169.jpg?w=720\" alt=\"\" class=\"wp-image-5833\" \/><\/figure>\n\n\n\n<figure class=\"wp-block-image\"><img decoding=\"async\" src=\"https:\/\/contextoinformacionyanalisisperiodistico.files.wordpress.com\/2022\/12\/fb_img_16699386411201980051062619568555.jpg?w=720\" alt=\"\" class=\"wp-image-5835\" \/><\/figure>\n","protected":false},"excerpt":{"rendered":"<p>Gobernador Constitucional, Salom\u00f3n Jara Cruz: \u00abFinalmente y de la mano del pueblo de Oaxaca, entramos&#8230;<\/p>\n","protected":false},"author":2,"featured_media":5830,"comment_status":"open","ping_status":"open","sticky":false,"template":"","format":"standard","meta":{"footnotes":""},"categories":[9],"tags":[],"jetpack_sharing_enabled":true,"featured_image_urls":{"full":"","thumbnail":"","medium":"","medium_large":"","large":"","1536x1536":"","2048x2048":"","covernews-slider-full":"","covernews-slider-center":"","covernews-featured":"","covernews-medium":"","covernews-medium-square":""},"author_info":{"display_name":"Miguel","author_link":"https:\/\/contextoanalisisperiodistico.com\/index.php\/author\/editor\/"},"category_info":"<a href=\"https:\/\/contextoanalisisperiodistico.com\/index.php\/category\/politica\/\" rel=\"category tag\">Pol\u00edtica<\/a>","tag_info":"Pol\u00edtica","comment_count":"0","jetpack_featured_media_url":"","_links":{"self":[{"href":"https:\/\/contextoanalisisperiodistico.com\/index.php\/wp-json\/wp\/v2\/posts\/5829"}],"collection":[{"href":"https:\/\/contextoanalisisperiodistico.com\/index.php\/wp-json\/wp\/v2\/posts"}],"about":[{"href":"https:\/\/contextoanalisisperiodistico.com\/index.php\/wp-json\/wp\/v2\/types\/post"}],"author":[{"embeddable":true,"href":"https:\/\/contextoanalisisperiodistico.com\/index.php\/wp-json\/wp\/v2\/users\/2"}],"replies":[{"embeddable":true,"href":"https:\/\/contextoanalisisperiodistico.com\/index.php\/wp-json\/wp\/v2\/comments?post=5829"}],"version-history":[{"count":0,"href":"https:\/\/contextoanalisisperiodistico.com\/index.php\/wp-json\/wp\/v2\/posts\/5829\/revisions"}],"wp:featuredmedia":[{"embeddable":true,"href":"https:\/\/contextoanalisisperiodistico.com\/index.php\/wp-json\/"}],"wp:attachment":[{"href":"https:\/\/contextoanalisisperiodistico.com\/index.php\/wp-json\/wp\/v2\/media?parent=5829"}],"wp:term":[{"taxonomy":"category","embeddable":true,"href":"https:\/\/contextoanalisisperiodistico.com\/index.php\/wp-json\/wp\/v2\/categories?post=5829"},{"taxonomy":"post_tag","embeddable":true,"href":"https:\/\/contextoanalisisperiodistico.com\/index.php\/wp-json\/wp\/v2\/tags?post=5829"}],"curies":[{"name":"wp","href":"https:\/\/api.w.org\/{rel}","templated":true}]}}