{"id":5823,"date":"2022-12-01T15:23:30","date_gmt":"2022-12-01T21:23:30","guid":{"rendered":"http:\/\/contextoanalisisperiodistico.com.mx\/?p=5823"},"modified":"2022-12-01T15:23:30","modified_gmt":"2022-12-01T21:23:30","slug":"movimiento-ciudadano-de-oaxaca-carta-al-nuevo-gobierno","status":"publish","type":"post","link":"https:\/\/contextoanalisisperiodistico.com\/index.php\/2022\/12\/01\/movimiento-ciudadano-de-oaxaca-carta-al-nuevo-gobierno\/","title":{"rendered":"Movimiento Ciudadano de Oaxaca: carta al nuevo gobierno"},"content":{"rendered":"<div id=\"fb-root\"><\/div>\n\n<p>Salom\u00f3n Jara Cruz<br>Gobernador del Estado de Oaxaca<\/p>\n\n\n\n<p>Como cada seis a\u00f1os, las y los ciudadanos oaxaque\u00f1os renuevan expectativas o anhelos el cambio de gobierno estatal, pues esto implica nuevos esfuerzos en la misi\u00f3n de modificar la compleja realidad en la que la ciudadania se desarrolla. Un estado que lleva d\u00e9cadas sumido en la lacerante pobreza, en la inseguridad inclemente, con limitadas oportunidades y arrastrando una aguda corrupci\u00f3n que se extiende desde las instituciones p\u00fablicas hasta grupos con intereses particulares.<\/p>\n\n\n\n<p>Es por ello, que este MOVIMIENTO extiende la mano a los objetivos que tenga esta nueva administraci\u00f3n en favor de las familias, las comunidades, las empresas y los sectores que d\u00eda a d\u00eda coexisten en las ocho regiones de Oaxaca. Tenemos claro que un gobierno exitoso se traduce en buenas noticias para sus habitantes, por eso consideramos que el nuevo ejecutivo estatal honrar\u00e1 lo dicho y cumplir\u00e1 los compromisos que ha establecido con las y los oaxaque\u00f1os.<\/p>\n\n\n\n<p>Recordamos que este gobierno que inicia tiene como principal responsabilidad transformar Oaxaca, pues esta iniciativa no es s\u00f3lo una frase de campa\u00f1a, es una exigencia que la ciudadan\u00eda respald\u00f3 en las urnas y que, como una oposici\u00f3n responsable, seremos vigilantes en las acciones que se emprendan para lograr tal objetivo.<\/p>\n\n\n\n<p>Queremos dejarles claro a quienes est\u00e1n por comenzar su servicio, que miles de oaxaque\u00f1os mostraron su hartazgo a trav\u00e9s del voto y en correspondencia, piden que las ma\u00f1as de la vieja pol\u00edtica se eliminen de todo este sistema que, tristemente, les ha fallado. No m\u00e1s corrupci\u00f3n, no m\u00e1s incapacidad, no m\u00e1s amiguismos, no m\u00e1s chantaje, no m\u00e1s opacidad, no m\u00e1s injusticia e impunidad. De eso va el cambio que en los pr\u00f3ximos meses debe de verse y debe de sentirse.<\/p>\n\n\n\n<p>Este MOVIMIENTO ser\u00e1 un aliado en la noble causa que es Oaxaca pero tambi\u00e9n exigir\u00e1 a quienes ahora gobiernan, cumplan sus promesas. Supervisara su actuar para que \u00e9ste abone a transformar Oaxaca y no se sirva de Oaxaca, pues esa fue su oferta.<\/p>\n\n\n\n<p>No hay espacio para la traici\u00f3n ni pueden defraudar la confianza de miles de oaxaque\u00f1os. Aqu\u00ed estamos, ciudadanas y ciudadanos, para que cumplan su palabra.<\/p>\n\n\n\n<figure class=\"wp-block-image size-large\"><img decoding=\"async\" src=\"https:\/\/contextoinformacionyanalisisperiodistico.files.wordpress.com\/2022\/12\/img-20221201-wa00883841038286077446598.jpg?w=791\" alt=\"\" class=\"wp-image-5825\" \/><\/figure>\n\n\n\n<p>Movimiento Ciudadano Oaxaca<\/p>\n\n\n\n<p>Oaxaca de Ju\u00e1rez, Oax., 01 de diciembre de 2022.<br \/>_<\/p>\n","protected":false},"excerpt":{"rendered":"<p>Salom\u00f3n Jara CruzGobernador del Estado de Oaxaca Como cada seis a\u00f1os, las y los ciudadanos&#8230;<\/p>\n","protected":false},"author":2,"featured_media":5824,"comment_status":"open","ping_status":"open","sticky":false,"template":"","format":"standard","meta":{"footnotes":""},"categories":[9],"tags":[],"jetpack_sharing_enabled":true,"featured_image_urls":{"full":"","thumbnail":"","medium":"","medium_large":"","large":"","1536x1536":"","2048x2048":"","covernews-slider-full":"","covernews-slider-center":"","covernews-featured":"","covernews-medium":"","covernews-medium-square":""},"author_info":{"display_name":"Miguel","author_link":"https:\/\/contextoanalisisperiodistico.com\/index.php\/author\/editor\/"},"category_info":"<a href=\"https:\/\/contextoanalisisperiodistico.com\/index.php\/category\/politica\/\" rel=\"category tag\">Pol\u00edtica<\/a>","tag_info":"Pol\u00edtica","comment_count":"0","jetpack_featured_media_url":"","_links":{"self":[{"href":"https:\/\/contextoanalisisperiodistico.com\/index.php\/wp-json\/wp\/v2\/posts\/5823"}],"collection":[{"href":"https:\/\/contextoanalisisperiodistico.com\/index.php\/wp-json\/wp\/v2\/posts"}],"about":[{"href":"https:\/\/contextoanalisisperiodistico.com\/index.php\/wp-json\/wp\/v2\/types\/post"}],"author":[{"embeddable":true,"href":"https:\/\/contextoanalisisperiodistico.com\/index.php\/wp-json\/wp\/v2\/users\/2"}],"replies":[{"embeddable":true,"href":"https:\/\/contextoanalisisperiodistico.com\/index.php\/wp-json\/wp\/v2\/comments?post=5823"}],"version-history":[{"count":0,"href":"https:\/\/contextoanalisisperiodistico.com\/index.php\/wp-json\/wp\/v2\/posts\/5823\/revisions"}],"wp:featuredmedia":[{"embeddable":true,"href":"https:\/\/contextoanalisisperiodistico.com\/index.php\/wp-json\/"}],"wp:attachment":[{"href":"https:\/\/contextoanalisisperiodistico.com\/index.php\/wp-json\/wp\/v2\/media?parent=5823"}],"wp:term":[{"taxonomy":"category","embeddable":true,"href":"https:\/\/contextoanalisisperiodistico.com\/index.php\/wp-json\/wp\/v2\/categories?post=5823"},{"taxonomy":"post_tag","embeddable":true,"href":"https:\/\/contextoanalisisperiodistico.com\/index.php\/wp-json\/wp\/v2\/tags?post=5823"}],"curies":[{"name":"wp","href":"https:\/\/api.w.org\/{rel}","templated":true}]}}