{"id":5812,"date":"2022-12-01T13:48:37","date_gmt":"2022-12-01T19:48:37","guid":{"rendered":"http:\/\/contextoanalisisperiodistico.com.mx\/2022\/12\/01\/felicidades-companeros-quimicos-sntsa-seccion-35\/"},"modified":"2022-12-01T13:48:37","modified_gmt":"2022-12-01T19:48:37","slug":"felicidades-companeros-quimicos-sntsa-seccion-35","status":"publish","type":"post","link":"https:\/\/contextoanalisisperiodistico.com\/index.php\/2022\/12\/01\/felicidades-companeros-quimicos-sntsa-seccion-35\/","title":{"rendered":"\u00a1Felicidades! compa\u00f1eros qu\u00edmicos: SNTSA, Secci\u00f3n 35"},"content":{"rendered":"<div id=\"fb-root\"><\/div>\n\n<p>Felicidades por el d\u00eda del Qu\u00edmico. Profesionales que dedican su vida a la prevenci\u00f3n, diagn\u00f3stico, pron\u00f3stico y tratamiento de enfermedades de nuestra poblaci\u00f3n oaxaque\u00f1a.<\/p>\n\n\n\n<p>#UnSindicatoparaTodos<\/p>\n\n\n\n<p>#Vocaci\u00f3ndeServicio<\/p>\n\n\n\n<p>#SindicatodeTerritorio<\/p>\n","protected":false},"excerpt":{"rendered":"<p>Felicidades por el d\u00eda del Qu\u00edmico. Profesionales que dedican su vida a la prevenci\u00f3n, diagn\u00f3stico,&#8230;<\/p>\n","protected":false},"author":2,"featured_media":5811,"comment_status":"open","ping_status":"open","sticky":false,"template":"","format":"standard","meta":{"footnotes":""},"categories":[9],"tags":[],"jetpack_sharing_enabled":true,"featured_image_urls":{"full":"","thumbnail":"","medium":"","medium_large":"","large":"","1536x1536":"","2048x2048":"","covernews-slider-full":"","covernews-slider-center":"","covernews-featured":"","covernews-medium":"","covernews-medium-square":""},"author_info":{"display_name":"Miguel","author_link":"https:\/\/contextoanalisisperiodistico.com\/index.php\/author\/editor\/"},"category_info":"<a href=\"https:\/\/contextoanalisisperiodistico.com\/index.php\/category\/politica\/\" rel=\"category tag\">Pol\u00edtica<\/a>","tag_info":"Pol\u00edtica","comment_count":"0","jetpack_featured_media_url":"","_links":{"self":[{"href":"https:\/\/contextoanalisisperiodistico.com\/index.php\/wp-json\/wp\/v2\/posts\/5812"}],"collection":[{"href":"https:\/\/contextoanalisisperiodistico.com\/index.php\/wp-json\/wp\/v2\/posts"}],"about":[{"href":"https:\/\/contextoanalisisperiodistico.com\/index.php\/wp-json\/wp\/v2\/types\/post"}],"author":[{"embeddable":true,"href":"https:\/\/contextoanalisisperiodistico.com\/index.php\/wp-json\/wp\/v2\/users\/2"}],"replies":[{"embeddable":true,"href":"https:\/\/contextoanalisisperiodistico.com\/index.php\/wp-json\/wp\/v2\/comments?post=5812"}],"version-history":[{"count":0,"href":"https:\/\/contextoanalisisperiodistico.com\/index.php\/wp-json\/wp\/v2\/posts\/5812\/revisions"}],"wp:featuredmedia":[{"embeddable":true,"href":"https:\/\/contextoanalisisperiodistico.com\/index.php\/wp-json\/"}],"wp:attachment":[{"href":"https:\/\/contextoanalisisperiodistico.com\/index.php\/wp-json\/wp\/v2\/media?parent=5812"}],"wp:term":[{"taxonomy":"category","embeddable":true,"href":"https:\/\/contextoanalisisperiodistico.com\/index.php\/wp-json\/wp\/v2\/categories?post=5812"},{"taxonomy":"post_tag","embeddable":true,"href":"https:\/\/contextoanalisisperiodistico.com\/index.php\/wp-json\/wp\/v2\/tags?post=5812"}],"curies":[{"name":"wp","href":"https:\/\/api.w.org\/{rel}","templated":true}]}}