{"id":5809,"date":"2022-12-01T13:16:48","date_gmt":"2022-12-01T19:16:48","guid":{"rendered":"http:\/\/contextoanalisisperiodistico.com.mx\/?p=5809"},"modified":"2022-12-01T13:16:48","modified_gmt":"2022-12-01T19:16:48","slug":"no-venimos-a-robar-salomon-jara-cruz","status":"publish","type":"post","link":"https:\/\/contextoanalisisperiodistico.com\/index.php\/2022\/12\/01\/no-venimos-a-robar-salomon-jara-cruz\/","title":{"rendered":"\u00abNo venimos a robar\u00bb: Salom\u00f3n Jara Cruz"},"content":{"rendered":"<div id=\"fb-root\"><\/div>\n\n<p><br>*En Sesi\u00f3n Solemne, ante diputados de la LXV Legislatura, Salom\u00f3n Jara Cruz, esta ma\u00f1ana rindi\u00f3 protesta como Gobernador Constitucional del Estado; luego, destacar\u00eda que su compromiso, ideal y sue\u00f1o para Oaxaca es: servirle, no mintiendo, robando o traicionando<\/p>\n\n\n\n<figure class=\"wp-block-video\"><video controls src=\"https:\/\/contextoinformacionyanalisisperiodistico.files.wordpress.com\/2022\/12\/vid-20221201-wa0057.mp4\"><\/video><\/figure>\n\n\n\n<figure class=\"wp-block-video\"><video controls src=\"https:\/\/contextoinformacionyanalisisperiodistico.files.wordpress.com\/2022\/12\/facebook111687210235324528480p29_001_002_001_001.mp4\"><\/video><\/figure>\n\n\n\n<p>*Al anunciar un paquete de iniciativas, las que pronto turnar\u00e1 al Congreso Oaxaque\u00f1o, las cuales garantizar\u00e1n a oaxaque\u00f1os un gobierno \u00e9tico, honesto, sin lujos, corrupci\u00f3n, impunidad ni doble moral, el gobernador Jara Cruz reiter\u00f3 su disposici\u00f3n al di\u00e1logo permanente y respetuoso con los distintos Poderes y actores pol\u00edticos, sociales y sectores hist\u00f3ricamente excluidos y abandonados<\/p>\n\n\n\n<p><br>Mario GIR\u00d3N \/ Jaime GARC\u00cdA<\/p>\n\n\n\n<p><br>\u201cNo venimos a robar; venimos a servirle a nuestro pueblo no mintiendo, robando o traicion\u00e1ndolo\u201d, se convirti\u00f3 en uno de los principales ofrecimientos de Salom\u00f3n Jara Cruz en calidad de gobernador Constitucional del estado de Oaxaca.<\/p>\n\n\n\n<p><br>Al rendir protesta protocolaria legislativa como Titular del Poder Ejecutivo, ante la legisladora Nancy Ben\u00edtez Z\u00e1rate, Vicepresidenta en funciones de Presidenta de la Mesa Directiva del Congreso de Oaxaca, el Mandatario estatal explic\u00f3:<\/p>\n\n\n\n<p><br>\u201cEl sue\u00f1o colectivo de Oaxaca y el de Salom\u00f3n Jara Cruz es el mismo que convertiremos en realidad: no robar, no servirse de los oaxaque\u00f1os, combatir desigualdad, corrupci\u00f3n, recuperar la paz, reivindicaci\u00f3n hist\u00f3rica de nuestros pueblos y comunidades; desarrollo econ\u00f3mico, igualdad, fin a lujos e impunidad, como tampoco, doble moral y punto final a privilegios para unos cuantos a costa del patrimonio del pueblo de Oaxaca\u201d.<\/p>\n\n\n\n<p>Desde la tribuna legislativa, la m\u00e1s importante de los oaxaque\u00f1os, Salom\u00f3n Jara salud\u00f3 a todo un pueblo, atento a la transici\u00f3n del Poder Ejecutivo; al dirigirse a los invitados, destac\u00f3 la presencia, en el recinto legislativo, de su se\u00f1ora madre, Magdalena Cruz, hermanos, hijos, y esposa, Irma Bola\u00f1os Quijano. Invitados especiales como gobernadores y la jefa de gobierno de la Ciudad de M\u00e9xico, Claudia Sheinbaum.<\/p>\n\n\n\n<p>En otra parte del discurso, Jara Cruz destac\u00f3 que ahora, el gobierno de Oaxaca no estar\u00e1 al servicio de la \u00e9lite, tampoco de ninguna familia; asegur\u00f3: \u201cno permitiremos que sigan viniendo de otros lugares para aprovecharse de la bondad de nuestro pueblo\u201d.<\/p>\n\n\n\n<p>Presente tambi\u00e9n, el Magistrado Presidente del Poder Judicial, Eduardo Pinacho, en la Sesi\u00f3n Solemne, en donde investido de autoridad estatal, Jara Cruz reconoce: \u201ccomienza nueva etapa en la historia de Oaxaca. Ha sido un largo camino, d\u00e9cadas de lucha, resistencia y esperanza, signos de injustica, corrupci\u00f3n y desigualdad\u201d.<\/p>\n\n\n\n<p>Sin embargo, a\u00f1adi\u00f3: \u201cese paso dif\u00edcil y complejo, es tambi\u00e9n el que nos permite hoy estar aqu\u00ed, ofreciendo la oportunidad de construir un mejor futuro para todos los oaxaque\u00f1os que con determinaci\u00f3n y vocaci\u00f3n democr\u00e1tica hicieron posible que el pueblo sea por fin, el verdadero protagonista de la transformaci\u00f3n estatal\u201d.<\/p>\n\n\n\n<p>Remat\u00f3: \u201ccon el triunfo de la primavera oaxaque\u00f1a Oaxaca iniciar\u00e1 un proceso de cambio estructural para orientar toda la acci\u00f3n de gobierno hacia el combate a la desigualdad, corrupci\u00f3n, tan necesario para recuperar la paz y generar una reparaci\u00f3n y reivindicaci\u00f3n hist\u00f3rica de nuestros pueblos y comunidades\u201d.<\/p>\n\n\n\n<p>Asegur\u00f3: \u201cNuestro gobierno ser\u00e1 de vanguardia, popular, de territorio, diverso y, sobre todo, ejemplo y referente de la regeneraci\u00f3n de la vida p\u00fablica\u201d. \u201cEl enfoque del gobierno que estoy encabezando tendr\u00e1 como base el sistema social comunitario, herencia de nuestras culturas milenarias, mismas que se conjugar\u00e1n con los principios y valores \u00e9ticos que inspiran a la IV Transformaci\u00f3n\u201d.<\/p>\n\n\n\n<p>Anunci\u00f3 pr\u00f3xima entrega de un paquete de iniciativas, proyecto de decretos para la transformaci\u00f3n de Oaxaca, por ejemplo: ley de austeridad republicana; revocaci\u00f3n de mandato; de transparencia y anticorrupci\u00f3n; paridad de g\u00e9nero; desplazamiento forzado interno; de fortalecimiento y democratizaci\u00f3n del Poder Judicial; inteligencia patrimonial, principalmente.<\/p>\n","protected":false},"excerpt":{"rendered":"<p>*En Sesi\u00f3n Solemne, ante diputados de la LXV Legislatura, Salom\u00f3n Jara Cruz, esta ma\u00f1ana rindi\u00f3&#8230;<\/p>\n","protected":false},"author":2,"featured_media":5806,"comment_status":"open","ping_status":"open","sticky":false,"template":"","format":"standard","meta":{"footnotes":""},"categories":[9],"tags":[],"jetpack_sharing_enabled":true,"featured_image_urls":{"full":"","thumbnail":"","medium":"","medium_large":"","large":"","1536x1536":"","2048x2048":"","covernews-slider-full":"","covernews-slider-center":"","covernews-featured":"","covernews-medium":"","covernews-medium-square":""},"author_info":{"display_name":"Miguel","author_link":"https:\/\/contextoanalisisperiodistico.com\/index.php\/author\/editor\/"},"category_info":"<a href=\"https:\/\/contextoanalisisperiodistico.com\/index.php\/category\/politica\/\" rel=\"category tag\">Pol\u00edtica<\/a>","tag_info":"Pol\u00edtica","comment_count":"0","jetpack_featured_media_url":"","_links":{"self":[{"href":"https:\/\/contextoanalisisperiodistico.com\/index.php\/wp-json\/wp\/v2\/posts\/5809"}],"collection":[{"href":"https:\/\/contextoanalisisperiodistico.com\/index.php\/wp-json\/wp\/v2\/posts"}],"about":[{"href":"https:\/\/contextoanalisisperiodistico.com\/index.php\/wp-json\/wp\/v2\/types\/post"}],"author":[{"embeddable":true,"href":"https:\/\/contextoanalisisperiodistico.com\/index.php\/wp-json\/wp\/v2\/users\/2"}],"replies":[{"embeddable":true,"href":"https:\/\/contextoanalisisperiodistico.com\/index.php\/wp-json\/wp\/v2\/comments?post=5809"}],"version-history":[{"count":0,"href":"https:\/\/contextoanalisisperiodistico.com\/index.php\/wp-json\/wp\/v2\/posts\/5809\/revisions"}],"wp:featuredmedia":[{"embeddable":true,"href":"https:\/\/contextoanalisisperiodistico.com\/index.php\/wp-json\/"}],"wp:attachment":[{"href":"https:\/\/contextoanalisisperiodistico.com\/index.php\/wp-json\/wp\/v2\/media?parent=5809"}],"wp:term":[{"taxonomy":"category","embeddable":true,"href":"https:\/\/contextoanalisisperiodistico.com\/index.php\/wp-json\/wp\/v2\/categories?post=5809"},{"taxonomy":"post_tag","embeddable":true,"href":"https:\/\/contextoanalisisperiodistico.com\/index.php\/wp-json\/wp\/v2\/tags?post=5809"}],"curies":[{"name":"wp","href":"https:\/\/api.w.org\/{rel}","templated":true}]}}