{"id":58075,"date":"2026-09-05T17:36:31","date_gmt":"2026-09-05T23:36:31","guid":{"rendered":"https:\/\/contextoanalisisperiodistico.com\/index.php\/2026\/09\/05\/banco-de-materiales-llega-por-primera-vez-a-mercados-de-oaxaca-de-juarez\/"},"modified":"2026-09-05T17:36:31","modified_gmt":"2026-09-05T23:36:31","slug":"banco-de-materiales-llega-por-primera-vez-a-mercados-de-oaxaca-de-juarez","status":"publish","type":"post","link":"https:\/\/contextoanalisisperiodistico.com\/index.php\/2026\/09\/05\/banco-de-materiales-llega-por-primera-vez-a-mercados-de-oaxaca-de-juarez\/","title":{"rendered":"Banco de Materiales llega por primera vez a mercados de Oaxaca de Ju\u00e1rez"},"content":{"rendered":"<div id=\"fb-root\"><\/div>\n\n<p>\u2022Ray Chagoya encabeza el recorrido en los mercados Venustiano Carranza, Candiani y La Noria para entregar apoyos del Banco de Materiales por primera vez<\/p>\n\n\n\n<p>Este s\u00e1bado, el presidente municipal de Oaxaca de Ju\u00e1rez, Ray Chagoya, continu\u00f3 con la gira de recorridos por los mercados municipales, donde se reuni\u00f3 con locatarias, locatarios, vecinas y vecinos para acercarles el programa Banco de Materiales y, mediante el trabajo comunitario, contribuir a atender las necesidades m\u00e1s urgentes en materia de infraestructura.<\/p>\n\n\n\n<figure class=\"wp-block-image size-large\"><img fetchpriority=\"high\" decoding=\"async\" width=\"1024\" height=\"682\" src=\"https:\/\/contextoanalisisperiodistico.com\/wp-content\/uploads\/2026\/09\/img-20260905-wa00829020955316029738957-1024x682.jpg\" alt=\"\" class=\"wp-image-58072\" srcset=\"https:\/\/contextoanalisisperiodistico.com\/wp-content\/uploads\/2026\/09\/img-20260905-wa00829020955316029738957-1024x682.jpg 1024w, https:\/\/contextoanalisisperiodistico.com\/wp-content\/uploads\/2026\/09\/img-20260905-wa00829020955316029738957-300x200.jpg 300w, https:\/\/contextoanalisisperiodistico.com\/wp-content\/uploads\/2026\/09\/img-20260905-wa00829020955316029738957-768x512.jpg 768w, https:\/\/contextoanalisisperiodistico.com\/wp-content\/uploads\/2026\/09\/img-20260905-wa00829020955316029738957.jpg 1280w\" sizes=\"(max-width: 1024px) 100vw, 1024px\" \/><\/figure>\n\n\n\n<figure class=\"wp-block-image\"><img decoding=\"async\" width=\"1024\" height=\"682\" src=\"https:\/\/contextoanalisisperiodistico.com\/wp-content\/uploads\/2026\/09\/img-20260905-wa00846280373417246100878-1024x682.jpg\" alt=\"\" class=\"wp-image-58071\" srcset=\"https:\/\/contextoanalisisperiodistico.com\/wp-content\/uploads\/2026\/09\/img-20260905-wa00846280373417246100878-1024x682.jpg 1024w, https:\/\/contextoanalisisperiodistico.com\/wp-content\/uploads\/2026\/09\/img-20260905-wa00846280373417246100878-300x200.jpg 300w, https:\/\/contextoanalisisperiodistico.com\/wp-content\/uploads\/2026\/09\/img-20260905-wa00846280373417246100878-768x512.jpg 768w, https:\/\/contextoanalisisperiodistico.com\/wp-content\/uploads\/2026\/09\/img-20260905-wa00846280373417246100878-1536x1023.jpg 1536w, https:\/\/contextoanalisisperiodistico.com\/wp-content\/uploads\/2026\/09\/img-20260905-wa00846280373417246100878.jpg 1600w\" sizes=\"(max-width: 1024px) 100vw, 1024px\" \/><\/figure>\n\n\n\n<figure class=\"wp-block-image\"><img decoding=\"async\" width=\"1024\" height=\"682\" src=\"https:\/\/contextoanalisisperiodistico.com\/wp-content\/uploads\/2026\/09\/img-20260905-wa00838489306049825406034-1024x682.jpg\" alt=\"\" class=\"wp-image-58073\" srcset=\"https:\/\/contextoanalisisperiodistico.com\/wp-content\/uploads\/2026\/09\/img-20260905-wa00838489306049825406034-1024x682.jpg 1024w, https:\/\/contextoanalisisperiodistico.com\/wp-content\/uploads\/2026\/09\/img-20260905-wa00838489306049825406034-300x200.jpg 300w, https:\/\/contextoanalisisperiodistico.com\/wp-content\/uploads\/2026\/09\/img-20260905-wa00838489306049825406034-768x512.jpg 768w, https:\/\/contextoanalisisperiodistico.com\/wp-content\/uploads\/2026\/09\/img-20260905-wa00838489306049825406034-1536x1023.jpg 1536w, https:\/\/contextoanalisisperiodistico.com\/wp-content\/uploads\/2026\/09\/img-20260905-wa00838489306049825406034.jpg 1600w\" sizes=\"(max-width: 1024px) 100vw, 1024px\" \/><\/figure>\n\n\n\n<figure class=\"wp-block-image\"><img loading=\"lazy\" decoding=\"async\" width=\"1024\" height=\"768\" src=\"https:\/\/contextoanalisisperiodistico.com\/wp-content\/uploads\/2026\/09\/img-20260905-wa00856075341769138293637-1024x768.jpg\" alt=\"\" class=\"wp-image-58074\" srcset=\"https:\/\/contextoanalisisperiodistico.com\/wp-content\/uploads\/2026\/09\/img-20260905-wa00856075341769138293637-1024x768.jpg 1024w, https:\/\/contextoanalisisperiodistico.com\/wp-content\/uploads\/2026\/09\/img-20260905-wa00856075341769138293637-300x225.jpg 300w, https:\/\/contextoanalisisperiodistico.com\/wp-content\/uploads\/2026\/09\/img-20260905-wa00856075341769138293637-768x576.jpg 768w, https:\/\/contextoanalisisperiodistico.com\/wp-content\/uploads\/2026\/09\/img-20260905-wa00856075341769138293637.jpg 1280w\" sizes=\"(max-width: 1024px) 100vw, 1024px\" \/><\/figure>\n\n\n\n<p>En esta ocasi\u00f3n, el recorrido se llev\u00f3 a cabo en los mercados Venustiano Carranza, Candiani y La Noria, donde el edil destac\u00f3 que es la primera vez que el Banco de Materiales se entrega a estos espacios emblem\u00e1ticos de la capital oaxaque\u00f1a a los que diariamente acuden cientos de personas para adquirir productos e insumos de primera necesidad.<\/p>\n\n\n\n<p>Durante las visitas, el edil escuch\u00f3 a las y los comerciantes, quienes externaron sus principales necesidades y propuestas para mejorar las condiciones de estos espacios. Ray Chagoya reiter\u00f3 que el Gobierno Municipal continuar\u00e1 trabajando de manera cercana y coordinada con quienes dan vida a los mercados, impulsando acciones que permitan mejorar su infraestructura y generar espacios m\u00e1s dignos, funcionales y seguros para comerciantes, vecinas, vecinos y visitantes.<\/p>\n","protected":false},"excerpt":{"rendered":"<p>\u2022Ray Chagoya encabeza el recorrido en los mercados Venustiano Carranza, Candiani y La Noria para&#8230;<\/p>\n","protected":false},"author":4,"featured_media":58070,"comment_status":"","ping_status":"open","sticky":false,"template":"","format":"standard","meta":{"footnotes":""},"categories":[9],"tags":[673,424,45],"jetpack_sharing_enabled":true,"featured_image_urls":{"full":["https:\/\/contextoanalisisperiodistico.com\/wp-content\/uploads\/2026\/09\/IMG-20260905-WA0086.jpg",1600,1066,false],"thumbnail":["https:\/\/contextoanalisisperiodistico.com\/wp-content\/uploads\/2026\/09\/IMG-20260905-WA0086-150x150.jpg",150,150,true],"medium":["https:\/\/contextoanalisisperiodistico.com\/wp-content\/uploads\/2026\/09\/IMG-20260905-WA0086-300x200.jpg",300,200,true],"medium_large":["https:\/\/contextoanalisisperiodistico.com\/wp-content\/uploads\/2026\/09\/IMG-20260905-WA0086-768x512.jpg",640,427,true],"large":["https:\/\/contextoanalisisperiodistico.com\/wp-content\/uploads\/2026\/09\/IMG-20260905-WA0086-1024x682.jpg",640,426,true],"1536x1536":["https:\/\/contextoanalisisperiodistico.com\/wp-content\/uploads\/2026\/09\/IMG-20260905-WA0086-1536x1023.jpg",1536,1023,true],"2048x2048":["https:\/\/contextoanalisisperiodistico.com\/wp-content\/uploads\/2026\/09\/IMG-20260905-WA0086.jpg",1600,1066,false],"covernews-slider-full":["https:\/\/contextoanalisisperiodistico.com\/wp-content\/uploads\/2026\/09\/IMG-20260905-WA0086-1115x715.jpg",1115,715,true],"covernews-slider-center":["https:\/\/contextoanalisisperiodistico.com\/wp-content\/uploads\/2026\/09\/IMG-20260905-WA0086-800x500.jpg",800,500,true],"covernews-featured":["https:\/\/contextoanalisisperiodistico.com\/wp-content\/uploads\/2026\/09\/IMG-20260905-WA0086-1024x682.jpg",1024,682,true],"covernews-medium":["https:\/\/contextoanalisisperiodistico.com\/wp-content\/uploads\/2026\/09\/IMG-20260905-WA0086-540x340.jpg",540,340,true],"covernews-medium-square":["https:\/\/contextoanalisisperiodistico.com\/wp-content\/uploads\/2026\/09\/IMG-20260905-WA0086-400x250.jpg",400,250,true]},"author_info":{"display_name":"Mario Gir\u00f3n","author_link":"https:\/\/contextoanalisisperiodistico.com\/index.php\/author\/director\/"},"category_info":"<a href=\"https:\/\/contextoanalisisperiodistico.com\/index.php\/category\/politica\/\" rel=\"category tag\">Pol\u00edtica<\/a>","tag_info":"Pol\u00edtica","comment_count":"0","jetpack_featured_media_url":"https:\/\/contextoanalisisperiodistico.com\/wp-content\/uploads\/2026\/09\/IMG-20260905-WA0086.jpg","_links":{"self":[{"href":"https:\/\/contextoanalisisperiodistico.com\/index.php\/wp-json\/wp\/v2\/posts\/58075"}],"collection":[{"href":"https:\/\/contextoanalisisperiodistico.com\/index.php\/wp-json\/wp\/v2\/posts"}],"about":[{"href":"https:\/\/contextoanalisisperiodistico.com\/index.php\/wp-json\/wp\/v2\/types\/post"}],"author":[{"embeddable":true,"href":"https:\/\/contextoanalisisperiodistico.com\/index.php\/wp-json\/wp\/v2\/users\/4"}],"replies":[{"embeddable":true,"href":"https:\/\/contextoanalisisperiodistico.com\/index.php\/wp-json\/wp\/v2\/comments?post=58075"}],"version-history":[{"count":0,"href":"https:\/\/contextoanalisisperiodistico.com\/index.php\/wp-json\/wp\/v2\/posts\/58075\/revisions"}],"wp:featuredmedia":[{"embeddable":true,"href":"https:\/\/contextoanalisisperiodistico.com\/index.php\/wp-json\/wp\/v2\/media\/58070"}],"wp:attachment":[{"href":"https:\/\/contextoanalisisperiodistico.com\/index.php\/wp-json\/wp\/v2\/media?parent=58075"}],"wp:term":[{"taxonomy":"category","embeddable":true,"href":"https:\/\/contextoanalisisperiodistico.com\/index.php\/wp-json\/wp\/v2\/categories?post=58075"},{"taxonomy":"post_tag","embeddable":true,"href":"https:\/\/contextoanalisisperiodistico.com\/index.php\/wp-json\/wp\/v2\/tags?post=58075"}],"curies":[{"name":"wp","href":"https:\/\/api.w.org\/{rel}","templated":true}]}}