{"id":58069,"date":"2026-09-05T14:09:36","date_gmt":"2026-09-05T20:09:36","guid":{"rendered":"https:\/\/contextoanalisisperiodistico.com\/index.php\/2026\/09\/05\/salomon-jara-reafirma-compromiso-social-con-obras-en-santos-reyes-nopala\/"},"modified":"2026-09-05T14:09:36","modified_gmt":"2026-09-05T20:09:36","slug":"salomon-jara-reafirma-compromiso-social-con-obras-en-santos-reyes-nopala","status":"publish","type":"post","link":"https:\/\/contextoanalisisperiodistico.com\/index.php\/2026\/09\/05\/salomon-jara-reafirma-compromiso-social-con-obras-en-santos-reyes-nopala\/","title":{"rendered":"Salom\u00f3n Jara reafirma compromiso social con obras en Santos Reyes Nopala"},"content":{"rendered":"<div id=\"fb-root\"><\/div>\n\n<p>\u2022El gobernador Salom\u00f3n Jara inaugur\u00f3 el camino Nopala-Cuixtla y un Centro de Desarrollo Comunitario con una inversi\u00f3n superior a 19 MDP.<\/p>\n\n\n\n<p>\u2022 Afirma que su gobierno tiene sentido social y no abandonar\u00e1 a las comunidades<\/p>\n\n\n\n<figure class=\"wp-block-image size-large\"><img fetchpriority=\"high\" decoding=\"async\" width=\"830\" height=\"616\" src=\"https:\/\/contextoanalisisperiodistico.com\/wp-content\/uploads\/2026\/09\/img-20260905-wa00532006996487674603230.jpg\" alt=\"\" class=\"wp-image-58064\" srcset=\"https:\/\/contextoanalisisperiodistico.com\/wp-content\/uploads\/2026\/09\/img-20260905-wa00532006996487674603230.jpg 830w, https:\/\/contextoanalisisperiodistico.com\/wp-content\/uploads\/2026\/09\/img-20260905-wa00532006996487674603230-300x223.jpg 300w, https:\/\/contextoanalisisperiodistico.com\/wp-content\/uploads\/2026\/09\/img-20260905-wa00532006996487674603230-768x570.jpg 768w\" sizes=\"(max-width: 830px) 100vw, 830px\" \/><\/figure>\n\n\n\n<figure class=\"wp-block-image\"><img decoding=\"async\" width=\"1024\" height=\"683\" src=\"https:\/\/contextoanalisisperiodistico.com\/wp-content\/uploads\/2026\/09\/img-20260905-wa00505416636214457564758-1024x683.jpg\" alt=\"\" class=\"wp-image-58065\" srcset=\"https:\/\/contextoanalisisperiodistico.com\/wp-content\/uploads\/2026\/09\/img-20260905-wa00505416636214457564758-1024x683.jpg 1024w, https:\/\/contextoanalisisperiodistico.com\/wp-content\/uploads\/2026\/09\/img-20260905-wa00505416636214457564758-300x200.jpg 300w, https:\/\/contextoanalisisperiodistico.com\/wp-content\/uploads\/2026\/09\/img-20260905-wa00505416636214457564758-768x512.jpg 768w, https:\/\/contextoanalisisperiodistico.com\/wp-content\/uploads\/2026\/09\/img-20260905-wa00505416636214457564758.jpg 1280w\" sizes=\"(max-width: 1024px) 100vw, 1024px\" \/><\/figure>\n\n\n\n<figure class=\"wp-block-image\"><img decoding=\"async\" width=\"1024\" height=\"768\" src=\"https:\/\/contextoanalisisperiodistico.com\/wp-content\/uploads\/2026\/09\/img-20260905-wa00472259162318493507466-1024x768.jpg\" alt=\"\" class=\"wp-image-58066\" srcset=\"https:\/\/contextoanalisisperiodistico.com\/wp-content\/uploads\/2026\/09\/img-20260905-wa00472259162318493507466-1024x768.jpg 1024w, https:\/\/contextoanalisisperiodistico.com\/wp-content\/uploads\/2026\/09\/img-20260905-wa00472259162318493507466-300x225.jpg 300w, https:\/\/contextoanalisisperiodistico.com\/wp-content\/uploads\/2026\/09\/img-20260905-wa00472259162318493507466-768x576.jpg 768w, https:\/\/contextoanalisisperiodistico.com\/wp-content\/uploads\/2026\/09\/img-20260905-wa00472259162318493507466.jpg 1280w\" sizes=\"(max-width: 1024px) 100vw, 1024px\" \/><\/figure>\n\n\n\n<figure class=\"wp-block-image\"><img loading=\"lazy\" decoding=\"async\" width=\"300\" height=\"209\" src=\"https:\/\/contextoanalisisperiodistico.com\/wp-content\/uploads\/2026\/09\/img-20260905-wa00527320141893580757275-300x209.jpg\" alt=\"\" class=\"wp-image-58067\" srcset=\"https:\/\/contextoanalisisperiodistico.com\/wp-content\/uploads\/2026\/09\/img-20260905-wa00527320141893580757275-300x209.jpg 300w, https:\/\/contextoanalisisperiodistico.com\/wp-content\/uploads\/2026\/09\/img-20260905-wa00527320141893580757275-768x535.jpg 768w, https:\/\/contextoanalisisperiodistico.com\/wp-content\/uploads\/2026\/09\/img-20260905-wa00527320141893580757275.jpg 972w\" sizes=\"(max-width: 300px) 100vw, 300px\" \/><\/figure>\n\n\n\n<figure class=\"wp-block-image\"><img loading=\"lazy\" decoding=\"async\" width=\"300\" height=\"189\" src=\"https:\/\/contextoanalisisperiodistico.com\/wp-content\/uploads\/2026\/09\/img-20260905-wa0051735824628981846209-300x189.jpg\" alt=\"\" class=\"wp-image-58068\" srcset=\"https:\/\/contextoanalisisperiodistico.com\/wp-content\/uploads\/2026\/09\/img-20260905-wa0051735824628981846209-300x189.jpg 300w, https:\/\/contextoanalisisperiodistico.com\/wp-content\/uploads\/2026\/09\/img-20260905-wa0051735824628981846209-768x483.jpg 768w, https:\/\/contextoanalisisperiodistico.com\/wp-content\/uploads\/2026\/09\/img-20260905-wa0051735824628981846209-800x500.jpg 800w, https:\/\/contextoanalisisperiodistico.com\/wp-content\/uploads\/2026\/09\/img-20260905-wa0051735824628981846209-540x340.jpg 540w, https:\/\/contextoanalisisperiodistico.com\/wp-content\/uploads\/2026\/09\/img-20260905-wa0051735824628981846209-400x250.jpg 400w, https:\/\/contextoanalisisperiodistico.com\/wp-content\/uploads\/2026\/09\/img-20260905-wa0051735824628981846209.jpg 876w\" sizes=\"(max-width: 300px) 100vw, 300px\" \/><\/figure>\n\n\n\n<p>Santos Reyes Nopala, Oax. 05 de septiembre de 2026.- Desde la cuna de la lengua chatina, el Gobernador Salom\u00f3n Jara Cruz inaugur\u00f3 la construcci\u00f3n del camino de pavimento con concreto hidr\u00e1ulico de Santos Reyes Nopala-Santiago Cuixtla, que se traduce en mejor comunicaci\u00f3n y desarrollo para las y los habitantes de este municipio coste\u00f1o.<\/p>\n\n\n\n<p>Esta obra realizada en dos etapas, que da cumplimiento a la palabra empe\u00f1ada del Mandatario estatal, requiri\u00f3 una inversi\u00f3n de 15 millones 264 mil 790 pesos para construir 2 mil 500 metros de longitud de pavimentaci\u00f3n, con un ancho de calzada de seis metros.<\/p>\n\n\n\n<p>\u201cNos parece de la mayor importancia mantener el trabajo con pueblos y comunidades en un gobierno que nosotros llamamos de territorio, no escritorio; un gobierno cercano a las comunidades y las autoridades\u201d refiri\u00f3 Jara Cruz.<\/p>\n\n\n\n<p>\u201cSomos un gobierno con un sentido social, y sobre todo de izquierda, que no puede abandonar al pueblo, al contrario, tiene que estar siempre acompa\u00f1\u00e1ndolos\u201d, reiter\u00f3.<\/p>\n\n\n\n<p>Por otra parte, en esta misma municipalidad, en la localidad Cerro de Aire, el titular del Poder Ejecutivo entreg\u00f3 el Centro de Desarrollo Comunitario que, en una primera etapa, se aplicaron 4 millones de pesos en favor de m\u00e1s de mil habitantes de la localidad.<\/p>\n\n\n\n<p>Esta Obra Primavera contribuye al fortalecimiento del tejido social y convivencia comunitaria, atendiendo principalmente a grupos vulnerables.<\/p>\n\n\n\n<p>El Gobierno del Estado soluciona el rezago de espacios p\u00fablicos y ofrece oportunidades de crecimiento a la ni\u00f1ez y juventud oaxaque\u00f1a.<\/p>\n","protected":false},"excerpt":{"rendered":"<p>\u2022El gobernador Salom\u00f3n Jara inaugur\u00f3 el camino Nopala-Cuixtla y un Centro de Desarrollo Comunitario con&#8230;<\/p>\n","protected":false},"author":4,"featured_media":58063,"comment_status":"","ping_status":"open","sticky":false,"template":"","format":"standard","meta":{"footnotes":""},"categories":[9],"tags":[608],"jetpack_sharing_enabled":true,"featured_image_urls":{"full":["https:\/\/contextoanalisisperiodistico.com\/wp-content\/uploads\/2026\/09\/IMG-20260905-WA0046.jpg",1280,960,false],"thumbnail":["https:\/\/contextoanalisisperiodistico.com\/wp-content\/uploads\/2026\/09\/IMG-20260905-WA0046-150x150.jpg",150,150,true],"medium":["https:\/\/contextoanalisisperiodistico.com\/wp-content\/uploads\/2026\/09\/IMG-20260905-WA0046-300x225.jpg",300,225,true],"medium_large":["https:\/\/contextoanalisisperiodistico.com\/wp-content\/uploads\/2026\/09\/IMG-20260905-WA0046-768x576.jpg",640,480,true],"large":["https:\/\/contextoanalisisperiodistico.com\/wp-content\/uploads\/2026\/09\/IMG-20260905-WA0046-1024x768.jpg",640,480,true],"1536x1536":["https:\/\/contextoanalisisperiodistico.com\/wp-content\/uploads\/2026\/09\/IMG-20260905-WA0046.jpg",1280,960,false],"2048x2048":["https:\/\/contextoanalisisperiodistico.com\/wp-content\/uploads\/2026\/09\/IMG-20260905-WA0046.jpg",1280,960,false],"covernews-slider-full":["https:\/\/contextoanalisisperiodistico.com\/wp-content\/uploads\/2026\/09\/IMG-20260905-WA0046-1115x715.jpg",1115,715,true],"covernews-slider-center":["https:\/\/contextoanalisisperiodistico.com\/wp-content\/uploads\/2026\/09\/IMG-20260905-WA0046-800x500.jpg",800,500,true],"covernews-featured":["https:\/\/contextoanalisisperiodistico.com\/wp-content\/uploads\/2026\/09\/IMG-20260905-WA0046-1024x768.jpg",1024,768,true],"covernews-medium":["https:\/\/contextoanalisisperiodistico.com\/wp-content\/uploads\/2026\/09\/IMG-20260905-WA0046-540x340.jpg",540,340,true],"covernews-medium-square":["https:\/\/contextoanalisisperiodistico.com\/wp-content\/uploads\/2026\/09\/IMG-20260905-WA0046-400x250.jpg",400,250,true]},"author_info":{"display_name":"Mario Gir\u00f3n","author_link":"https:\/\/contextoanalisisperiodistico.com\/index.php\/author\/director\/"},"category_info":"<a href=\"https:\/\/contextoanalisisperiodistico.com\/index.php\/category\/politica\/\" rel=\"category tag\">Pol\u00edtica<\/a>","tag_info":"Pol\u00edtica","comment_count":"0","jetpack_featured_media_url":"https:\/\/contextoanalisisperiodistico.com\/wp-content\/uploads\/2026\/09\/IMG-20260905-WA0046.jpg","_links":{"self":[{"href":"https:\/\/contextoanalisisperiodistico.com\/index.php\/wp-json\/wp\/v2\/posts\/58069"}],"collection":[{"href":"https:\/\/contextoanalisisperiodistico.com\/index.php\/wp-json\/wp\/v2\/posts"}],"about":[{"href":"https:\/\/contextoanalisisperiodistico.com\/index.php\/wp-json\/wp\/v2\/types\/post"}],"author":[{"embeddable":true,"href":"https:\/\/contextoanalisisperiodistico.com\/index.php\/wp-json\/wp\/v2\/users\/4"}],"replies":[{"embeddable":true,"href":"https:\/\/contextoanalisisperiodistico.com\/index.php\/wp-json\/wp\/v2\/comments?post=58069"}],"version-history":[{"count":0,"href":"https:\/\/contextoanalisisperiodistico.com\/index.php\/wp-json\/wp\/v2\/posts\/58069\/revisions"}],"wp:featuredmedia":[{"embeddable":true,"href":"https:\/\/contextoanalisisperiodistico.com\/index.php\/wp-json\/wp\/v2\/media\/58063"}],"wp:attachment":[{"href":"https:\/\/contextoanalisisperiodistico.com\/index.php\/wp-json\/wp\/v2\/media?parent=58069"}],"wp:term":[{"taxonomy":"category","embeddable":true,"href":"https:\/\/contextoanalisisperiodistico.com\/index.php\/wp-json\/wp\/v2\/categories?post=58069"},{"taxonomy":"post_tag","embeddable":true,"href":"https:\/\/contextoanalisisperiodistico.com\/index.php\/wp-json\/wp\/v2\/tags?post=58069"}],"curies":[{"name":"wp","href":"https:\/\/api.w.org\/{rel}","templated":true}]}}