{"id":58062,"date":"2026-09-05T13:22:40","date_gmt":"2026-09-05T19:22:40","guid":{"rendered":"https:\/\/contextoanalisisperiodistico.com\/index.php\/2026\/09\/05\/desde-la-aalmac-ray-chagoya-lidera-estrategia-hidrica-para-oaxaca\/"},"modified":"2026-09-05T13:22:40","modified_gmt":"2026-09-05T19:22:40","slug":"desde-la-aalmac-ray-chagoya-lidera-estrategia-hidrica-para-oaxaca","status":"publish","type":"post","link":"https:\/\/contextoanalisisperiodistico.com\/index.php\/2026\/09\/05\/desde-la-aalmac-ray-chagoya-lidera-estrategia-hidrica-para-oaxaca\/","title":{"rendered":"\u200bDesde la AALMAC, Ray Chagoya lidera estrategia h\u00eddrica para Oaxaca"},"content":{"rendered":"<div id=\"fb-root\"><\/div>\n\n<p>El presidente municipal de Oaxaca de Ju\u00e1rez, Ray Chagoya, en su calidad de coordinador estatal de la Asociaci\u00f3n de Autoridades Locales de M\u00e9xico (AALMAC), sostuvo un encuentro con representantes del Organismo Cuenca P\u00e1cifico Sur de la Comisi\u00f3n Nacional del Agua (Conagua), del Instituto Nacional para el Federalismo y el Desarrollo Municipal (INAFED), as\u00ed como con autoridades municipales, con el objetivo de dialogar sobre los principales retos que enfrentan los municipios en materia h\u00eddrica.<\/p>\n\n\n\n<figure class=\"wp-block-image size-large\"><img fetchpriority=\"high\" decoding=\"async\" width=\"1024\" height=\"683\" src=\"https:\/\/contextoanalisisperiodistico.com\/wp-content\/uploads\/2026\/09\/img-20260905-wa00593610748680224285059-1024x683.jpg\" alt=\"\" class=\"wp-image-58059\" srcset=\"https:\/\/contextoanalisisperiodistico.com\/wp-content\/uploads\/2026\/09\/img-20260905-wa00593610748680224285059-1024x683.jpg 1024w, https:\/\/contextoanalisisperiodistico.com\/wp-content\/uploads\/2026\/09\/img-20260905-wa00593610748680224285059-300x200.jpg 300w, https:\/\/contextoanalisisperiodistico.com\/wp-content\/uploads\/2026\/09\/img-20260905-wa00593610748680224285059-768x512.jpg 768w, https:\/\/contextoanalisisperiodistico.com\/wp-content\/uploads\/2026\/09\/img-20260905-wa00593610748680224285059-1536x1024.jpg 1536w, https:\/\/contextoanalisisperiodistico.com\/wp-content\/uploads\/2026\/09\/img-20260905-wa00593610748680224285059-2048x1365.jpg 2048w\" sizes=\"(max-width: 1024px) 100vw, 1024px\" \/><\/figure>\n\n\n\n<figure class=\"wp-block-image\"><img decoding=\"async\" width=\"1024\" height=\"683\" src=\"https:\/\/contextoanalisisperiodistico.com\/wp-content\/uploads\/2026\/09\/img-20260905-wa00612497446827136731005-1024x683.jpg\" alt=\"\" class=\"wp-image-58060\" srcset=\"https:\/\/contextoanalisisperiodistico.com\/wp-content\/uploads\/2026\/09\/img-20260905-wa00612497446827136731005-1024x683.jpg 1024w, https:\/\/contextoanalisisperiodistico.com\/wp-content\/uploads\/2026\/09\/img-20260905-wa00612497446827136731005-300x200.jpg 300w, https:\/\/contextoanalisisperiodistico.com\/wp-content\/uploads\/2026\/09\/img-20260905-wa00612497446827136731005-768x512.jpg 768w, https:\/\/contextoanalisisperiodistico.com\/wp-content\/uploads\/2026\/09\/img-20260905-wa00612497446827136731005-1536x1024.jpg 1536w, https:\/\/contextoanalisisperiodistico.com\/wp-content\/uploads\/2026\/09\/img-20260905-wa00612497446827136731005-2048x1365.jpg 2048w\" sizes=\"(max-width: 1024px) 100vw, 1024px\" \/><\/figure>\n\n\n\n<figure class=\"wp-block-image\"><img decoding=\"async\" width=\"1024\" height=\"683\" src=\"https:\/\/contextoanalisisperiodistico.com\/wp-content\/uploads\/2026\/09\/img-20260905-wa00656225498836923611252-1024x683.jpg\" alt=\"\" class=\"wp-image-58061\" srcset=\"https:\/\/contextoanalisisperiodistico.com\/wp-content\/uploads\/2026\/09\/img-20260905-wa00656225498836923611252-1024x683.jpg 1024w, https:\/\/contextoanalisisperiodistico.com\/wp-content\/uploads\/2026\/09\/img-20260905-wa00656225498836923611252-300x200.jpg 300w, https:\/\/contextoanalisisperiodistico.com\/wp-content\/uploads\/2026\/09\/img-20260905-wa00656225498836923611252-768x512.jpg 768w, https:\/\/contextoanalisisperiodistico.com\/wp-content\/uploads\/2026\/09\/img-20260905-wa00656225498836923611252-1536x1024.jpg 1536w, https:\/\/contextoanalisisperiodistico.com\/wp-content\/uploads\/2026\/09\/img-20260905-wa00656225498836923611252-2048x1365.jpg 2048w\" sizes=\"(max-width: 1024px) 100vw, 1024px\" \/><\/figure>\n\n\n\n<p>Durante el encuentro, el edil capitalino se\u00f1al\u00f3 que cada municipio presenta condiciones y necesidades particulares en torno al acceso, manejo y aprovechamiento del agua; sin embargo, destac\u00f3 que la suma de esfuerzos y la construcci\u00f3n de una agenda com\u00fan permitir\u00e1n avanzar hacia soluciones coordinadas y establecer una ruta de trabajo que atienda las distintas problem\u00e1ticas desde una visi\u00f3n regional.<\/p>\n\n\n\n<p>Ray Chagoya resalt\u00f3 la importancia de fortalecer la coordinaci\u00f3n y el trabajo en equipo entre las autoridades municipales de Oaxaca que forman parte de la AALMAC, as\u00ed como de mantener una colaboraci\u00f3n permanente con las instituciones federales para impulsar estrategias, gestionar proyectos y construir soluciones en distintos \u00e1mbitos que contribuyan al desarrollo y bienestar de los municipios.<\/p>\n","protected":false},"excerpt":{"rendered":"<p>El presidente municipal de Oaxaca de Ju\u00e1rez, Ray Chagoya, en su calidad de coordinador estatal&#8230;<\/p>\n","protected":false},"author":4,"featured_media":58058,"comment_status":"","ping_status":"open","sticky":false,"template":"","format":"standard","meta":{"footnotes":""},"categories":[9],"tags":[673,424,45],"jetpack_sharing_enabled":true,"featured_image_urls":{"full":["https:\/\/contextoanalisisperiodistico.com\/wp-content\/uploads\/2026\/09\/IMG-20260905-WA0063-scaled.jpg",2560,1706,false],"thumbnail":["https:\/\/contextoanalisisperiodistico.com\/wp-content\/uploads\/2026\/09\/IMG-20260905-WA0063-150x150.jpg",150,150,true],"medium":["https:\/\/contextoanalisisperiodistico.com\/wp-content\/uploads\/2026\/09\/IMG-20260905-WA0063-300x200.jpg",300,200,true],"medium_large":["https:\/\/contextoanalisisperiodistico.com\/wp-content\/uploads\/2026\/09\/IMG-20260905-WA0063-768x512.jpg",640,427,true],"large":["https:\/\/contextoanalisisperiodistico.com\/wp-content\/uploads\/2026\/09\/IMG-20260905-WA0063-1024x683.jpg",640,427,true],"1536x1536":["https:\/\/contextoanalisisperiodistico.com\/wp-content\/uploads\/2026\/09\/IMG-20260905-WA0063-1536x1024.jpg",1536,1024,true],"2048x2048":["https:\/\/contextoanalisisperiodistico.com\/wp-content\/uploads\/2026\/09\/IMG-20260905-WA0063-2048x1365.jpg",2048,1365,true],"covernews-slider-full":["https:\/\/contextoanalisisperiodistico.com\/wp-content\/uploads\/2026\/09\/IMG-20260905-WA0063-1115x715.jpg",1115,715,true],"covernews-slider-center":["https:\/\/contextoanalisisperiodistico.com\/wp-content\/uploads\/2026\/09\/IMG-20260905-WA0063-800x500.jpg",800,500,true],"covernews-featured":["https:\/\/contextoanalisisperiodistico.com\/wp-content\/uploads\/2026\/09\/IMG-20260905-WA0063-1024x683.jpg",1024,683,true],"covernews-medium":["https:\/\/contextoanalisisperiodistico.com\/wp-content\/uploads\/2026\/09\/IMG-20260905-WA0063-540x340.jpg",540,340,true],"covernews-medium-square":["https:\/\/contextoanalisisperiodistico.com\/wp-content\/uploads\/2026\/09\/IMG-20260905-WA0063-400x250.jpg",400,250,true]},"author_info":{"display_name":"Mario Gir\u00f3n","author_link":"https:\/\/contextoanalisisperiodistico.com\/index.php\/author\/director\/"},"category_info":"<a href=\"https:\/\/contextoanalisisperiodistico.com\/index.php\/category\/politica\/\" rel=\"category tag\">Pol\u00edtica<\/a>","tag_info":"Pol\u00edtica","comment_count":"0","jetpack_featured_media_url":"https:\/\/contextoanalisisperiodistico.com\/wp-content\/uploads\/2026\/09\/IMG-20260905-WA0063-scaled.jpg","_links":{"self":[{"href":"https:\/\/contextoanalisisperiodistico.com\/index.php\/wp-json\/wp\/v2\/posts\/58062"}],"collection":[{"href":"https:\/\/contextoanalisisperiodistico.com\/index.php\/wp-json\/wp\/v2\/posts"}],"about":[{"href":"https:\/\/contextoanalisisperiodistico.com\/index.php\/wp-json\/wp\/v2\/types\/post"}],"author":[{"embeddable":true,"href":"https:\/\/contextoanalisisperiodistico.com\/index.php\/wp-json\/wp\/v2\/users\/4"}],"replies":[{"embeddable":true,"href":"https:\/\/contextoanalisisperiodistico.com\/index.php\/wp-json\/wp\/v2\/comments?post=58062"}],"version-history":[{"count":0,"href":"https:\/\/contextoanalisisperiodistico.com\/index.php\/wp-json\/wp\/v2\/posts\/58062\/revisions"}],"wp:featuredmedia":[{"embeddable":true,"href":"https:\/\/contextoanalisisperiodistico.com\/index.php\/wp-json\/wp\/v2\/media\/58058"}],"wp:attachment":[{"href":"https:\/\/contextoanalisisperiodistico.com\/index.php\/wp-json\/wp\/v2\/media?parent=58062"}],"wp:term":[{"taxonomy":"category","embeddable":true,"href":"https:\/\/contextoanalisisperiodistico.com\/index.php\/wp-json\/wp\/v2\/categories?post=58062"},{"taxonomy":"post_tag","embeddable":true,"href":"https:\/\/contextoanalisisperiodistico.com\/index.php\/wp-json\/wp\/v2\/tags?post=58062"}],"curies":[{"name":"wp","href":"https:\/\/api.w.org\/{rel}","templated":true}]}}