{"id":58057,"date":"2026-09-05T12:42:00","date_gmt":"2026-09-05T18:42:00","guid":{"rendered":"https:\/\/contextoanalisisperiodistico.com\/index.php\/2026\/09\/05\/programa-de-recuperacion-de-fosas-2026-en-oaxaca-de-juarez\/"},"modified":"2026-09-05T12:42:00","modified_gmt":"2026-09-05T18:42:00","slug":"programa-de-recuperacion-de-fosas-2026-en-oaxaca-de-juarez","status":"publish","type":"post","link":"https:\/\/contextoanalisisperiodistico.com\/index.php\/2026\/09\/05\/programa-de-recuperacion-de-fosas-2026-en-oaxaca-de-juarez\/","title":{"rendered":"Programa de Recuperaci\u00f3n de Fosas 2026 en Oaxaca de Ju\u00e1rez"},"content":{"rendered":"<div id=\"fb-root\"><\/div>\n\n<p>El Municipio de Oaxaca de Ju\u00e1rez, a trav\u00e9s de la Unidad de Panteones, contin\u00faa con el Programa de Recuperaci\u00f3n de Fosas 2026, con el objetivo de mantener el orden y brindar certeza en la administraci\u00f3n de los espacios disponibles en los panteones municipales.<\/p>\n\n\n\n<p>Las personas titulares o familiares de alguna de las fosas incluidas en el edicto deber\u00e1n acreditar la titularidad o el parentesco correspondiente ante la Unidad de Panteones. Para realizar este procedimiento se cuenta con un plazo de 90 d\u00edas naturales, contados a partir de la \u00faltima publicaci\u00f3n del edicto, de conformidad con el Reglamento de Panteones del Municipio de Oaxaca de Ju\u00e1rez.<\/p>\n\n\n\n<p>Asimismo, se informa que actualmente se cuenta con espacios disponibles tanto en el Pante\u00f3n General como en el Pante\u00f3n Jard\u00edn, por lo que las personas interesadas pueden acercarse para recibir informaci\u00f3n sobre los espacios y los tr\u00e1mites correspondientes.<\/p>\n\n\n\n<p>La atenci\u00f3n se brinda en las oficinas ubicadas en Amapolas n\u00famero 801, esquina con Sabinos, planta alta, colonia Reforma, de lunes a viernes, en un horario de 9:00 a 15:00 horas. Para mayor informaci\u00f3n est\u00e1 disponible el n\u00famero telef\u00f3nico 951 516 7166.<\/p>\n","protected":false},"excerpt":{"rendered":"<p>El Municipio de Oaxaca de Ju\u00e1rez, a trav\u00e9s de la Unidad de Panteones, contin\u00faa con&#8230;<\/p>\n","protected":false},"author":4,"featured_media":58056,"comment_status":"","ping_status":"open","sticky":false,"template":"","format":"standard","meta":{"footnotes":""},"categories":[3],"tags":[673,424,45],"jetpack_sharing_enabled":true,"featured_image_urls":{"full":["https:\/\/contextoanalisisperiodistico.com\/wp-content\/uploads\/2026\/09\/IMG-20260904-WA0029.jpg",1281,1600,false],"thumbnail":["https:\/\/contextoanalisisperiodistico.com\/wp-content\/uploads\/2026\/09\/IMG-20260904-WA0029-150x150.jpg",150,150,true],"medium":["https:\/\/contextoanalisisperiodistico.com\/wp-content\/uploads\/2026\/09\/IMG-20260904-WA0029-240x300.jpg",240,300,true],"medium_large":["https:\/\/contextoanalisisperiodistico.com\/wp-content\/uploads\/2026\/09\/IMG-20260904-WA0029-768x959.jpg",640,799,true],"large":["https:\/\/contextoanalisisperiodistico.com\/wp-content\/uploads\/2026\/09\/IMG-20260904-WA0029-820x1024.jpg",640,799,true],"1536x1536":["https:\/\/contextoanalisisperiodistico.com\/wp-content\/uploads\/2026\/09\/IMG-20260904-WA0029-1230x1536.jpg",1230,1536,true],"2048x2048":["https:\/\/contextoanalisisperiodistico.com\/wp-content\/uploads\/2026\/09\/IMG-20260904-WA0029.jpg",1281,1600,false],"covernews-slider-full":["https:\/\/contextoanalisisperiodistico.com\/wp-content\/uploads\/2026\/09\/IMG-20260904-WA0029-1115x715.jpg",1115,715,true],"covernews-slider-center":["https:\/\/contextoanalisisperiodistico.com\/wp-content\/uploads\/2026\/09\/IMG-20260904-WA0029-800x500.jpg",800,500,true],"covernews-featured":["https:\/\/contextoanalisisperiodistico.com\/wp-content\/uploads\/2026\/09\/IMG-20260904-WA0029-1024x1279.jpg",1024,1279,true],"covernews-medium":["https:\/\/contextoanalisisperiodistico.com\/wp-content\/uploads\/2026\/09\/IMG-20260904-WA0029-540x340.jpg",540,340,true],"covernews-medium-square":["https:\/\/contextoanalisisperiodistico.com\/wp-content\/uploads\/2026\/09\/IMG-20260904-WA0029-400x250.jpg",400,250,true]},"author_info":{"display_name":"Mario Gir\u00f3n","author_link":"https:\/\/contextoanalisisperiodistico.com\/index.php\/author\/director\/"},"category_info":"<a href=\"https:\/\/contextoanalisisperiodistico.com\/index.php\/category\/ciudad\/\" rel=\"category tag\">Ciudad<\/a>","tag_info":"Ciudad","comment_count":"0","jetpack_featured_media_url":"https:\/\/contextoanalisisperiodistico.com\/wp-content\/uploads\/2026\/09\/IMG-20260904-WA0029.jpg","_links":{"self":[{"href":"https:\/\/contextoanalisisperiodistico.com\/index.php\/wp-json\/wp\/v2\/posts\/58057"}],"collection":[{"href":"https:\/\/contextoanalisisperiodistico.com\/index.php\/wp-json\/wp\/v2\/posts"}],"about":[{"href":"https:\/\/contextoanalisisperiodistico.com\/index.php\/wp-json\/wp\/v2\/types\/post"}],"author":[{"embeddable":true,"href":"https:\/\/contextoanalisisperiodistico.com\/index.php\/wp-json\/wp\/v2\/users\/4"}],"replies":[{"embeddable":true,"href":"https:\/\/contextoanalisisperiodistico.com\/index.php\/wp-json\/wp\/v2\/comments?post=58057"}],"version-history":[{"count":0,"href":"https:\/\/contextoanalisisperiodistico.com\/index.php\/wp-json\/wp\/v2\/posts\/58057\/revisions"}],"wp:featuredmedia":[{"embeddable":true,"href":"https:\/\/contextoanalisisperiodistico.com\/index.php\/wp-json\/wp\/v2\/media\/58056"}],"wp:attachment":[{"href":"https:\/\/contextoanalisisperiodistico.com\/index.php\/wp-json\/wp\/v2\/media?parent=58057"}],"wp:term":[{"taxonomy":"category","embeddable":true,"href":"https:\/\/contextoanalisisperiodistico.com\/index.php\/wp-json\/wp\/v2\/categories?post=58057"},{"taxonomy":"post_tag","embeddable":true,"href":"https:\/\/contextoanalisisperiodistico.com\/index.php\/wp-json\/wp\/v2\/tags?post=58057"}],"curies":[{"name":"wp","href":"https:\/\/api.w.org\/{rel}","templated":true}]}}