{"id":58013,"date":"2026-09-04T18:53:16","date_gmt":"2026-09-05T00:53:16","guid":{"rendered":"https:\/\/contextoanalisisperiodistico.com\/index.php\/2026\/09\/04\/salomon-jara-entrega-viviendas-a-damnificados-en-la-costa-de-oaxaca\/"},"modified":"2026-09-04T18:53:16","modified_gmt":"2026-09-05T00:53:16","slug":"salomon-jara-entrega-viviendas-a-damnificados-en-la-costa-de-oaxaca","status":"publish","type":"post","link":"https:\/\/contextoanalisisperiodistico.com\/index.php\/2026\/09\/04\/salomon-jara-entrega-viviendas-a-damnificados-en-la-costa-de-oaxaca\/","title":{"rendered":"Salom\u00f3n Jara entrega viviendas a damnificados en la Costa de Oaxaca"},"content":{"rendered":"<div id=\"fb-root\"><\/div>\n\n<p>\u2022 Gracias al trabajo en equipo entre el Gobernador y la Presidenta de la Rep\u00fablica, se entregaron casas nuevas a 40 personas damnificadas<\/p>\n\n\n\n<figure class=\"wp-block-image size-large\"><img fetchpriority=\"high\" decoding=\"async\" width=\"827\" height=\"754\" src=\"https:\/\/contextoanalisisperiodistico.com\/wp-content\/uploads\/2026\/09\/img-20260904-wa00706613141248582405915.jpg\" alt=\"\" class=\"wp-image-58008\" srcset=\"https:\/\/contextoanalisisperiodistico.com\/wp-content\/uploads\/2026\/09\/img-20260904-wa00706613141248582405915.jpg 827w, https:\/\/contextoanalisisperiodistico.com\/wp-content\/uploads\/2026\/09\/img-20260904-wa00706613141248582405915-300x274.jpg 300w, https:\/\/contextoanalisisperiodistico.com\/wp-content\/uploads\/2026\/09\/img-20260904-wa00706613141248582405915-768x700.jpg 768w\" sizes=\"(max-width: 827px) 100vw, 827px\" \/><\/figure>\n\n\n\n<figure class=\"wp-block-image\"><img decoding=\"async\" width=\"1024\" height=\"683\" src=\"https:\/\/contextoanalisisperiodistico.com\/wp-content\/uploads\/2026\/09\/img-20260904-wa00721289549935198968543-1024x683.jpg\" alt=\"\" class=\"wp-image-58006\" srcset=\"https:\/\/contextoanalisisperiodistico.com\/wp-content\/uploads\/2026\/09\/img-20260904-wa00721289549935198968543-1024x683.jpg 1024w, https:\/\/contextoanalisisperiodistico.com\/wp-content\/uploads\/2026\/09\/img-20260904-wa00721289549935198968543-300x200.jpg 300w, https:\/\/contextoanalisisperiodistico.com\/wp-content\/uploads\/2026\/09\/img-20260904-wa00721289549935198968543-768x512.jpg 768w, https:\/\/contextoanalisisperiodistico.com\/wp-content\/uploads\/2026\/09\/img-20260904-wa00721289549935198968543.jpg 1280w\" sizes=\"(max-width: 1024px) 100vw, 1024px\" \/><\/figure>\n\n\n\n<figure class=\"wp-block-image\"><img decoding=\"async\" width=\"259\" height=\"300\" src=\"https:\/\/contextoanalisisperiodistico.com\/wp-content\/uploads\/2026\/09\/img-20260904-wa00757072370947606843244-259x300.jpg\" alt=\"\" class=\"wp-image-58007\" srcset=\"https:\/\/contextoanalisisperiodistico.com\/wp-content\/uploads\/2026\/09\/img-20260904-wa00757072370947606843244-259x300.jpg 259w, https:\/\/contextoanalisisperiodistico.com\/wp-content\/uploads\/2026\/09\/img-20260904-wa00757072370947606843244.jpg 704w\" sizes=\"(max-width: 259px) 100vw, 259px\" \/><\/figure>\n\n\n\n<figure class=\"wp-block-image\"><img loading=\"lazy\" decoding=\"async\" width=\"300\" height=\"273\" src=\"https:\/\/contextoanalisisperiodistico.com\/wp-content\/uploads\/2026\/09\/img-20260904-wa00736118875027091814316-300x273.jpg\" alt=\"\" class=\"wp-image-58010\" srcset=\"https:\/\/contextoanalisisperiodistico.com\/wp-content\/uploads\/2026\/09\/img-20260904-wa00736118875027091814316-300x273.jpg 300w, https:\/\/contextoanalisisperiodistico.com\/wp-content\/uploads\/2026\/09\/img-20260904-wa00736118875027091814316-768x698.jpg 768w, https:\/\/contextoanalisisperiodistico.com\/wp-content\/uploads\/2026\/09\/img-20260904-wa00736118875027091814316.jpg 947w\" sizes=\"(max-width: 300px) 100vw, 300px\" \/><\/figure>\n\n\n\n<figure class=\"wp-block-image\"><img loading=\"lazy\" decoding=\"async\" width=\"300\" height=\"196\" src=\"https:\/\/contextoanalisisperiodistico.com\/wp-content\/uploads\/2026\/09\/img-20260904-wa00746951688503273748328-300x196.jpg\" alt=\"\" class=\"wp-image-58009\" srcset=\"https:\/\/contextoanalisisperiodistico.com\/wp-content\/uploads\/2026\/09\/img-20260904-wa00746951688503273748328-300x196.jpg 300w, https:\/\/contextoanalisisperiodistico.com\/wp-content\/uploads\/2026\/09\/img-20260904-wa00746951688503273748328-768x502.jpg 768w, https:\/\/contextoanalisisperiodistico.com\/wp-content\/uploads\/2026\/09\/img-20260904-wa00746951688503273748328.jpg 1021w\" sizes=\"(max-width: 300px) 100vw, 300px\" \/><\/figure>\n\n\n\n<figure class=\"wp-block-image\"><img loading=\"lazy\" decoding=\"async\" width=\"1024\" height=\"762\" src=\"https:\/\/contextoanalisisperiodistico.com\/wp-content\/uploads\/2026\/09\/img-20260904-wa00687972925995105349815-1024x762.jpg\" alt=\"\" class=\"wp-image-58011\" srcset=\"https:\/\/contextoanalisisperiodistico.com\/wp-content\/uploads\/2026\/09\/img-20260904-wa00687972925995105349815-1024x762.jpg 1024w, https:\/\/contextoanalisisperiodistico.com\/wp-content\/uploads\/2026\/09\/img-20260904-wa00687972925995105349815-300x223.jpg 300w, https:\/\/contextoanalisisperiodistico.com\/wp-content\/uploads\/2026\/09\/img-20260904-wa00687972925995105349815-768x572.jpg 768w, https:\/\/contextoanalisisperiodistico.com\/wp-content\/uploads\/2026\/09\/img-20260904-wa00687972925995105349815.jpg 1147w\" sizes=\"(max-width: 1024px) 100vw, 1024px\" \/><\/figure>\n\n\n\n<figure class=\"wp-block-image\"><img loading=\"lazy\" decoding=\"async\" width=\"1024\" height=\"683\" src=\"https:\/\/contextoanalisisperiodistico.com\/wp-content\/uploads\/2026\/09\/img-20260904-wa00712594702103620847272-1024x683.jpg\" alt=\"\" class=\"wp-image-58012\" srcset=\"https:\/\/contextoanalisisperiodistico.com\/wp-content\/uploads\/2026\/09\/img-20260904-wa00712594702103620847272-1024x683.jpg 1024w, https:\/\/contextoanalisisperiodistico.com\/wp-content\/uploads\/2026\/09\/img-20260904-wa00712594702103620847272-300x200.jpg 300w, https:\/\/contextoanalisisperiodistico.com\/wp-content\/uploads\/2026\/09\/img-20260904-wa00712594702103620847272-768x512.jpg 768w, https:\/\/contextoanalisisperiodistico.com\/wp-content\/uploads\/2026\/09\/img-20260904-wa00712594702103620847272.jpg 1280w\" sizes=\"(max-width: 1024px) 100vw, 1024px\" \/><\/figure>\n\n\n\n<p>\u2022 \u00a1Ahora los recursos del pueblo llegan al pueblo! Afirma el Gobernador<\/p>\n\n\n\n<p>Regi\u00f3n Costa, Oax., 04 de septiembre de 2026.- Gracias al trabajo en equipo entre el Gobernador de Oaxaca, Salom\u00f3n Jara Cruz y la Presidenta de la Rep\u00fablica, Claudia Sheinbaum Pardo se entregaron viviendas del programa \u201cHogar Primavera\u201d a quienes perdieron su patrimonio con el paso del hurac\u00e1n Erick.<\/p>\n\n\n\n<p>Durante su recorrido en territorio, el Mandatario estatal entreg\u00f3 las primeras tres viviendas en Paso de la Garrocha, Santiago Pinotepa Nacional, con una inversi\u00f3n de 1 mill\u00f3n 760 mil 283.10 pesos y benefician directamente a 12 personas.<\/p>\n\n\n\n<p>Durante esta jornada, instruy\u00f3 a Vivienda Bienestar (Vibien) trabajar para atender las necesidades en vivienda de la comunidad, \u201cvamos a seguir apoy\u00e1ndolos\u201d, afirm\u00f3.<\/p>\n\n\n\n<p>\u201cEste es el Gobierno de la Transformaci\u00f3n; la Primavera Oaxaque\u00f1a es del pueblo y para el pueblo, es justo, que s\u00ed entrega y s\u00ed da resultados. Estas casas son producto del trabajo en equipo entre la Presidencia de M\u00e9xico, el Gobierno de Oaxaca, y tambi\u00e9n diputadas, diputados, senadoras y senadores que han peleado el presupuesto para poder aliviar los dolores de la gente frente a un desastre natural\u201d, dijo.<\/p>\n\n\n\n<p>Hogar Primavera tambi\u00e9n benefici\u00f3 a la comunidad de La Tuza de Monroy, en Santiago Jamiltepec, con siete viviendas completas, por una inversi\u00f3n de 7 millones 442 mil pesos, en beneficio directo de 28 habitantes.<\/p>\n\n\n\n<p>En La Tuza de Monroy, el programa contempla 19 acciones de vivienda, siete se entregan completas y 12 contin\u00faan en proceso de terminaci\u00f3n.<\/p>\n\n\n\n<p>Con estas acciones que ampl\u00edan el acceso a viviendas adecuadas, seguras y funcionales, en ambas localidades se destinaron 9 millones 202 mil 283.10 pesos para 10 viviendas y 40 beneficiarios directos.<\/p>\n\n\n\n<p>Se tiene una meta en la zona de edificar 149 casas con una inversi\u00f3n de 57.8 millones de pesos en los municipios de Santiago Jamiltepec, Santiago Tapextla, Santo Domingo Armenta, Villa de Tututepec, Santiago Pinotepa Nacional y Santa Mar\u00eda Huazolotitl\u00e1n.<\/p>\n","protected":false},"excerpt":{"rendered":"<p>\u2022 Gracias al trabajo en equipo entre el Gobernador y la Presidenta de la Rep\u00fablica,&#8230;<\/p>\n","protected":false},"author":4,"featured_media":58005,"comment_status":"","ping_status":"open","sticky":false,"template":"","format":"standard","meta":{"footnotes":""},"categories":[9],"tags":[593,608],"jetpack_sharing_enabled":true,"featured_image_urls":{"full":["https:\/\/contextoanalisisperiodistico.com\/wp-content\/uploads\/2026\/09\/IMG-20260904-WA0069.jpg",1094,770,false],"thumbnail":["https:\/\/contextoanalisisperiodistico.com\/wp-content\/uploads\/2026\/09\/IMG-20260904-WA0069-150x150.jpg",150,150,true],"medium":["https:\/\/contextoanalisisperiodistico.com\/wp-content\/uploads\/2026\/09\/IMG-20260904-WA0069-300x211.jpg",300,211,true],"medium_large":["https:\/\/contextoanalisisperiodistico.com\/wp-content\/uploads\/2026\/09\/IMG-20260904-WA0069-768x541.jpg",640,451,true],"large":["https:\/\/contextoanalisisperiodistico.com\/wp-content\/uploads\/2026\/09\/IMG-20260904-WA0069-1024x721.jpg",640,451,true],"1536x1536":["https:\/\/contextoanalisisperiodistico.com\/wp-content\/uploads\/2026\/09\/IMG-20260904-WA0069.jpg",1094,770,false],"2048x2048":["https:\/\/contextoanalisisperiodistico.com\/wp-content\/uploads\/2026\/09\/IMG-20260904-WA0069.jpg",1094,770,false],"covernews-slider-full":["https:\/\/contextoanalisisperiodistico.com\/wp-content\/uploads\/2026\/09\/IMG-20260904-WA0069-1094x715.jpg",1094,715,true],"covernews-slider-center":["https:\/\/contextoanalisisperiodistico.com\/wp-content\/uploads\/2026\/09\/IMG-20260904-WA0069-800x500.jpg",800,500,true],"covernews-featured":["https:\/\/contextoanalisisperiodistico.com\/wp-content\/uploads\/2026\/09\/IMG-20260904-WA0069-1024x721.jpg",1024,721,true],"covernews-medium":["https:\/\/contextoanalisisperiodistico.com\/wp-content\/uploads\/2026\/09\/IMG-20260904-WA0069-540x340.jpg",540,340,true],"covernews-medium-square":["https:\/\/contextoanalisisperiodistico.com\/wp-content\/uploads\/2026\/09\/IMG-20260904-WA0069-400x250.jpg",400,250,true]},"author_info":{"display_name":"Mario Gir\u00f3n","author_link":"https:\/\/contextoanalisisperiodistico.com\/index.php\/author\/director\/"},"category_info":"<a href=\"https:\/\/contextoanalisisperiodistico.com\/index.php\/category\/politica\/\" rel=\"category tag\">Pol\u00edtica<\/a>","tag_info":"Pol\u00edtica","comment_count":"0","jetpack_featured_media_url":"https:\/\/contextoanalisisperiodistico.com\/wp-content\/uploads\/2026\/09\/IMG-20260904-WA0069.jpg","_links":{"self":[{"href":"https:\/\/contextoanalisisperiodistico.com\/index.php\/wp-json\/wp\/v2\/posts\/58013"}],"collection":[{"href":"https:\/\/contextoanalisisperiodistico.com\/index.php\/wp-json\/wp\/v2\/posts"}],"about":[{"href":"https:\/\/contextoanalisisperiodistico.com\/index.php\/wp-json\/wp\/v2\/types\/post"}],"author":[{"embeddable":true,"href":"https:\/\/contextoanalisisperiodistico.com\/index.php\/wp-json\/wp\/v2\/users\/4"}],"replies":[{"embeddable":true,"href":"https:\/\/contextoanalisisperiodistico.com\/index.php\/wp-json\/wp\/v2\/comments?post=58013"}],"version-history":[{"count":0,"href":"https:\/\/contextoanalisisperiodistico.com\/index.php\/wp-json\/wp\/v2\/posts\/58013\/revisions"}],"wp:featuredmedia":[{"embeddable":true,"href":"https:\/\/contextoanalisisperiodistico.com\/index.php\/wp-json\/wp\/v2\/media\/58005"}],"wp:attachment":[{"href":"https:\/\/contextoanalisisperiodistico.com\/index.php\/wp-json\/wp\/v2\/media?parent=58013"}],"wp:term":[{"taxonomy":"category","embeddable":true,"href":"https:\/\/contextoanalisisperiodistico.com\/index.php\/wp-json\/wp\/v2\/categories?post=58013"},{"taxonomy":"post_tag","embeddable":true,"href":"https:\/\/contextoanalisisperiodistico.com\/index.php\/wp-json\/wp\/v2\/tags?post=58013"}],"curies":[{"name":"wp","href":"https:\/\/api.w.org\/{rel}","templated":true}]}}