{"id":57991,"date":"2026-09-03T18:45:37","date_gmt":"2026-09-04T00:45:37","guid":{"rendered":"https:\/\/contextoanalisisperiodistico.com\/index.php\/2026\/09\/03\/salomon-jara-propone-historica-renovacion-a-la-constitucion-de-oaxaca\/"},"modified":"2026-09-03T19:16:14","modified_gmt":"2026-09-04T01:16:14","slug":"salomon-jara-propone-historica-renovacion-a-la-constitucion-de-oaxaca","status":"publish","type":"post","link":"https:\/\/contextoanalisisperiodistico.com\/index.php\/2026\/09\/03\/salomon-jara-propone-historica-renovacion-a-la-constitucion-de-oaxaca\/","title":{"rendered":"\u200bSalom\u00f3n Jara propone hist\u00f3rica renovaci\u00f3n a la Constituci\u00f3n de Oaxaca"},"content":{"rendered":"<div id=\"fb-root\"><\/div>\n\n<p>\u2022 Entrega Ejecutivo propuesta de Nueva Constituci\u00f3n en Oaxaca<\/p>\n\n\n\n<figure class=\"wp-block-image size-large\"><img fetchpriority=\"high\" decoding=\"async\" width=\"1024\" height=\"684\" src=\"https:\/\/contextoanalisisperiodistico.com\/wp-content\/uploads\/2026\/09\/img-20260903-wa00823801057201672692136-1024x684.jpg\" alt=\"\" class=\"wp-image-57989\" srcset=\"https:\/\/contextoanalisisperiodistico.com\/wp-content\/uploads\/2026\/09\/img-20260903-wa00823801057201672692136-1024x684.jpg 1024w, https:\/\/contextoanalisisperiodistico.com\/wp-content\/uploads\/2026\/09\/img-20260903-wa00823801057201672692136-300x200.jpg 300w, https:\/\/contextoanalisisperiodistico.com\/wp-content\/uploads\/2026\/09\/img-20260903-wa00823801057201672692136-768x513.jpg 768w, https:\/\/contextoanalisisperiodistico.com\/wp-content\/uploads\/2026\/09\/img-20260903-wa00823801057201672692136-1536x1027.jpg 1536w, https:\/\/contextoanalisisperiodistico.com\/wp-content\/uploads\/2026\/09\/img-20260903-wa00823801057201672692136.jpg 1616w\" sizes=\"(max-width: 1024px) 100vw, 1024px\" \/><\/figure>\n\n\n\n<figure class=\"wp-block-image\"><img decoding=\"async\" width=\"1024\" height=\"684\" src=\"https:\/\/contextoanalisisperiodistico.com\/wp-content\/uploads\/2026\/09\/img-20260903-wa00813117063014351003375-1024x684.jpg\" alt=\"\" class=\"wp-image-57988\" srcset=\"https:\/\/contextoanalisisperiodistico.com\/wp-content\/uploads\/2026\/09\/img-20260903-wa00813117063014351003375-1024x684.jpg 1024w, https:\/\/contextoanalisisperiodistico.com\/wp-content\/uploads\/2026\/09\/img-20260903-wa00813117063014351003375-300x200.jpg 300w, https:\/\/contextoanalisisperiodistico.com\/wp-content\/uploads\/2026\/09\/img-20260903-wa00813117063014351003375-768x513.jpg 768w, https:\/\/contextoanalisisperiodistico.com\/wp-content\/uploads\/2026\/09\/img-20260903-wa00813117063014351003375-1536x1027.jpg 1536w, https:\/\/contextoanalisisperiodistico.com\/wp-content\/uploads\/2026\/09\/img-20260903-wa00813117063014351003375.jpg 1616w\" sizes=\"(max-width: 1024px) 100vw, 1024px\" \/><\/figure>\n\n\n\n<figure class=\"wp-block-image\"><img decoding=\"async\" width=\"1024\" height=\"684\" src=\"https:\/\/contextoanalisisperiodistico.com\/wp-content\/uploads\/2026\/09\/img-20260903-wa00783937593526014141289-1024x684.jpg\" alt=\"\" class=\"wp-image-57990\" srcset=\"https:\/\/contextoanalisisperiodistico.com\/wp-content\/uploads\/2026\/09\/img-20260903-wa00783937593526014141289-1024x684.jpg 1024w, https:\/\/contextoanalisisperiodistico.com\/wp-content\/uploads\/2026\/09\/img-20260903-wa00783937593526014141289-300x200.jpg 300w, https:\/\/contextoanalisisperiodistico.com\/wp-content\/uploads\/2026\/09\/img-20260903-wa00783937593526014141289-768x513.jpg 768w, https:\/\/contextoanalisisperiodistico.com\/wp-content\/uploads\/2026\/09\/img-20260903-wa00783937593526014141289-1536x1027.jpg 1536w, https:\/\/contextoanalisisperiodistico.com\/wp-content\/uploads\/2026\/09\/img-20260903-wa00783937593526014141289.jpg 1616w\" sizes=\"(max-width: 1024px) 100vw, 1024px\" \/><\/figure>\n\n\n\n<p>\u2022 Tambi\u00e9n, se retoman m\u00e1s de 120 iniciativas de legislaturas pasadas<\/p>\n\n\n\n<p>San Raymundo Jalpan, Oax., 03 de septiembre de 2026.- Por primera vez los pueblos oaxaque\u00f1os podr\u00edan tener una constituci\u00f3n estatal redactada desde su perspectiva y no desde el enfoque de la tradici\u00f3n occidental, ahora que en representaci\u00f3n del Gobernador del Estado, Salom\u00f3n Jara Cruz; el titular de la Consejer\u00eda Jur\u00eddica y Asistencia Legal, Geovany V\u00e1squez Sagrero y el secretario de Gobierno, Jes\u00fas Romero L\u00f3pez, entregaron al Congreso local la iniciativa de Reforma Integral a la Constituci\u00f3n Pol\u00edtica del Estado Libre y Soberano de Oaxaca.<\/p>\n\n\n\n<p>Los representantes de la administraci\u00f3n estatal entregaron la propuesta constitucional que tiene como eje la interculturalidad, busca contar con 81 art\u00edculos, de un texto que actualmente tiene 148 y 828 reformas de ley.<\/p>\n\n\n\n<p>El documento entregado a la presidenta de la Junta de Coordinaci\u00f3n Pol\u00edtica (Jucopo) de la LXVI Legislatura, Tania Caballero; a la presidenta de la Mesa Directiva, Eva Diego Cruz y a la legisladora integrante de la Comisi\u00f3n de Estudios Constitucionales, Dennis Garc\u00eda Guti\u00e9rrez, ser\u00e1 analizado, cuestionado y perfectible.<\/p>\n\n\n\n<p>Con visi\u00f3n intercultural<\/p>\n\n\n\n<p>El proyecto propone un texto constitucional ordenado en 81 art\u00edculos y siete t\u00edtulos, cuya columna vertebral es la interculturalidad. Parte del reconocimiento de que Oaxaca es una entidad multi\u00e9tnica, multiling\u00fce y pluricultural, y fortalece la libre determinaci\u00f3n, la autonom\u00eda, los sistemas normativos, la jurisdicci\u00f3n, las lenguas, el patrimonio cultural y biocultural y el derecho a la consulta de los pueblos y comunidades ind\u00edgenas y afromexicanas, dentro de la unidad del Estado, del orden constitucional y del respeto irrestricto a los derechos humanos.<\/p>\n\n\n\n<p>De igual manera, ampl\u00eda y actualiza el cat\u00e1logo de derechos; incorpora mecanismos jurisdiccionales y no jurisdiccionales para hacerlos efectivos; fortalece la buena administraci\u00f3n p\u00fablica, la justicia constitucional, los gobiernos municipales, la fiscalizaci\u00f3n, la transparencia y la rendici\u00f3n de cuentas; y establece principios de honestidad, austeridad, profesionalizaci\u00f3n, m\u00e9rito, eficacia, eficiencia, paridad e interculturalidad para orientar el ejercicio de la funci\u00f3n p\u00fablica.<\/p>\n\n\n\n<p>El consejero Jur\u00eddico, se\u00f1al\u00f3 que la iniciativa comenzar\u00e1 con un debate intercultural, pues cuenta con la visi\u00f3n de los pueblos originarios, incluyendo la comunidad afrodescendiente.<\/p>\n\n\n\n<p>\u00abEste es el resultado de 25 foros de consulta regionales, con m\u00e1s de 10 mil propuestas donde participaron 8 mil 870 personas, barras de abogados, universidades y 120 iniciativas que ya exist\u00edan de legislaturas pasadas\u00bb, detall\u00f3 V\u00e1squez Sagrero.<\/p>\n\n\n\n<p>Subray\u00f3 que la iniciativa debe ser sometida a un proceso de consulta previa libre e informada, junto con un debate de altura por todos los sectores, bajo un an\u00e1lisis con principios de legalidad y transparencia, para que el dictamen final sea presentado por las y los legisladores.<\/p>\n\n\n\n<p>Por su parte, el responsable de la pol\u00edtica interna, Jes\u00fas Romero L\u00f3pez indic\u00f3 la necesidad de una Constituci\u00f3n profundamente social y humanista, que reconozca que el desarrollo s\u00f3lo tiene sentido cuando se traduce en bienestar, igualdad y oportunidades.<\/p>\n\n\n\n<p>Entre sus principales planteamientos, fortalece el reconocimiento de Oaxaca como una entidad multi\u00e9tnica, multiling\u00fce y pluricultural, as\u00ed como los derechos de los pueblos y comunidades ind\u00edgenas y afromexicanas, su libre determinaci\u00f3n, autonom\u00eda, sistemas normativos, lenguas, patrimonio cultural y biocultural, y derecho a la consulta. Tambi\u00e9n actualiza el cat\u00e1logo de derechos y contempla mecanismos para hacerlos efectivos, adem\u00e1s de fortalecer la justicia constitucional, los gobiernos municipales, la fiscalizaci\u00f3n, transparencia y rendici\u00f3n de cuentas.<\/p>\n\n\n\n<p>Esta iniciativa representa un punto de partida para un debate amplio, plural e intercultural, y deber\u00e1 ser sometida a los procesos de consulta y an\u00e1lisis correspondientes antes de su dictaminaci\u00f3n por el Poder Legislativo. Para la administraci\u00f3n estatal, Oaxaca requiere una Constituci\u00f3n nueva, actualizada, con una visi\u00f3n social y humanista, que reconozca que el desarrollo debe traducirse en bienestar, igualdad y oportunidades para todas y todos.<\/p>\n","protected":false},"excerpt":{"rendered":"<p>\u2022 Entrega Ejecutivo propuesta de Nueva Constituci\u00f3n en Oaxaca \u2022 Tambi\u00e9n, se retoman m\u00e1s de&#8230;<\/p>\n","protected":false},"author":4,"featured_media":57987,"comment_status":"closed","ping_status":"open","sticky":false,"template":"","format":"standard","meta":{"footnotes":""},"categories":[9],"tags":[608],"jetpack_sharing_enabled":true,"featured_image_urls":{"full":["https:\/\/contextoanalisisperiodistico.com\/wp-content\/uploads\/2026\/09\/IMG-20260903-WA0080.jpg",1616,1080,false],"thumbnail":["https:\/\/contextoanalisisperiodistico.com\/wp-content\/uploads\/2026\/09\/IMG-20260903-WA0080-150x150.jpg",150,150,true],"medium":["https:\/\/contextoanalisisperiodistico.com\/wp-content\/uploads\/2026\/09\/IMG-20260903-WA0080-300x200.jpg",300,200,true],"medium_large":["https:\/\/contextoanalisisperiodistico.com\/wp-content\/uploads\/2026\/09\/IMG-20260903-WA0080-768x513.jpg",640,428,true],"large":["https:\/\/contextoanalisisperiodistico.com\/wp-content\/uploads\/2026\/09\/IMG-20260903-WA0080-1024x684.jpg",640,428,true],"1536x1536":["https:\/\/contextoanalisisperiodistico.com\/wp-content\/uploads\/2026\/09\/IMG-20260903-WA0080-1536x1027.jpg",1536,1027,true],"2048x2048":["https:\/\/contextoanalisisperiodistico.com\/wp-content\/uploads\/2026\/09\/IMG-20260903-WA0080.jpg",1616,1080,false],"covernews-slider-full":["https:\/\/contextoanalisisperiodistico.com\/wp-content\/uploads\/2026\/09\/IMG-20260903-WA0080-1115x715.jpg",1115,715,true],"covernews-slider-center":["https:\/\/contextoanalisisperiodistico.com\/wp-content\/uploads\/2026\/09\/IMG-20260903-WA0080-800x500.jpg",800,500,true],"covernews-featured":["https:\/\/contextoanalisisperiodistico.com\/wp-content\/uploads\/2026\/09\/IMG-20260903-WA0080-1024x684.jpg",1024,684,true],"covernews-medium":["https:\/\/contextoanalisisperiodistico.com\/wp-content\/uploads\/2026\/09\/IMG-20260903-WA0080-540x340.jpg",540,340,true],"covernews-medium-square":["https:\/\/contextoanalisisperiodistico.com\/wp-content\/uploads\/2026\/09\/IMG-20260903-WA0080-400x250.jpg",400,250,true]},"author_info":{"display_name":"Mario Gir\u00f3n","author_link":"https:\/\/contextoanalisisperiodistico.com\/index.php\/author\/director\/"},"category_info":"<a href=\"https:\/\/contextoanalisisperiodistico.com\/index.php\/category\/politica\/\" rel=\"category tag\">Pol\u00edtica<\/a>","tag_info":"Pol\u00edtica","comment_count":"0","jetpack_featured_media_url":"https:\/\/contextoanalisisperiodistico.com\/wp-content\/uploads\/2026\/09\/IMG-20260903-WA0080.jpg","_links":{"self":[{"href":"https:\/\/contextoanalisisperiodistico.com\/index.php\/wp-json\/wp\/v2\/posts\/57991"}],"collection":[{"href":"https:\/\/contextoanalisisperiodistico.com\/index.php\/wp-json\/wp\/v2\/posts"}],"about":[{"href":"https:\/\/contextoanalisisperiodistico.com\/index.php\/wp-json\/wp\/v2\/types\/post"}],"author":[{"embeddable":true,"href":"https:\/\/contextoanalisisperiodistico.com\/index.php\/wp-json\/wp\/v2\/users\/4"}],"replies":[{"embeddable":true,"href":"https:\/\/contextoanalisisperiodistico.com\/index.php\/wp-json\/wp\/v2\/comments?post=57991"}],"version-history":[{"count":1,"href":"https:\/\/contextoanalisisperiodistico.com\/index.php\/wp-json\/wp\/v2\/posts\/57991\/revisions"}],"predecessor-version":[{"id":57992,"href":"https:\/\/contextoanalisisperiodistico.com\/index.php\/wp-json\/wp\/v2\/posts\/57991\/revisions\/57992"}],"wp:featuredmedia":[{"embeddable":true,"href":"https:\/\/contextoanalisisperiodistico.com\/index.php\/wp-json\/wp\/v2\/media\/57987"}],"wp:attachment":[{"href":"https:\/\/contextoanalisisperiodistico.com\/index.php\/wp-json\/wp\/v2\/media?parent=57991"}],"wp:term":[{"taxonomy":"category","embeddable":true,"href":"https:\/\/contextoanalisisperiodistico.com\/index.php\/wp-json\/wp\/v2\/categories?post=57991"},{"taxonomy":"post_tag","embeddable":true,"href":"https:\/\/contextoanalisisperiodistico.com\/index.php\/wp-json\/wp\/v2\/tags?post=57991"}],"curies":[{"name":"wp","href":"https:\/\/api.w.org\/{rel}","templated":true}]}}