{"id":57978,"date":"2026-09-03T16:58:28","date_gmt":"2026-09-03T22:58:28","guid":{"rendered":"https:\/\/contextoanalisisperiodistico.com\/index.php\/2026\/09\/03\/tania-caballero-la-nueva-constitucion-de-oaxaca-nace-del-pueblo-2\/"},"modified":"2026-09-03T16:58:28","modified_gmt":"2026-09-03T22:58:28","slug":"tania-caballero-la-nueva-constitucion-de-oaxaca-nace-del-pueblo-2","status":"publish","type":"post","link":"https:\/\/contextoanalisisperiodistico.com\/index.php\/2026\/09\/03\/tania-caballero-la-nueva-constitucion-de-oaxaca-nace-del-pueblo-2\/","title":{"rendered":"Tania Caballero: La nueva Constituci\u00f3n de Oaxaca nace del pueblo"},"content":{"rendered":"<div id=\"fb-root\"><\/div>\n\n<p>* La presidenta de la Jucopo destac\u00f3 la recepci\u00f3n de la Iniciativa de Reforma Integral enviada por el Gobernador Salom\u00f3n Jara Cruz<\/p>\n\n\n\n<p>*San Raymundo Jalpan, Oax., a 03 de septiembre de 2026.-*&nbsp; La presidenta de la Junta de Coordinaci\u00f3n Pol\u00edtica (Jucopo) de la LXVI Legislatura del Congreso del Estado, diputada Tania Caballero Navarro, afirm\u00f3 que Oaxaca requiere una Constituci\u00f3n Pol\u00edtica que reconozca la realidad del pueblo al que sirve, refleje la diversidad intercultural de su poblaci\u00f3n y se construya de la mano de quienes antes no eran escuchados, al participar en el acto de Entrega-Recepci\u00f3n de la Iniciativa de Reforma Integral a la Constituci\u00f3n Pol\u00edtica del Estado Libre y Soberano de Oaxaca, enviada por el titular del Poder Ejecutivo, Salom\u00f3n Jara Cruz.<\/p>\n\n\n\n<p>Ante los titulares de la Secretar\u00eda de Gobierno (Sego), Jes\u00fas Romero L\u00f3pez, y de la Consejer\u00eda Jur\u00eddica del Gobierno del Estado, Geovany V\u00e1squez Sagrero, as\u00ed como juristas, acad\u00e9micos, representantes populares y sociedad civil, la legisladora enfatiz\u00f3 que la entrega de la iniciativa marca el inicio de una nueva etapa, que representa un punto de inflexi\u00f3n pol\u00edtica para actualizar el pacto social del estado y poner en el centro el sentir de los pueblos ind\u00edgenas y afromexicanos.<\/p>\n\n\n\n<p>\u00abEste marco constitucional debe reconocer la realidad del pueblo al que sirve y Oaxaca es profundamente diverso e intercultural. El estado necesita una Carta Magna que corresponda al momento hist\u00f3rico que estamos viviendo, que reconozca lo que somos, proteja nuestros derechos y nos permita mirar hacia adelante sin renunciar a nuestras ra\u00edces\u00bb, asever\u00f3 Caballero Navarro.<\/p>\n\n\n\n<p>Indic\u00f3 que el ordenamiento debe responder a la profundidad pluri\u00e9tnica de la entidad, pues en este lugar conviven pueblos y comunidades originarias, con sistemas normativos propios y formas de organizaci\u00f3n comunitaria que han sobrevivido durante generaciones. \u201cAqu\u00ed el Tequio, la Asamblea, la Gozona y la Guelaguetza no son conceptos abstractos, son parte de nuestra manera de vivir y de entendernos como comunidad\u201d, sostuvo.<\/p>\n\n\n\n<p>En la sede del Congreso del Estado, destac\u00f3 que este proyecto emana de la participaci\u00f3n directa del pueblo a trav\u00e9s de encuentros regionales y tem\u00e1ticos, con la colaboraci\u00f3n de especialistas, acad\u00e9micos, organizaciones, as\u00ed como pueblos ind\u00edgenas y afromexicanos. Asimismo, reconoci\u00f3 la labor desempe\u00f1ada por los integrantes de la Mesa Redactora de la iniciativa.<\/p>\n\n\n\n<p>La presidenta de la Jucopo asever\u00f3 que el Poder Legislativo actuar\u00e1 con responsabilidad, pluralidad y apertura pol\u00edtica para estudiar y analizar este pacto social que devuelva la dignidad y el reconocimiento al pueblo oaxaque\u00f1o. \u201cHoy comenzamos esta discusi\u00f3n y este Congreso estar\u00e1 a la altura de su responsabilidad con la historia y con el pueblo de Oaxaca\u201d, subray\u00f3.<\/p>\n\n\n\n<p><\/p>\n","protected":false},"excerpt":{"rendered":"<p>* La presidenta de la Jucopo destac\u00f3 la recepci\u00f3n de la Iniciativa de Reforma Integral&#8230;<\/p>\n","protected":false},"author":4,"featured_media":57974,"comment_status":"","ping_status":"open","sticky":false,"template":"","format":"standard","meta":{"footnotes":""},"categories":[6,9],"tags":[593,670,377,107],"jetpack_sharing_enabled":true,"featured_image_urls":{"full":["https:\/\/contextoanalisisperiodistico.com\/wp-content\/uploads\/2026\/09\/IMG-20260903-WA0055-1.jpg",1600,900,false],"thumbnail":["https:\/\/contextoanalisisperiodistico.com\/wp-content\/uploads\/2026\/09\/IMG-20260903-WA0055-1-150x150.jpg",150,150,true],"medium":["https:\/\/contextoanalisisperiodistico.com\/wp-content\/uploads\/2026\/09\/IMG-20260903-WA0055-1-300x169.jpg",300,169,true],"medium_large":["https:\/\/contextoanalisisperiodistico.com\/wp-content\/uploads\/2026\/09\/IMG-20260903-WA0055-1-768x432.jpg",640,360,true],"large":["https:\/\/contextoanalisisperiodistico.com\/wp-content\/uploads\/2026\/09\/IMG-20260903-WA0055-1-1024x576.jpg",640,360,true],"1536x1536":["https:\/\/contextoanalisisperiodistico.com\/wp-content\/uploads\/2026\/09\/IMG-20260903-WA0055-1-1536x864.jpg",1536,864,true],"2048x2048":["https:\/\/contextoanalisisperiodistico.com\/wp-content\/uploads\/2026\/09\/IMG-20260903-WA0055-1.jpg",1600,900,false],"covernews-slider-full":["https:\/\/contextoanalisisperiodistico.com\/wp-content\/uploads\/2026\/09\/IMG-20260903-WA0055-1-1115x715.jpg",1115,715,true],"covernews-slider-center":["https:\/\/contextoanalisisperiodistico.com\/wp-content\/uploads\/2026\/09\/IMG-20260903-WA0055-1-800x500.jpg",800,500,true],"covernews-featured":["https:\/\/contextoanalisisperiodistico.com\/wp-content\/uploads\/2026\/09\/IMG-20260903-WA0055-1-1024x576.jpg",1024,576,true],"covernews-medium":["https:\/\/contextoanalisisperiodistico.com\/wp-content\/uploads\/2026\/09\/IMG-20260903-WA0055-1-540x340.jpg",540,340,true],"covernews-medium-square":["https:\/\/contextoanalisisperiodistico.com\/wp-content\/uploads\/2026\/09\/IMG-20260903-WA0055-1-400x250.jpg",400,250,true]},"author_info":{"display_name":"Mario Gir\u00f3n","author_link":"https:\/\/contextoanalisisperiodistico.com\/index.php\/author\/director\/"},"category_info":"<a href=\"https:\/\/contextoanalisisperiodistico.com\/index.php\/category\/legislatura\/\" rel=\"category tag\">Legislatura<\/a> <a href=\"https:\/\/contextoanalisisperiodistico.com\/index.php\/category\/politica\/\" rel=\"category tag\">Pol\u00edtica<\/a>","tag_info":"Pol\u00edtica","comment_count":"0","jetpack_featured_media_url":"https:\/\/contextoanalisisperiodistico.com\/wp-content\/uploads\/2026\/09\/IMG-20260903-WA0055-1.jpg","_links":{"self":[{"href":"https:\/\/contextoanalisisperiodistico.com\/index.php\/wp-json\/wp\/v2\/posts\/57978"}],"collection":[{"href":"https:\/\/contextoanalisisperiodistico.com\/index.php\/wp-json\/wp\/v2\/posts"}],"about":[{"href":"https:\/\/contextoanalisisperiodistico.com\/index.php\/wp-json\/wp\/v2\/types\/post"}],"author":[{"embeddable":true,"href":"https:\/\/contextoanalisisperiodistico.com\/index.php\/wp-json\/wp\/v2\/users\/4"}],"replies":[{"embeddable":true,"href":"https:\/\/contextoanalisisperiodistico.com\/index.php\/wp-json\/wp\/v2\/comments?post=57978"}],"version-history":[{"count":0,"href":"https:\/\/contextoanalisisperiodistico.com\/index.php\/wp-json\/wp\/v2\/posts\/57978\/revisions"}],"wp:featuredmedia":[{"embeddable":true,"href":"https:\/\/contextoanalisisperiodistico.com\/index.php\/wp-json\/wp\/v2\/media\/57974"}],"wp:attachment":[{"href":"https:\/\/contextoanalisisperiodistico.com\/index.php\/wp-json\/wp\/v2\/media?parent=57978"}],"wp:term":[{"taxonomy":"category","embeddable":true,"href":"https:\/\/contextoanalisisperiodistico.com\/index.php\/wp-json\/wp\/v2\/categories?post=57978"},{"taxonomy":"post_tag","embeddable":true,"href":"https:\/\/contextoanalisisperiodistico.com\/index.php\/wp-json\/wp\/v2\/tags?post=57978"}],"curies":[{"name":"wp","href":"https:\/\/api.w.org\/{rel}","templated":true}]}}