{"id":57970,"date":"2026-09-02T20:02:20","date_gmt":"2026-09-03T02:02:20","guid":{"rendered":"https:\/\/contextoanalisisperiodistico.com\/index.php\/2026\/09\/02\/gabinete-de-seguridad-ejecuta-seis-cateos-contra-la-asaeo-en-los-valles-centrales-de-oaxaca\/"},"modified":"2026-09-02T20:02:20","modified_gmt":"2026-09-03T02:02:20","slug":"gabinete-de-seguridad-ejecuta-seis-cateos-contra-la-asaeo-en-los-valles-centrales-de-oaxaca","status":"publish","type":"post","link":"https:\/\/contextoanalisisperiodistico.com\/index.php\/2026\/09\/02\/gabinete-de-seguridad-ejecuta-seis-cateos-contra-la-asaeo-en-los-valles-centrales-de-oaxaca\/","title":{"rendered":"Gabinete de Seguridad ejecuta seis cateos contra la ASAEO en los Valles Centrales de Oaxaca"},"content":{"rendered":"<div id=\"fb-root\"><\/div>\n\n<p>*Detiene a tres personas, aseguran drogas, armas y dinero en efectivo<\/p>\n\n\n\n<figure class=\"wp-block-image size-large\"><img fetchpriority=\"high\" decoding=\"async\" width=\"1024\" height=\"682\" src=\"https:\/\/contextoanalisisperiodistico.com\/wp-content\/uploads\/2026\/09\/img-20260902-wa01003037889288353508949-1024x682.jpg\" alt=\"\" class=\"wp-image-57965\" srcset=\"https:\/\/contextoanalisisperiodistico.com\/wp-content\/uploads\/2026\/09\/img-20260902-wa01003037889288353508949-1024x682.jpg 1024w, https:\/\/contextoanalisisperiodistico.com\/wp-content\/uploads\/2026\/09\/img-20260902-wa01003037889288353508949-300x200.jpg 300w, https:\/\/contextoanalisisperiodistico.com\/wp-content\/uploads\/2026\/09\/img-20260902-wa01003037889288353508949-768x512.jpg 768w, https:\/\/contextoanalisisperiodistico.com\/wp-content\/uploads\/2026\/09\/img-20260902-wa01003037889288353508949.jpg 1280w\" sizes=\"(max-width: 1024px) 100vw, 1024px\" \/><\/figure>\n\n\n\n<figure class=\"wp-block-image\"><img decoding=\"async\" width=\"1024\" height=\"682\" src=\"https:\/\/contextoanalisisperiodistico.com\/wp-content\/uploads\/2026\/09\/img-20260902-wa01018524381605046271352-1024x682.jpg\" alt=\"\" class=\"wp-image-57969\" srcset=\"https:\/\/contextoanalisisperiodistico.com\/wp-content\/uploads\/2026\/09\/img-20260902-wa01018524381605046271352-1024x682.jpg 1024w, https:\/\/contextoanalisisperiodistico.com\/wp-content\/uploads\/2026\/09\/img-20260902-wa01018524381605046271352-300x200.jpg 300w, https:\/\/contextoanalisisperiodistico.com\/wp-content\/uploads\/2026\/09\/img-20260902-wa01018524381605046271352-768x512.jpg 768w, https:\/\/contextoanalisisperiodistico.com\/wp-content\/uploads\/2026\/09\/img-20260902-wa01018524381605046271352.jpg 1280w\" sizes=\"(max-width: 1024px) 100vw, 1024px\" \/><\/figure>\n\n\n\n<figure class=\"wp-block-image\"><img decoding=\"async\" width=\"300\" height=\"245\" src=\"https:\/\/contextoanalisisperiodistico.com\/wp-content\/uploads\/2026\/09\/img-20260902-wa01051106853891600264349-300x245.jpg\" alt=\"\" class=\"wp-image-57966\" srcset=\"https:\/\/contextoanalisisperiodistico.com\/wp-content\/uploads\/2026\/09\/img-20260902-wa01051106853891600264349-300x245.jpg 300w, https:\/\/contextoanalisisperiodistico.com\/wp-content\/uploads\/2026\/09\/img-20260902-wa01051106853891600264349-768x628.jpg 768w, https:\/\/contextoanalisisperiodistico.com\/wp-content\/uploads\/2026\/09\/img-20260902-wa01051106853891600264349.jpg 954w\" sizes=\"(max-width: 300px) 100vw, 300px\" \/><\/figure>\n\n\n\n<figure class=\"wp-block-image\"><img loading=\"lazy\" decoding=\"async\" width=\"1024\" height=\"682\" src=\"https:\/\/contextoanalisisperiodistico.com\/wp-content\/uploads\/2026\/09\/img-20260902-wa0106346608387664328302-1024x682.jpg\" alt=\"\" class=\"wp-image-57967\" srcset=\"https:\/\/contextoanalisisperiodistico.com\/wp-content\/uploads\/2026\/09\/img-20260902-wa0106346608387664328302-1024x682.jpg 1024w, https:\/\/contextoanalisisperiodistico.com\/wp-content\/uploads\/2026\/09\/img-20260902-wa0106346608387664328302-300x200.jpg 300w, https:\/\/contextoanalisisperiodistico.com\/wp-content\/uploads\/2026\/09\/img-20260902-wa0106346608387664328302-768x512.jpg 768w, https:\/\/contextoanalisisperiodistico.com\/wp-content\/uploads\/2026\/09\/img-20260902-wa0106346608387664328302.jpg 1280w\" sizes=\"(max-width: 1024px) 100vw, 1024px\" \/><\/figure>\n\n\n\n<figure class=\"wp-block-image\"><img loading=\"lazy\" decoding=\"async\" width=\"1024\" height=\"682\" src=\"https:\/\/contextoanalisisperiodistico.com\/wp-content\/uploads\/2026\/09\/img-20260902-wa01025529039120597851819-1024x682.jpg\" alt=\"\" class=\"wp-image-57968\" srcset=\"https:\/\/contextoanalisisperiodistico.com\/wp-content\/uploads\/2026\/09\/img-20260902-wa01025529039120597851819-1024x682.jpg 1024w, https:\/\/contextoanalisisperiodistico.com\/wp-content\/uploads\/2026\/09\/img-20260902-wa01025529039120597851819-300x200.jpg 300w, https:\/\/contextoanalisisperiodistico.com\/wp-content\/uploads\/2026\/09\/img-20260902-wa01025529039120597851819-768x512.jpg 768w, https:\/\/contextoanalisisperiodistico.com\/wp-content\/uploads\/2026\/09\/img-20260902-wa01025529039120597851819.jpg 1280w\" sizes=\"(max-width: 1024px) 100vw, 1024px\" \/><\/figure>\n\n\n\n<ul class=\"wp-block-list\"><\/ul>\n\n\n\n<p>Oaxaca de Ju\u00e1rez, Oax., 02 de septiembre de 2026.- Derivado de trabajos de inteligencia y de la informaci\u00f3n obtenida a partir de los primeros operativos \u2014en los cuales se logr\u00f3 la detenci\u00f3n de los principales dirigentes\u2014, el Gabinete de Seguridad a trav\u00e9s de la Fiscal\u00eda General del Estado de Oaxaca, la Secretar\u00eda de Marina y la Secretar\u00eda de Seguridad y Protecci\u00f3n Ciudadana Federal llevaron a cabo una segunda etapa de acciones estrat\u00e9gicas, interviniendo diversos sitios vinculados a actividades operativas y administrativas de la ASAEO en los Valles Centrales.<\/p>\n\n\n\n<p>Para la ejecuci\u00f3n de estas diligencias, se cont\u00f3 con el apoyo operativo de la SEDENA, la Guardia Nacional, la Secretar\u00eda de Seguridad y Protecci\u00f3n Ciudadana de Oaxaca y la UFAE, quienes brindaron contenci\u00f3n y seguridad perimetral en cumplimiento a la resoluci\u00f3n emitida por el Juez de Control de los Valles Centrales.<\/p>\n\n\n\n<p>El despliegue institucional abarc\u00f3 acciones coordinadas en seis puntos diferentes de la regi\u00f3n.<\/p>\n\n\n\n<p>Logrando la detenci\u00f3n de tres personas, entre ellas E.M.M.S. y A.V.M.M., as\u00ed como el aseguramiento de dinero en efectivo, droga, armas de fuego y dos veh\u00edculos.<\/p>\n\n\n\n<p>Asimismo, los inmuebles quedaron asegurados junto con tel\u00e9fonos celulares y radios de comunicaci\u00f3n.<\/p>\n\n\n\n<p>Los domicilios cateados se encontraban en la Agencia de Polic\u00eda de Cinco Se\u00f1ores, en Oaxaca de Ju\u00e1rez; Santo Domingo Barrio Bajo, en Villa de Etla. El tercer y cuarto domicilio revisados se situaron en la Colonia Centro, en Soledad Etla.<\/p>\n\n\n\n<p>Al igual que en la Colonia Francisco I. Madero, en Santa Cruz Xoxocotl\u00e1n, y otro m\u00e1s en la localidad de Guadalupe Hidalgo, en Etla.<\/p>\n\n\n\n<p>El Gabinete de Seguridad refrenda su compromiso con la seguridad, la paz social y cero tolerancia contra quienes comenta delitos.<\/p>\n","protected":false},"excerpt":{"rendered":"<p>*Detiene a tres personas, aseguran drogas, armas y dinero en efectivo Oaxaca de Ju\u00e1rez, Oax.,&#8230;<\/p>\n","protected":false},"author":4,"featured_media":57964,"comment_status":"","ping_status":"open","sticky":false,"template":"","format":"standard","meta":{"footnotes":""},"categories":[9],"tags":[608],"jetpack_sharing_enabled":true,"featured_image_urls":{"full":["https:\/\/contextoanalisisperiodistico.com\/wp-content\/uploads\/2026\/09\/IMG-20260902-WA0108.jpg",1280,853,false],"thumbnail":["https:\/\/contextoanalisisperiodistico.com\/wp-content\/uploads\/2026\/09\/IMG-20260902-WA0108-150x150.jpg",150,150,true],"medium":["https:\/\/contextoanalisisperiodistico.com\/wp-content\/uploads\/2026\/09\/IMG-20260902-WA0108-300x200.jpg",300,200,true],"medium_large":["https:\/\/contextoanalisisperiodistico.com\/wp-content\/uploads\/2026\/09\/IMG-20260902-WA0108-768x512.jpg",640,427,true],"large":["https:\/\/contextoanalisisperiodistico.com\/wp-content\/uploads\/2026\/09\/IMG-20260902-WA0108-1024x682.jpg",640,426,true],"1536x1536":["https:\/\/contextoanalisisperiodistico.com\/wp-content\/uploads\/2026\/09\/IMG-20260902-WA0108.jpg",1280,853,false],"2048x2048":["https:\/\/contextoanalisisperiodistico.com\/wp-content\/uploads\/2026\/09\/IMG-20260902-WA0108.jpg",1280,853,false],"covernews-slider-full":["https:\/\/contextoanalisisperiodistico.com\/wp-content\/uploads\/2026\/09\/IMG-20260902-WA0108-1115x715.jpg",1115,715,true],"covernews-slider-center":["https:\/\/contextoanalisisperiodistico.com\/wp-content\/uploads\/2026\/09\/IMG-20260902-WA0108-800x500.jpg",800,500,true],"covernews-featured":["https:\/\/contextoanalisisperiodistico.com\/wp-content\/uploads\/2026\/09\/IMG-20260902-WA0108-1024x682.jpg",1024,682,true],"covernews-medium":["https:\/\/contextoanalisisperiodistico.com\/wp-content\/uploads\/2026\/09\/IMG-20260902-WA0108-540x340.jpg",540,340,true],"covernews-medium-square":["https:\/\/contextoanalisisperiodistico.com\/wp-content\/uploads\/2026\/09\/IMG-20260902-WA0108-400x250.jpg",400,250,true]},"author_info":{"display_name":"Mario Gir\u00f3n","author_link":"https:\/\/contextoanalisisperiodistico.com\/index.php\/author\/director\/"},"category_info":"<a href=\"https:\/\/contextoanalisisperiodistico.com\/index.php\/category\/politica\/\" rel=\"category tag\">Pol\u00edtica<\/a>","tag_info":"Pol\u00edtica","comment_count":"0","jetpack_featured_media_url":"https:\/\/contextoanalisisperiodistico.com\/wp-content\/uploads\/2026\/09\/IMG-20260902-WA0108.jpg","_links":{"self":[{"href":"https:\/\/contextoanalisisperiodistico.com\/index.php\/wp-json\/wp\/v2\/posts\/57970"}],"collection":[{"href":"https:\/\/contextoanalisisperiodistico.com\/index.php\/wp-json\/wp\/v2\/posts"}],"about":[{"href":"https:\/\/contextoanalisisperiodistico.com\/index.php\/wp-json\/wp\/v2\/types\/post"}],"author":[{"embeddable":true,"href":"https:\/\/contextoanalisisperiodistico.com\/index.php\/wp-json\/wp\/v2\/users\/4"}],"replies":[{"embeddable":true,"href":"https:\/\/contextoanalisisperiodistico.com\/index.php\/wp-json\/wp\/v2\/comments?post=57970"}],"version-history":[{"count":0,"href":"https:\/\/contextoanalisisperiodistico.com\/index.php\/wp-json\/wp\/v2\/posts\/57970\/revisions"}],"wp:featuredmedia":[{"embeddable":true,"href":"https:\/\/contextoanalisisperiodistico.com\/index.php\/wp-json\/wp\/v2\/media\/57964"}],"wp:attachment":[{"href":"https:\/\/contextoanalisisperiodistico.com\/index.php\/wp-json\/wp\/v2\/media?parent=57970"}],"wp:term":[{"taxonomy":"category","embeddable":true,"href":"https:\/\/contextoanalisisperiodistico.com\/index.php\/wp-json\/wp\/v2\/categories?post=57970"},{"taxonomy":"post_tag","embeddable":true,"href":"https:\/\/contextoanalisisperiodistico.com\/index.php\/wp-json\/wp\/v2\/tags?post=57970"}],"curies":[{"name":"wp","href":"https:\/\/api.w.org\/{rel}","templated":true}]}}