{"id":57943,"date":"2026-09-02T11:50:58","date_gmt":"2026-09-02T17:50:58","guid":{"rendered":"https:\/\/contextoanalisisperiodistico.com\/index.php\/2026\/09\/02\/podas-fitosanitarias-en-el-llano-protegen-el-arbolado-de-oaxaca-contra-el-muerdago\/"},"modified":"2026-09-02T13:37:58","modified_gmt":"2026-09-02T19:37:58","slug":"podas-fitosanitarias-en-el-llano-protegen-el-arbolado-de-oaxaca-contra-el-muerdago","status":"publish","type":"post","link":"https:\/\/contextoanalisisperiodistico.com\/index.php\/2026\/09\/02\/podas-fitosanitarias-en-el-llano-protegen-el-arbolado-de-oaxaca-contra-el-muerdago\/","title":{"rendered":"Podas fitosanitarias en El Llano: protegen el arbolado de Oaxaca contra el mu\u00e9rdago"},"content":{"rendered":"<div id=\"fb-root\"><\/div>\n\n<p>El Ayuntamiento de Oaxaca de Ju\u00e1rez, a trav\u00e9s de la Secretar\u00eda de Medio Ambiente y Gesti\u00f3n H\u00eddrica, contin\u00faa realizando podas fitosanitarias en el Parque Ju\u00e1rez El Llano para prevenir y controlar la propagaci\u00f3n del mu\u00e9rdago, una planta hemipar\u00e1sita que afecta la salud y el desarrollo de los \u00e1rboles.<\/p>\n\n\n\n<figure class=\"wp-block-video\"><video controls src=\"https:\/\/contextoanalisisperiodistico.com\/wp-content\/uploads\/2026\/09\/VID-20260902-WA0040-1.mp4\"><\/video><\/figure>\n\n\n\n<figure class=\"wp-block-image size-large\"><img fetchpriority=\"high\" decoding=\"async\" width=\"586\" height=\"1024\" src=\"https:\/\/contextoanalisisperiodistico.com\/wp-content\/uploads\/2026\/09\/img_20260902_1123285437017559922647074-586x1024.jpg\" alt=\"\" class=\"wp-image-57942\" srcset=\"https:\/\/contextoanalisisperiodistico.com\/wp-content\/uploads\/2026\/09\/img_20260902_1123285437017559922647074-586x1024.jpg 586w, https:\/\/contextoanalisisperiodistico.com\/wp-content\/uploads\/2026\/09\/img_20260902_1123285437017559922647074-172x300.jpg 172w, https:\/\/contextoanalisisperiodistico.com\/wp-content\/uploads\/2026\/09\/img_20260902_1123285437017559922647074.jpg 720w\" sizes=\"(max-width: 586px) 100vw, 586px\" \/><\/figure>\n\n\n\n<p>Estos trabajos son realizados por personal especializado con el objetivo de preservar la salud del arbolado, prevenir da\u00f1os mayores y contribuir a la conservaci\u00f3n de este importante pulm\u00f3n de la capital oaxaque\u00f1a.<\/p>\n","protected":false},"excerpt":{"rendered":"<p>El Ayuntamiento de Oaxaca de Ju\u00e1rez, a trav\u00e9s de la Secretar\u00eda de Medio Ambiente y&#8230;<\/p>\n","protected":false},"author":4,"featured_media":57940,"comment_status":"closed","ping_status":"open","sticky":false,"template":"","format":"standard","meta":{"footnotes":""},"categories":[3],"tags":[673,424],"jetpack_sharing_enabled":true,"featured_image_urls":{"full":["https:\/\/contextoanalisisperiodistico.com\/wp-content\/uploads\/2026\/09\/IMG_20260902_111801-1.jpg",720,1270,false],"thumbnail":["https:\/\/contextoanalisisperiodistico.com\/wp-content\/uploads\/2026\/09\/IMG_20260902_111801-1-150x150.jpg",150,150,true],"medium":["https:\/\/contextoanalisisperiodistico.com\/wp-content\/uploads\/2026\/09\/IMG_20260902_111801-1-170x300.jpg",170,300,true],"medium_large":["https:\/\/contextoanalisisperiodistico.com\/wp-content\/uploads\/2026\/09\/IMG_20260902_111801-1.jpg",640,1129,false],"large":["https:\/\/contextoanalisisperiodistico.com\/wp-content\/uploads\/2026\/09\/IMG_20260902_111801-1-581x1024.jpg",581,1024,true],"1536x1536":["https:\/\/contextoanalisisperiodistico.com\/wp-content\/uploads\/2026\/09\/IMG_20260902_111801-1.jpg",720,1270,false],"2048x2048":["https:\/\/contextoanalisisperiodistico.com\/wp-content\/uploads\/2026\/09\/IMG_20260902_111801-1.jpg",720,1270,false],"covernews-slider-full":["https:\/\/contextoanalisisperiodistico.com\/wp-content\/uploads\/2026\/09\/IMG_20260902_111801-1-720x715.jpg",720,715,true],"covernews-slider-center":["https:\/\/contextoanalisisperiodistico.com\/wp-content\/uploads\/2026\/09\/IMG_20260902_111801-1-720x500.jpg",720,500,true],"covernews-featured":["https:\/\/contextoanalisisperiodistico.com\/wp-content\/uploads\/2026\/09\/IMG_20260902_111801-1.jpg",720,1270,false],"covernews-medium":["https:\/\/contextoanalisisperiodistico.com\/wp-content\/uploads\/2026\/09\/IMG_20260902_111801-1-540x340.jpg",540,340,true],"covernews-medium-square":["https:\/\/contextoanalisisperiodistico.com\/wp-content\/uploads\/2026\/09\/IMG_20260902_111801-1-400x250.jpg",400,250,true]},"author_info":{"display_name":"Mario Gir\u00f3n","author_link":"https:\/\/contextoanalisisperiodistico.com\/index.php\/author\/director\/"},"category_info":"<a href=\"https:\/\/contextoanalisisperiodistico.com\/index.php\/category\/ciudad\/\" rel=\"category tag\">Ciudad<\/a>","tag_info":"Ciudad","comment_count":"0","jetpack_featured_media_url":"https:\/\/contextoanalisisperiodistico.com\/wp-content\/uploads\/2026\/09\/IMG_20260902_111801-1.jpg","_links":{"self":[{"href":"https:\/\/contextoanalisisperiodistico.com\/index.php\/wp-json\/wp\/v2\/posts\/57943"}],"collection":[{"href":"https:\/\/contextoanalisisperiodistico.com\/index.php\/wp-json\/wp\/v2\/posts"}],"about":[{"href":"https:\/\/contextoanalisisperiodistico.com\/index.php\/wp-json\/wp\/v2\/types\/post"}],"author":[{"embeddable":true,"href":"https:\/\/contextoanalisisperiodistico.com\/index.php\/wp-json\/wp\/v2\/users\/4"}],"replies":[{"embeddable":true,"href":"https:\/\/contextoanalisisperiodistico.com\/index.php\/wp-json\/wp\/v2\/comments?post=57943"}],"version-history":[{"count":1,"href":"https:\/\/contextoanalisisperiodistico.com\/index.php\/wp-json\/wp\/v2\/posts\/57943\/revisions"}],"predecessor-version":[{"id":57950,"href":"https:\/\/contextoanalisisperiodistico.com\/index.php\/wp-json\/wp\/v2\/posts\/57943\/revisions\/57950"}],"wp:featuredmedia":[{"embeddable":true,"href":"https:\/\/contextoanalisisperiodistico.com\/index.php\/wp-json\/wp\/v2\/media\/57940"}],"wp:attachment":[{"href":"https:\/\/contextoanalisisperiodistico.com\/index.php\/wp-json\/wp\/v2\/media?parent=57943"}],"wp:term":[{"taxonomy":"category","embeddable":true,"href":"https:\/\/contextoanalisisperiodistico.com\/index.php\/wp-json\/wp\/v2\/categories?post=57943"},{"taxonomy":"post_tag","embeddable":true,"href":"https:\/\/contextoanalisisperiodistico.com\/index.php\/wp-json\/wp\/v2\/tags?post=57943"}],"curies":[{"name":"wp","href":"https:\/\/api.w.org\/{rel}","templated":true}]}}