{"id":57934,"date":"2026-09-01T22:41:13","date_gmt":"2026-09-02T04:41:13","guid":{"rendered":"https:\/\/contextoanalisisperiodistico.com\/index.php\/2026\/09\/01\/soberania-nacional-es-un-mandato-constitucional-consejero-juridico\/"},"modified":"2026-09-01T22:41:13","modified_gmt":"2026-09-02T04:41:13","slug":"soberania-nacional-es-un-mandato-constitucional-consejero-juridico","status":"publish","type":"post","link":"https:\/\/contextoanalisisperiodistico.com\/index.php\/2026\/09\/01\/soberania-nacional-es-un-mandato-constitucional-consejero-juridico\/","title":{"rendered":"Soberan\u00eda nacional es un mandato constitucional: Consejero Jur\u00eddico"},"content":{"rendered":"<div id=\"fb-root\"><\/div>\n\n<p>*Geovany V\u00e1squez encabeza arriamiento de bandera en la Alameda de Le\u00f3n <\/p>\n\n\n\n<p>Oaxaca de Ju\u00e1rez, Oax. 1 de septiembre de 2026.- La Consejer\u00eda Jur\u00eddica y Asistencia Legal del Gobierno del Estado y el Consejo Oaxaque\u00f1o de Ciencia, Tecnolog\u00eda e Innovaci\u00f3n, que encabezan Geovany V\u00e1squez Sagrero y Xhunaxhi Fernanda Mau G\u00f3mez respectivamente, realizaron el acto protocolario del arriamiento de bandera, en la Alameda de Le\u00f3n de la ciudad capital.<\/p>\n\n\n\n<figure class=\"wp-block-image size-large\"><img fetchpriority=\"high\" decoding=\"async\" width=\"1024\" height=\"684\" src=\"https:\/\/contextoanalisisperiodistico.com\/wp-content\/uploads\/2026\/09\/img-20260901-wa00941043834370664767200-1024x684.jpg\" alt=\"\" class=\"wp-image-57931\" srcset=\"https:\/\/contextoanalisisperiodistico.com\/wp-content\/uploads\/2026\/09\/img-20260901-wa00941043834370664767200-1024x684.jpg 1024w, https:\/\/contextoanalisisperiodistico.com\/wp-content\/uploads\/2026\/09\/img-20260901-wa00941043834370664767200-300x200.jpg 300w, https:\/\/contextoanalisisperiodistico.com\/wp-content\/uploads\/2026\/09\/img-20260901-wa00941043834370664767200-768x513.jpg 768w, https:\/\/contextoanalisisperiodistico.com\/wp-content\/uploads\/2026\/09\/img-20260901-wa00941043834370664767200-1536x1026.jpg 1536w, https:\/\/contextoanalisisperiodistico.com\/wp-content\/uploads\/2026\/09\/img-20260901-wa00941043834370664767200.jpg 1600w\" sizes=\"(max-width: 1024px) 100vw, 1024px\" \/><\/figure>\n\n\n\n<figure class=\"wp-block-image\"><img decoding=\"async\" width=\"1024\" height=\"782\" src=\"https:\/\/contextoanalisisperiodistico.com\/wp-content\/uploads\/2026\/09\/img-20260901-wa0095796736045982502916-1024x782.jpg\" alt=\"\" class=\"wp-image-57933\" srcset=\"https:\/\/contextoanalisisperiodistico.com\/wp-content\/uploads\/2026\/09\/img-20260901-wa0095796736045982502916-1024x782.jpg 1024w, https:\/\/contextoanalisisperiodistico.com\/wp-content\/uploads\/2026\/09\/img-20260901-wa0095796736045982502916-300x229.jpg 300w, https:\/\/contextoanalisisperiodistico.com\/wp-content\/uploads\/2026\/09\/img-20260901-wa0095796736045982502916-768x586.jpg 768w, https:\/\/contextoanalisisperiodistico.com\/wp-content\/uploads\/2026\/09\/img-20260901-wa0095796736045982502916.jpg 1413w\" sizes=\"(max-width: 1024px) 100vw, 1024px\" \/><\/figure>\n\n\n\n<figure class=\"wp-block-image\"><img decoding=\"async\" width=\"1024\" height=\"684\" src=\"https:\/\/contextoanalisisperiodistico.com\/wp-content\/uploads\/2026\/09\/img-20260901-wa0093270501840147911762-1024x684.jpg\" alt=\"\" class=\"wp-image-57932\" srcset=\"https:\/\/contextoanalisisperiodistico.com\/wp-content\/uploads\/2026\/09\/img-20260901-wa0093270501840147911762-1024x684.jpg 1024w, https:\/\/contextoanalisisperiodistico.com\/wp-content\/uploads\/2026\/09\/img-20260901-wa0093270501840147911762-300x200.jpg 300w, https:\/\/contextoanalisisperiodistico.com\/wp-content\/uploads\/2026\/09\/img-20260901-wa0093270501840147911762-768x513.jpg 768w, https:\/\/contextoanalisisperiodistico.com\/wp-content\/uploads\/2026\/09\/img-20260901-wa0093270501840147911762-1536x1026.jpg 1536w, https:\/\/contextoanalisisperiodistico.com\/wp-content\/uploads\/2026\/09\/img-20260901-wa0093270501840147911762.jpg 1600w\" sizes=\"(max-width: 1024px) 100vw, 1024px\" \/><\/figure>\n\n\n\n<p>\u201cNos reunimos para renovar ante la memoria de nuestros h\u00e9roes y ante la conciencia de nuestro pueblo, el compromiso de servir a M\u00e9xico, honrar su historia y defender su soberan\u00eda\u201d, se\u00f1al\u00f3 V\u00e1zquez Sagrero durante la ceremonia a los s\u00edmbolos patrios.<\/p>\n\n\n\n<p>Destac\u00f3 que la soberan\u00eda nacional, m\u00e1s que un discurso, es un mandato constitucional y una responsabilidad cotidiana, ya que la Carta Magna establece que reside esencial y originariamente en el pueblo, y por ende, toda autoridad debe servir a la sociedad, actuar conforme a la ley, proteger los derechos de todas y todos y responder siempre al inter\u00e9s general.<\/p>\n\n\n\n<p>\u201cDefender la soberan\u00eda no significa aislarnos del mundo, significa relacionarnos con otras naciones desde la cooperaci\u00f3n, respeto e igualdad; dialogar sin someternos; colaborar sin renunciar a nuestra voz; y proteger siempre los intereses leg\u00edtimos de nuestro pueblo\u201d, precis\u00f3 el funcionario.<\/p>\n\n\n\n<p>En la tierra de Benito Ju\u00e1rez, quien fue ejemplo de amor a la patria, la Primavera Oaxaque\u00f1a tiene el compromiso de seguir en la construcci\u00f3n de un gobierno cercano, honesto y comprometido con la justicia social; que escuche a las comunidades, atienda las desigualdades, combata la discriminaci\u00f3n y haga de la legalidad una herramienta para transformar la vida p\u00fablica.<\/p>\n\n\n\n<p>La Consejer\u00eda Jur\u00eddica refrenda su compromiso de contribuir a un marco legal s\u00f3lido, instituciones eficaces y pol\u00edticas p\u00fablicas que protejan los derechos, impulsen el desarrollo y sirvan al pueblo de Oaxaca.<\/p>\n","protected":false},"excerpt":{"rendered":"<p>*Geovany V\u00e1squez encabeza arriamiento de bandera en la Alameda de Le\u00f3n Oaxaca de Ju\u00e1rez, Oax&#8230;.<\/p>\n","protected":false},"author":4,"featured_media":57930,"comment_status":"","ping_status":"open","sticky":false,"template":"","format":"standard","meta":{"footnotes":""},"categories":[9],"tags":[608],"jetpack_sharing_enabled":true,"featured_image_urls":{"full":["https:\/\/contextoanalisisperiodistico.com\/wp-content\/uploads\/2026\/09\/IMG-20260901-WA0092.jpg",1600,1069,false],"thumbnail":["https:\/\/contextoanalisisperiodistico.com\/wp-content\/uploads\/2026\/09\/IMG-20260901-WA0092-150x150.jpg",150,150,true],"medium":["https:\/\/contextoanalisisperiodistico.com\/wp-content\/uploads\/2026\/09\/IMG-20260901-WA0092-300x200.jpg",300,200,true],"medium_large":["https:\/\/contextoanalisisperiodistico.com\/wp-content\/uploads\/2026\/09\/IMG-20260901-WA0092-768x513.jpg",640,428,true],"large":["https:\/\/contextoanalisisperiodistico.com\/wp-content\/uploads\/2026\/09\/IMG-20260901-WA0092-1024x684.jpg",640,428,true],"1536x1536":["https:\/\/contextoanalisisperiodistico.com\/wp-content\/uploads\/2026\/09\/IMG-20260901-WA0092-1536x1026.jpg",1536,1026,true],"2048x2048":["https:\/\/contextoanalisisperiodistico.com\/wp-content\/uploads\/2026\/09\/IMG-20260901-WA0092.jpg",1600,1069,false],"covernews-slider-full":["https:\/\/contextoanalisisperiodistico.com\/wp-content\/uploads\/2026\/09\/IMG-20260901-WA0092-1115x715.jpg",1115,715,true],"covernews-slider-center":["https:\/\/contextoanalisisperiodistico.com\/wp-content\/uploads\/2026\/09\/IMG-20260901-WA0092-800x500.jpg",800,500,true],"covernews-featured":["https:\/\/contextoanalisisperiodistico.com\/wp-content\/uploads\/2026\/09\/IMG-20260901-WA0092-1024x684.jpg",1024,684,true],"covernews-medium":["https:\/\/contextoanalisisperiodistico.com\/wp-content\/uploads\/2026\/09\/IMG-20260901-WA0092-540x340.jpg",540,340,true],"covernews-medium-square":["https:\/\/contextoanalisisperiodistico.com\/wp-content\/uploads\/2026\/09\/IMG-20260901-WA0092-400x250.jpg",400,250,true]},"author_info":{"display_name":"Mario Gir\u00f3n","author_link":"https:\/\/contextoanalisisperiodistico.com\/index.php\/author\/director\/"},"category_info":"<a href=\"https:\/\/contextoanalisisperiodistico.com\/index.php\/category\/politica\/\" rel=\"category tag\">Pol\u00edtica<\/a>","tag_info":"Pol\u00edtica","comment_count":"0","jetpack_featured_media_url":"https:\/\/contextoanalisisperiodistico.com\/wp-content\/uploads\/2026\/09\/IMG-20260901-WA0092.jpg","_links":{"self":[{"href":"https:\/\/contextoanalisisperiodistico.com\/index.php\/wp-json\/wp\/v2\/posts\/57934"}],"collection":[{"href":"https:\/\/contextoanalisisperiodistico.com\/index.php\/wp-json\/wp\/v2\/posts"}],"about":[{"href":"https:\/\/contextoanalisisperiodistico.com\/index.php\/wp-json\/wp\/v2\/types\/post"}],"author":[{"embeddable":true,"href":"https:\/\/contextoanalisisperiodistico.com\/index.php\/wp-json\/wp\/v2\/users\/4"}],"replies":[{"embeddable":true,"href":"https:\/\/contextoanalisisperiodistico.com\/index.php\/wp-json\/wp\/v2\/comments?post=57934"}],"version-history":[{"count":0,"href":"https:\/\/contextoanalisisperiodistico.com\/index.php\/wp-json\/wp\/v2\/posts\/57934\/revisions"}],"wp:featuredmedia":[{"embeddable":true,"href":"https:\/\/contextoanalisisperiodistico.com\/index.php\/wp-json\/wp\/v2\/media\/57930"}],"wp:attachment":[{"href":"https:\/\/contextoanalisisperiodistico.com\/index.php\/wp-json\/wp\/v2\/media?parent=57934"}],"wp:term":[{"taxonomy":"category","embeddable":true,"href":"https:\/\/contextoanalisisperiodistico.com\/index.php\/wp-json\/wp\/v2\/categories?post=57934"},{"taxonomy":"post_tag","embeddable":true,"href":"https:\/\/contextoanalisisperiodistico.com\/index.php\/wp-json\/wp\/v2\/tags?post=57934"}],"curies":[{"name":"wp","href":"https:\/\/api.w.org\/{rel}","templated":true}]}}