{"id":57929,"date":"2026-09-01T22:29:14","date_gmt":"2026-09-02T04:29:14","guid":{"rendered":"https:\/\/contextoanalisisperiodistico.com\/index.php\/2026\/09\/01\/construiran-centro-comunitario-mexico-imparable-en-oaxaca-de-juarez\/"},"modified":"2026-09-01T22:29:14","modified_gmt":"2026-09-02T04:29:14","slug":"construiran-centro-comunitario-mexico-imparable-en-oaxaca-de-juarez","status":"publish","type":"post","link":"https:\/\/contextoanalisisperiodistico.com\/index.php\/2026\/09\/01\/construiran-centro-comunitario-mexico-imparable-en-oaxaca-de-juarez\/","title":{"rendered":"Construir\u00e1n Centro Comunitario M\u00e9xico Imparable en Oaxaca de Ju\u00e1rez"},"content":{"rendered":"<div id=\"fb-root\"><\/div>\n\n<p>El presidente municipal Ray Chagoya inform\u00f3 que se hizo entrega del terreno en la Agencia Municipal de Pueblo Nuevo, donde se construir\u00e1 el nuevo Centro Comunitario \u201cM\u00e9xico Imparable\u201d, en un espacio de m\u00e1s de 7 mil 300 m\u00b2.<\/p>\n\n\n\n<figure class=\"wp-block-image size-large\"><img fetchpriority=\"high\" decoding=\"async\" width=\"1024\" height=\"683\" src=\"https:\/\/contextoanalisisperiodistico.com\/wp-content\/uploads\/2026\/09\/img-20260901-wa00794405578934402180823-1024x683.jpg\" alt=\"\" class=\"wp-image-57924\" srcset=\"https:\/\/contextoanalisisperiodistico.com\/wp-content\/uploads\/2026\/09\/img-20260901-wa00794405578934402180823-1024x683.jpg 1024w, https:\/\/contextoanalisisperiodistico.com\/wp-content\/uploads\/2026\/09\/img-20260901-wa00794405578934402180823-300x200.jpg 300w, https:\/\/contextoanalisisperiodistico.com\/wp-content\/uploads\/2026\/09\/img-20260901-wa00794405578934402180823-768x512.jpg 768w, https:\/\/contextoanalisisperiodistico.com\/wp-content\/uploads\/2026\/09\/img-20260901-wa00794405578934402180823.jpg 1280w\" sizes=\"(max-width: 1024px) 100vw, 1024px\" \/><\/figure>\n\n\n\n<figure class=\"wp-block-image\"><img decoding=\"async\" width=\"1024\" height=\"627\" src=\"https:\/\/contextoanalisisperiodistico.com\/wp-content\/uploads\/2026\/09\/img-20260901-wa00805257801956907277598-1024x627.jpg\" alt=\"\" class=\"wp-image-57928\" srcset=\"https:\/\/contextoanalisisperiodistico.com\/wp-content\/uploads\/2026\/09\/img-20260901-wa00805257801956907277598-1024x627.jpg 1024w, https:\/\/contextoanalisisperiodistico.com\/wp-content\/uploads\/2026\/09\/img-20260901-wa00805257801956907277598-300x184.jpg 300w, https:\/\/contextoanalisisperiodistico.com\/wp-content\/uploads\/2026\/09\/img-20260901-wa00805257801956907277598-768x470.jpg 768w, https:\/\/contextoanalisisperiodistico.com\/wp-content\/uploads\/2026\/09\/img-20260901-wa00805257801956907277598.jpg 1280w\" sizes=\"(max-width: 1024px) 100vw, 1024px\" \/><\/figure>\n\n\n\n<figure class=\"wp-block-image\"><img decoding=\"async\" width=\"1024\" height=\"683\" src=\"https:\/\/contextoanalisisperiodistico.com\/wp-content\/uploads\/2026\/09\/img-20260901-wa00832510476828035326836-1024x683.jpg\" alt=\"\" class=\"wp-image-57925\" srcset=\"https:\/\/contextoanalisisperiodistico.com\/wp-content\/uploads\/2026\/09\/img-20260901-wa00832510476828035326836-1024x683.jpg 1024w, https:\/\/contextoanalisisperiodistico.com\/wp-content\/uploads\/2026\/09\/img-20260901-wa00832510476828035326836-300x200.jpg 300w, https:\/\/contextoanalisisperiodistico.com\/wp-content\/uploads\/2026\/09\/img-20260901-wa00832510476828035326836-768x512.jpg 768w, https:\/\/contextoanalisisperiodistico.com\/wp-content\/uploads\/2026\/09\/img-20260901-wa00832510476828035326836.jpg 1280w\" sizes=\"(max-width: 1024px) 100vw, 1024px\" \/><\/figure>\n\n\n\n<figure class=\"wp-block-image\"><img loading=\"lazy\" decoding=\"async\" width=\"1024\" height=\"683\" src=\"https:\/\/contextoanalisisperiodistico.com\/wp-content\/uploads\/2026\/09\/img-20260901-wa00821930387732776231279-1024x683.jpg\" alt=\"\" class=\"wp-image-57927\" srcset=\"https:\/\/contextoanalisisperiodistico.com\/wp-content\/uploads\/2026\/09\/img-20260901-wa00821930387732776231279-1024x683.jpg 1024w, https:\/\/contextoanalisisperiodistico.com\/wp-content\/uploads\/2026\/09\/img-20260901-wa00821930387732776231279-300x200.jpg 300w, https:\/\/contextoanalisisperiodistico.com\/wp-content\/uploads\/2026\/09\/img-20260901-wa00821930387732776231279-768x512.jpg 768w, https:\/\/contextoanalisisperiodistico.com\/wp-content\/uploads\/2026\/09\/img-20260901-wa00821930387732776231279.jpg 1280w\" sizes=\"(max-width: 1024px) 100vw, 1024px\" \/><\/figure>\n\n\n\n<figure class=\"wp-block-image\"><img loading=\"lazy\" decoding=\"async\" width=\"1024\" height=\"683\" src=\"https:\/\/contextoanalisisperiodistico.com\/wp-content\/uploads\/2026\/09\/img-20260901-wa00816482923098063449051-1024x683.jpg\" alt=\"\" class=\"wp-image-57926\" srcset=\"https:\/\/contextoanalisisperiodistico.com\/wp-content\/uploads\/2026\/09\/img-20260901-wa00816482923098063449051-1024x683.jpg 1024w, https:\/\/contextoanalisisperiodistico.com\/wp-content\/uploads\/2026\/09\/img-20260901-wa00816482923098063449051-300x200.jpg 300w, https:\/\/contextoanalisisperiodistico.com\/wp-content\/uploads\/2026\/09\/img-20260901-wa00816482923098063449051-768x512.jpg 768w, https:\/\/contextoanalisisperiodistico.com\/wp-content\/uploads\/2026\/09\/img-20260901-wa00816482923098063449051.jpg 1280w\" sizes=\"(max-width: 1024px) 100vw, 1024px\" \/><\/figure>\n\n\n\n<p>Este proyecto del Gobierno de M\u00e9xico contar\u00e1 con multicancha techada, cancha de futbol 7, gimnasio de box, trotapista, espacios para teatro, danza, coro y ajedrez, adem\u00e1s de \u00e1reas de salud y atenci\u00f3n.<\/p>\n\n\n\n<p>Ray Chagoya agradeci\u00f3 el apoyo de la Presidenta Claudia Sheinbaum Pardo, por impulsar acciones que atienden las causas y generan m\u00e1s oportunidades para vecinitas, vecinitos y j\u00f3venes de Oaxaca de Ju\u00e1rez.<\/p>\n\n\n\n<p>\u00a1Pueblo Nuevo ser\u00e1 parte de un M\u00e9xico Imparable!<\/p>\n\n\n\n<p>Esto es posible gracias al trabajo coordinado con Omar Garc\u00eda Harfuch, secretario de Seguridad y Protecci\u00f3n Ciudadana, y Miguel Torruco Garza, subsecretario de Prevenci\u00f3n de las Violencias del Gobierno de la Rep\u00fablica.<\/p>\n","protected":false},"excerpt":{"rendered":"<p>El presidente municipal Ray Chagoya inform\u00f3 que se hizo entrega del terreno en la Agencia&#8230;<\/p>\n","protected":false},"author":4,"featured_media":57923,"comment_status":"","ping_status":"open","sticky":false,"template":"","format":"standard","meta":{"footnotes":""},"categories":[9],"tags":[673,424],"jetpack_sharing_enabled":true,"featured_image_urls":{"full":["https:\/\/contextoanalisisperiodistico.com\/wp-content\/uploads\/2026\/09\/IMG-20260901-WA0084.jpg",1280,854,false],"thumbnail":["https:\/\/contextoanalisisperiodistico.com\/wp-content\/uploads\/2026\/09\/IMG-20260901-WA0084-150x150.jpg",150,150,true],"medium":["https:\/\/contextoanalisisperiodistico.com\/wp-content\/uploads\/2026\/09\/IMG-20260901-WA0084-300x200.jpg",300,200,true],"medium_large":["https:\/\/contextoanalisisperiodistico.com\/wp-content\/uploads\/2026\/09\/IMG-20260901-WA0084-768x512.jpg",640,427,true],"large":["https:\/\/contextoanalisisperiodistico.com\/wp-content\/uploads\/2026\/09\/IMG-20260901-WA0084-1024x683.jpg",640,427,true],"1536x1536":["https:\/\/contextoanalisisperiodistico.com\/wp-content\/uploads\/2026\/09\/IMG-20260901-WA0084.jpg",1280,854,false],"2048x2048":["https:\/\/contextoanalisisperiodistico.com\/wp-content\/uploads\/2026\/09\/IMG-20260901-WA0084.jpg",1280,854,false],"covernews-slider-full":["https:\/\/contextoanalisisperiodistico.com\/wp-content\/uploads\/2026\/09\/IMG-20260901-WA0084-1115x715.jpg",1115,715,true],"covernews-slider-center":["https:\/\/contextoanalisisperiodistico.com\/wp-content\/uploads\/2026\/09\/IMG-20260901-WA0084-800x500.jpg",800,500,true],"covernews-featured":["https:\/\/contextoanalisisperiodistico.com\/wp-content\/uploads\/2026\/09\/IMG-20260901-WA0084-1024x683.jpg",1024,683,true],"covernews-medium":["https:\/\/contextoanalisisperiodistico.com\/wp-content\/uploads\/2026\/09\/IMG-20260901-WA0084-540x340.jpg",540,340,true],"covernews-medium-square":["https:\/\/contextoanalisisperiodistico.com\/wp-content\/uploads\/2026\/09\/IMG-20260901-WA0084-400x250.jpg",400,250,true]},"author_info":{"display_name":"Mario Gir\u00f3n","author_link":"https:\/\/contextoanalisisperiodistico.com\/index.php\/author\/director\/"},"category_info":"<a href=\"https:\/\/contextoanalisisperiodistico.com\/index.php\/category\/politica\/\" rel=\"category tag\">Pol\u00edtica<\/a>","tag_info":"Pol\u00edtica","comment_count":"0","jetpack_featured_media_url":"https:\/\/contextoanalisisperiodistico.com\/wp-content\/uploads\/2026\/09\/IMG-20260901-WA0084.jpg","_links":{"self":[{"href":"https:\/\/contextoanalisisperiodistico.com\/index.php\/wp-json\/wp\/v2\/posts\/57929"}],"collection":[{"href":"https:\/\/contextoanalisisperiodistico.com\/index.php\/wp-json\/wp\/v2\/posts"}],"about":[{"href":"https:\/\/contextoanalisisperiodistico.com\/index.php\/wp-json\/wp\/v2\/types\/post"}],"author":[{"embeddable":true,"href":"https:\/\/contextoanalisisperiodistico.com\/index.php\/wp-json\/wp\/v2\/users\/4"}],"replies":[{"embeddable":true,"href":"https:\/\/contextoanalisisperiodistico.com\/index.php\/wp-json\/wp\/v2\/comments?post=57929"}],"version-history":[{"count":0,"href":"https:\/\/contextoanalisisperiodistico.com\/index.php\/wp-json\/wp\/v2\/posts\/57929\/revisions"}],"wp:featuredmedia":[{"embeddable":true,"href":"https:\/\/contextoanalisisperiodistico.com\/index.php\/wp-json\/wp\/v2\/media\/57923"}],"wp:attachment":[{"href":"https:\/\/contextoanalisisperiodistico.com\/index.php\/wp-json\/wp\/v2\/media?parent=57929"}],"wp:term":[{"taxonomy":"category","embeddable":true,"href":"https:\/\/contextoanalisisperiodistico.com\/index.php\/wp-json\/wp\/v2\/categories?post=57929"},{"taxonomy":"post_tag","embeddable":true,"href":"https:\/\/contextoanalisisperiodistico.com\/index.php\/wp-json\/wp\/v2\/tags?post=57929"}],"curies":[{"name":"wp","href":"https:\/\/api.w.org\/{rel}","templated":true}]}}