{"id":57922,"date":"2026-09-01T16:36:32","date_gmt":"2026-09-01T22:36:32","guid":{"rendered":"https:\/\/contextoanalisisperiodistico.com\/index.php\/2026\/09\/01\/oaxaca-en-el-centro-de-la-4t-con-claudia-sheinbaum-tania-caballero\/"},"modified":"2026-09-01T16:36:32","modified_gmt":"2026-09-01T22:36:32","slug":"oaxaca-en-el-centro-de-la-4t-con-claudia-sheinbaum-tania-caballero","status":"publish","type":"post","link":"https:\/\/contextoanalisisperiodistico.com\/index.php\/2026\/09\/01\/oaxaca-en-el-centro-de-la-4t-con-claudia-sheinbaum-tania-caballero\/","title":{"rendered":"Oaxaca en el Centro de la 4T con Claudia Sheinbaum: Tania Caballero"},"content":{"rendered":"<div id=\"fb-root\"><\/div>\n\n<p>*La legisladora respald\u00f3 el Segundo Informe de Gobierno de la titular del Poder Ejecutivo y resalt\u00f3 obras clave como Ciudad Salud y el Plan General L\u00e1zaro C\u00e1rdenas para la Mixteca<\/p>\n\n\n\n<ul class=\"wp-block-list\"><\/ul>\n\n\n\n<p><em>San Raymundo Jalpan, Oax., a 01 de septiembre de 2026.-<\/em> \u00abCon la Presidenta Claudia Sheinbaum Pardo, Oaxaca ha estado al centro de la Cuarta Transformaci\u00f3n\u00bb, afirm\u00f3 la diputada Tania Caballero Navarro, presidenta de la Junta de Coordinaci\u00f3n Pol\u00edtica (Jucopo) de la LXVI Legislatura del Congreso del Estado, al felicitar a la titular del Poder Ejecutivo Federal en el marco de su Segundo Informe de Gobierno.<\/p>\n\n\n\n<p>En entrevista con medios de comunicaci\u00f3n, la representante popular y coordinadora del Grupo Parlamentario de Morena destac\u00f3 que el Gobierno Federal mantiene un respaldo prioritario hacia la entidad oaxaque\u00f1a, reflejado en obras clave de infraestructura regional y la consolidaci\u00f3n de servicios esenciales.<\/p>\n\n\n\n<p>En la sede del Congreso, resalt\u00f3 los avances en materia sanitaria con el proyecto Ciudad Salud, as\u00ed como la puesta en marcha del Plan General L\u00e1zaro C\u00e1rdenas del R\u00edo en la Mixteca. Precis\u00f3 que mediante este plan se han articulado mesas de trabajo entre las comunidades y la Federaci\u00f3n para definir la rehabilitaci\u00f3n de tramos carreteros, el impulso a los sectores artesanales y la mejora de la infraestructura local.<\/p>\n\n\n\n<p>\u201cPrincipalmente se ha estado apoyando a las comunidades en materia de salud, pero me gustar\u00eda reconocer un proyecto muy importante para la Mixteca: el Plan General L\u00e1zaro C\u00e1rdenas del R\u00edo, que beneficia a los pueblos de la zona con infraestructura, salud y apoyo a artesanos\u201d.<\/p>\n\n\n\n<p>Reconoci\u00f3 el apoyo que en su momento dio a Oaxaca elexpresidente Andr\u00e9s Manuel L\u00f3pez Obrador, que, dijo, \u00abno fue la excepci\u00f3n y ahora se suma lo hecho por la Presidenta Claudia Sheinbaum Pardo\u00bb.<\/p>\n\n\n\n<p>Asimismo, Caballero Navarro abord\u00f3 el panorama en materia de seguridad, haciendo un llamado a la unidad entre las instituciones estatales y federales. Sostuvo que la construcci\u00f3n de la paz requiere la suma de esfuerzos continuos entre la Presidencia de la Rep\u00fablica y el Gobernador Salom\u00f3n Jara Cruz para erradicar problem\u00e1ticas hist\u00f3ricas. \u201cAunque existen muchos vicios la Presidenta est\u00e1 trabajando sin descanso para que podamos tener un pa\u00eds m\u00e1s seguro\u201d, puntualiz\u00f3.<\/p>\n\n\n\n<p><\/p>\n","protected":false},"excerpt":{"rendered":"<p>*La legisladora respald\u00f3 el Segundo Informe de Gobierno de la titular del Poder Ejecutivo y&#8230;<\/p>\n","protected":false},"author":4,"featured_media":57921,"comment_status":"","ping_status":"open","sticky":false,"template":"","format":"standard","meta":{"footnotes":""},"categories":[9],"tags":[670,377,107,424],"jetpack_sharing_enabled":true,"featured_image_urls":{"full":["https:\/\/contextoanalisisperiodistico.com\/wp-content\/uploads\/2026\/09\/IMG-20260901-WA0054.jpg",1600,900,false],"thumbnail":["https:\/\/contextoanalisisperiodistico.com\/wp-content\/uploads\/2026\/09\/IMG-20260901-WA0054-150x150.jpg",150,150,true],"medium":["https:\/\/contextoanalisisperiodistico.com\/wp-content\/uploads\/2026\/09\/IMG-20260901-WA0054-300x169.jpg",300,169,true],"medium_large":["https:\/\/contextoanalisisperiodistico.com\/wp-content\/uploads\/2026\/09\/IMG-20260901-WA0054-768x432.jpg",640,360,true],"large":["https:\/\/contextoanalisisperiodistico.com\/wp-content\/uploads\/2026\/09\/IMG-20260901-WA0054-1024x576.jpg",640,360,true],"1536x1536":["https:\/\/contextoanalisisperiodistico.com\/wp-content\/uploads\/2026\/09\/IMG-20260901-WA0054-1536x864.jpg",1536,864,true],"2048x2048":["https:\/\/contextoanalisisperiodistico.com\/wp-content\/uploads\/2026\/09\/IMG-20260901-WA0054.jpg",1600,900,false],"covernews-slider-full":["https:\/\/contextoanalisisperiodistico.com\/wp-content\/uploads\/2026\/09\/IMG-20260901-WA0054-1115x715.jpg",1115,715,true],"covernews-slider-center":["https:\/\/contextoanalisisperiodistico.com\/wp-content\/uploads\/2026\/09\/IMG-20260901-WA0054-800x500.jpg",800,500,true],"covernews-featured":["https:\/\/contextoanalisisperiodistico.com\/wp-content\/uploads\/2026\/09\/IMG-20260901-WA0054-1024x576.jpg",1024,576,true],"covernews-medium":["https:\/\/contextoanalisisperiodistico.com\/wp-content\/uploads\/2026\/09\/IMG-20260901-WA0054-540x340.jpg",540,340,true],"covernews-medium-square":["https:\/\/contextoanalisisperiodistico.com\/wp-content\/uploads\/2026\/09\/IMG-20260901-WA0054-400x250.jpg",400,250,true]},"author_info":{"display_name":"Mario Gir\u00f3n","author_link":"https:\/\/contextoanalisisperiodistico.com\/index.php\/author\/director\/"},"category_info":"<a href=\"https:\/\/contextoanalisisperiodistico.com\/index.php\/category\/politica\/\" rel=\"category tag\">Pol\u00edtica<\/a>","tag_info":"Pol\u00edtica","comment_count":"0","jetpack_featured_media_url":"https:\/\/contextoanalisisperiodistico.com\/wp-content\/uploads\/2026\/09\/IMG-20260901-WA0054.jpg","_links":{"self":[{"href":"https:\/\/contextoanalisisperiodistico.com\/index.php\/wp-json\/wp\/v2\/posts\/57922"}],"collection":[{"href":"https:\/\/contextoanalisisperiodistico.com\/index.php\/wp-json\/wp\/v2\/posts"}],"about":[{"href":"https:\/\/contextoanalisisperiodistico.com\/index.php\/wp-json\/wp\/v2\/types\/post"}],"author":[{"embeddable":true,"href":"https:\/\/contextoanalisisperiodistico.com\/index.php\/wp-json\/wp\/v2\/users\/4"}],"replies":[{"embeddable":true,"href":"https:\/\/contextoanalisisperiodistico.com\/index.php\/wp-json\/wp\/v2\/comments?post=57922"}],"version-history":[{"count":0,"href":"https:\/\/contextoanalisisperiodistico.com\/index.php\/wp-json\/wp\/v2\/posts\/57922\/revisions"}],"wp:featuredmedia":[{"embeddable":true,"href":"https:\/\/contextoanalisisperiodistico.com\/index.php\/wp-json\/wp\/v2\/media\/57921"}],"wp:attachment":[{"href":"https:\/\/contextoanalisisperiodistico.com\/index.php\/wp-json\/wp\/v2\/media?parent=57922"}],"wp:term":[{"taxonomy":"category","embeddable":true,"href":"https:\/\/contextoanalisisperiodistico.com\/index.php\/wp-json\/wp\/v2\/categories?post=57922"},{"taxonomy":"post_tag","embeddable":true,"href":"https:\/\/contextoanalisisperiodistico.com\/index.php\/wp-json\/wp\/v2\/tags?post=57922"}],"curies":[{"name":"wp","href":"https:\/\/api.w.org\/{rel}","templated":true}]}}