{"id":57915,"date":"2026-09-01T14:06:11","date_gmt":"2026-09-01T20:06:11","guid":{"rendered":"https:\/\/contextoanalisisperiodistico.com\/index.php\/2026\/09\/01\/ray-chagoya-reconoce-el-liderazgo-de-claudia-sheinbaum-a-dos-anos-de-gobierno\/"},"modified":"2026-09-01T14:06:11","modified_gmt":"2026-09-01T20:06:11","slug":"ray-chagoya-reconoce-el-liderazgo-de-claudia-sheinbaum-a-dos-anos-de-gobierno","status":"publish","type":"post","link":"https:\/\/contextoanalisisperiodistico.com\/index.php\/2026\/09\/01\/ray-chagoya-reconoce-el-liderazgo-de-claudia-sheinbaum-a-dos-anos-de-gobierno\/","title":{"rendered":"Ray Chagoya reconoce el liderazgo de Claudia Sheinbaum a dos a\u00f1os de gobierno"},"content":{"rendered":"<div id=\"fb-root\"><\/div>\n\n<p>En el marco del Segundo Informe de Gobierno de la presidenta de M\u00e9xico, Claudia Sheinbaum Pardo, el presidente municipal de Oaxaca de Ju\u00e1rez, Ray Chagoya, destac\u00f3 que la transformaci\u00f3n del pa\u00eds tiene rumbo, resultados y un profundo sentido social.<\/p>\n\n\n\n<p>Al tomar la palabra durante la Sesi\u00f3n Ordinaria de Cabildo, Ray Chagoya se\u00f1al\u00f3 que los programas sociales impulsados por el Gobierno de M\u00e9xico han fortalecido su presencia en Oaxaca de Ju\u00e1rez, llegando de manera directa a las familias, vecinas y vecinos de la capital. \u201cLos programas sociales dejaron de ser privilegios para convertirse en derechos\u201d, recalc\u00f3.<\/p>\n\n\n\n<p>El edil capitalino reconoci\u00f3 que en M\u00e9xico existe una nueva forma de gobernar y destac\u00f3 que la presidenta Claudia Sheinbaum mantiene un gobierno cercano al territorio, escuchando y atendiendo las necesidades de la poblaci\u00f3n.<\/p>\n\n\n\n<p>\u201cEn Oaxaca de Ju\u00e1rez reconocemos el liderazgo de nuestra presidenta y reiteramos nuestra disposici\u00f3n para seguir haciendo el mejor equipo y mantener una estrecha coordinaci\u00f3n con el Gobierno de M\u00e9xico y el Gobierno del Estado. La transformaci\u00f3n de M\u00e9xico se construye desde abajo, desde las colonias, los parajes, las agencias y las comunidades\u201d, concluy\u00f3.<\/p>\n\n\n\n<figure class=\"wp-block-image size-large\"><img fetchpriority=\"high\" decoding=\"async\" width=\"1024\" height=\"645\" src=\"https:\/\/contextoanalisisperiodistico.com\/wp-content\/uploads\/2026\/09\/img-20260901-wa00285989961807706830373-1024x645.jpg\" alt=\"\" class=\"wp-image-57914\" srcset=\"https:\/\/contextoanalisisperiodistico.com\/wp-content\/uploads\/2026\/09\/img-20260901-wa00285989961807706830373-1024x645.jpg 1024w, https:\/\/contextoanalisisperiodistico.com\/wp-content\/uploads\/2026\/09\/img-20260901-wa00285989961807706830373-300x189.jpg 300w, https:\/\/contextoanalisisperiodistico.com\/wp-content\/uploads\/2026\/09\/img-20260901-wa00285989961807706830373-768x484.jpg 768w, https:\/\/contextoanalisisperiodistico.com\/wp-content\/uploads\/2026\/09\/img-20260901-wa00285989961807706830373-1536x968.jpg 1536w, https:\/\/contextoanalisisperiodistico.com\/wp-content\/uploads\/2026\/09\/img-20260901-wa00285989961807706830373-540x340.jpg 540w, https:\/\/contextoanalisisperiodistico.com\/wp-content\/uploads\/2026\/09\/img-20260901-wa00285989961807706830373.jpg 1600w\" sizes=\"(max-width: 1024px) 100vw, 1024px\" \/><\/figure>\n","protected":false},"excerpt":{"rendered":"<p>En el marco del Segundo Informe de Gobierno de la presidenta de M\u00e9xico, Claudia Sheinbaum&#8230;<\/p>\n","protected":false},"author":4,"featured_media":57913,"comment_status":"","ping_status":"open","sticky":false,"template":"","format":"standard","meta":{"footnotes":""},"categories":[9],"tags":[673,424],"jetpack_sharing_enabled":true,"featured_image_urls":{"full":["https:\/\/contextoanalisisperiodistico.com\/wp-content\/uploads\/2026\/09\/IMG-20260901-WA0030.jpg",1471,981,false],"thumbnail":["https:\/\/contextoanalisisperiodistico.com\/wp-content\/uploads\/2026\/09\/IMG-20260901-WA0030-150x150.jpg",150,150,true],"medium":["https:\/\/contextoanalisisperiodistico.com\/wp-content\/uploads\/2026\/09\/IMG-20260901-WA0030-300x200.jpg",300,200,true],"medium_large":["https:\/\/contextoanalisisperiodistico.com\/wp-content\/uploads\/2026\/09\/IMG-20260901-WA0030-768x512.jpg",640,427,true],"large":["https:\/\/contextoanalisisperiodistico.com\/wp-content\/uploads\/2026\/09\/IMG-20260901-WA0030-1024x683.jpg",640,427,true],"1536x1536":["https:\/\/contextoanalisisperiodistico.com\/wp-content\/uploads\/2026\/09\/IMG-20260901-WA0030.jpg",1471,981,false],"2048x2048":["https:\/\/contextoanalisisperiodistico.com\/wp-content\/uploads\/2026\/09\/IMG-20260901-WA0030.jpg",1471,981,false],"covernews-slider-full":["https:\/\/contextoanalisisperiodistico.com\/wp-content\/uploads\/2026\/09\/IMG-20260901-WA0030-1115x715.jpg",1115,715,true],"covernews-slider-center":["https:\/\/contextoanalisisperiodistico.com\/wp-content\/uploads\/2026\/09\/IMG-20260901-WA0030-800x500.jpg",800,500,true],"covernews-featured":["https:\/\/contextoanalisisperiodistico.com\/wp-content\/uploads\/2026\/09\/IMG-20260901-WA0030-1024x683.jpg",1024,683,true],"covernews-medium":["https:\/\/contextoanalisisperiodistico.com\/wp-content\/uploads\/2026\/09\/IMG-20260901-WA0030-540x340.jpg",540,340,true],"covernews-medium-square":["https:\/\/contextoanalisisperiodistico.com\/wp-content\/uploads\/2026\/09\/IMG-20260901-WA0030-400x250.jpg",400,250,true]},"author_info":{"display_name":"Mario Gir\u00f3n","author_link":"https:\/\/contextoanalisisperiodistico.com\/index.php\/author\/director\/"},"category_info":"<a href=\"https:\/\/contextoanalisisperiodistico.com\/index.php\/category\/politica\/\" rel=\"category tag\">Pol\u00edtica<\/a>","tag_info":"Pol\u00edtica","comment_count":"0","jetpack_featured_media_url":"https:\/\/contextoanalisisperiodistico.com\/wp-content\/uploads\/2026\/09\/IMG-20260901-WA0030.jpg","_links":{"self":[{"href":"https:\/\/contextoanalisisperiodistico.com\/index.php\/wp-json\/wp\/v2\/posts\/57915"}],"collection":[{"href":"https:\/\/contextoanalisisperiodistico.com\/index.php\/wp-json\/wp\/v2\/posts"}],"about":[{"href":"https:\/\/contextoanalisisperiodistico.com\/index.php\/wp-json\/wp\/v2\/types\/post"}],"author":[{"embeddable":true,"href":"https:\/\/contextoanalisisperiodistico.com\/index.php\/wp-json\/wp\/v2\/users\/4"}],"replies":[{"embeddable":true,"href":"https:\/\/contextoanalisisperiodistico.com\/index.php\/wp-json\/wp\/v2\/comments?post=57915"}],"version-history":[{"count":0,"href":"https:\/\/contextoanalisisperiodistico.com\/index.php\/wp-json\/wp\/v2\/posts\/57915\/revisions"}],"wp:featuredmedia":[{"embeddable":true,"href":"https:\/\/contextoanalisisperiodistico.com\/index.php\/wp-json\/wp\/v2\/media\/57913"}],"wp:attachment":[{"href":"https:\/\/contextoanalisisperiodistico.com\/index.php\/wp-json\/wp\/v2\/media?parent=57915"}],"wp:term":[{"taxonomy":"category","embeddable":true,"href":"https:\/\/contextoanalisisperiodistico.com\/index.php\/wp-json\/wp\/v2\/categories?post=57915"},{"taxonomy":"post_tag","embeddable":true,"href":"https:\/\/contextoanalisisperiodistico.com\/index.php\/wp-json\/wp\/v2\/tags?post=57915"}],"curies":[{"name":"wp","href":"https:\/\/api.w.org\/{rel}","templated":true}]}}