{"id":57912,"date":"2026-09-01T09:52:37","date_gmt":"2026-09-01T15:52:37","guid":{"rendered":"https:\/\/contextoanalisisperiodistico.com\/index.php\/2026\/09\/01\/oaxaca-inicia-temporada-de-frentes-frios-2026-2027-y-preven-lluvias-por-onda-tropical-35\/"},"modified":"2026-09-01T09:52:37","modified_gmt":"2026-09-01T15:52:37","slug":"oaxaca-inicia-temporada-de-frentes-frios-2026-2027-y-preven-lluvias-por-onda-tropical-35","status":"publish","type":"post","link":"https:\/\/contextoanalisisperiodistico.com\/index.php\/2026\/09\/01\/oaxaca-inicia-temporada-de-frentes-frios-2026-2027-y-preven-lluvias-por-onda-tropical-35\/","title":{"rendered":"Oaxaca: Inicia temporada de frentes fr\u00edos 2026-2027 y prev\u00e9n lluvias por onda tropical 35"},"content":{"rendered":"<div id=\"fb-root\"><\/div>\n\n<p>Las temperaturas se mantendr\u00e1n sin cambios significativos, con periodos prolongados de ambiente caluroso y condiciones de bochorno<\/p>\n\n\n\n<p>Oaxaca de Ju\u00e1rez, Oax., 1 de septiembre de 2026.- La Coordinaci\u00f3n Estatal de Protecci\u00f3n Civil y Gesti\u00f3n de Riesgos (CEPCyGR) informa que este d\u00eda inicia oficialmente la temporada de frentes fr\u00edos, la cual se extender\u00e1 hasta mayo de 2027, al tiempo que se mantendr\u00e1n condiciones de inestabilidad atmosf\u00e9rica en la mayor parte del estado debido a la presencia de una circulaci\u00f3n cicl\u00f3nica y una vaguada en altura, sistemas que interactuar\u00e1n con la onda tropical n\u00famero 35.<\/p>\n\n\n\n<p>Estas condiciones favorecer\u00e1n cielos mayormente nublados y la probabilidad de precipitaciones de intensidad ligera a moderada. No se descarta la presencia de tormentas durante la tarde y noche, principalmente en zonas monta\u00f1osas, as\u00ed como bancos de niebla durante la noche y al amanecer.<\/p>\n\n\n\n<p>De acuerdo con el pron\u00f3stico meteorol\u00f3gico emitido por la Comisi\u00f3n Nacional del Agua (Conagua), las temperaturas se mantendr\u00e1n sin cambios significativos, con periodos prolongados de ambiente caluroso y condiciones de bochorno, especialmente en la zona costera y el bajo Papaloapan.<\/p>\n\n\n\n<p>Asimismo, se mantiene la presencia de oleaje elevado y vientos con rachas fuertes en el litoral oaxaque\u00f1o, ante la posible formaci\u00f3n de un cicl\u00f3n tropical frente a las costas del Pac\u00edfico central.<\/p>\n\n\n\n<p>Las temperaturas para este d\u00eda son las siguientes:<\/p>\n\n\n\n<ul class=\"wp-block-list\">\n<li>Valles Centrales: m\u00ednima de 15 y m\u00e1xima de 31 grados.<\/li>\n\n\n\n<li>Istmo de Tehuantepec: m\u00ednima de 23 y m\u00e1xima de 36 grados.<\/li>\n\n\n\n<li>Cuenca del Papaloapan: m\u00ednima de 23 y m\u00e1xima de 34 grados.<\/li>\n\n\n\n<li>Costa: m\u00ednima de 23 y m\u00e1xima de 35 grados.<\/li>\n\n\n\n<li>Mixteca: m\u00ednima de 15 y m\u00e1xima de 30 grados.<\/li>\n\n\n\n<li>Sierra de Flores Mag\u00f3n: m\u00ednima de 16 y m\u00e1xima de 34 grados.<\/li>\n\n\n\n<li>Sierra de Ju\u00e1rez: m\u00ednima de 11 y m\u00e1xima de 28 grados.<\/li>\n\n\n\n<li>Sierra Sur: m\u00ednima de 13 y m\u00e1xima de 30 grados.<\/li>\n<\/ul>\n\n\n\n<p>Se exhorta a la poblaci\u00f3n a atender las recomendaciones de Protecci\u00f3n Civil y Capitan\u00edas de Puerto, as\u00ed como a mantenerse informada sobre las condiciones meteorol\u00f3gicas a trav\u00e9s de los medios y redes sociales oficiales: Facebook @CEPCYGRGobOax y X @CEPCyGR_GobOax.<\/p>\n","protected":false},"excerpt":{"rendered":"<p>Las temperaturas se mantendr\u00e1n sin cambios significativos, con periodos prolongados de ambiente caluroso y condiciones&#8230;<\/p>\n","protected":false},"author":4,"featured_media":57911,"comment_status":"","ping_status":"open","sticky":false,"template":"","format":"standard","meta":{"footnotes":""},"categories":[3],"tags":[608],"jetpack_sharing_enabled":true,"featured_image_urls":{"full":["https:\/\/contextoanalisisperiodistico.com\/wp-content\/uploads\/2026\/09\/IMG-20260901-WA0013.jpg",1600,900,false],"thumbnail":["https:\/\/contextoanalisisperiodistico.com\/wp-content\/uploads\/2026\/09\/IMG-20260901-WA0013-150x150.jpg",150,150,true],"medium":["https:\/\/contextoanalisisperiodistico.com\/wp-content\/uploads\/2026\/09\/IMG-20260901-WA0013-300x169.jpg",300,169,true],"medium_large":["https:\/\/contextoanalisisperiodistico.com\/wp-content\/uploads\/2026\/09\/IMG-20260901-WA0013-768x432.jpg",640,360,true],"large":["https:\/\/contextoanalisisperiodistico.com\/wp-content\/uploads\/2026\/09\/IMG-20260901-WA0013-1024x576.jpg",640,360,true],"1536x1536":["https:\/\/contextoanalisisperiodistico.com\/wp-content\/uploads\/2026\/09\/IMG-20260901-WA0013-1536x864.jpg",1536,864,true],"2048x2048":["https:\/\/contextoanalisisperiodistico.com\/wp-content\/uploads\/2026\/09\/IMG-20260901-WA0013.jpg",1600,900,false],"covernews-slider-full":["https:\/\/contextoanalisisperiodistico.com\/wp-content\/uploads\/2026\/09\/IMG-20260901-WA0013-1115x715.jpg",1115,715,true],"covernews-slider-center":["https:\/\/contextoanalisisperiodistico.com\/wp-content\/uploads\/2026\/09\/IMG-20260901-WA0013-800x500.jpg",800,500,true],"covernews-featured":["https:\/\/contextoanalisisperiodistico.com\/wp-content\/uploads\/2026\/09\/IMG-20260901-WA0013-1024x576.jpg",1024,576,true],"covernews-medium":["https:\/\/contextoanalisisperiodistico.com\/wp-content\/uploads\/2026\/09\/IMG-20260901-WA0013-540x340.jpg",540,340,true],"covernews-medium-square":["https:\/\/contextoanalisisperiodistico.com\/wp-content\/uploads\/2026\/09\/IMG-20260901-WA0013-400x250.jpg",400,250,true]},"author_info":{"display_name":"Mario Gir\u00f3n","author_link":"https:\/\/contextoanalisisperiodistico.com\/index.php\/author\/director\/"},"category_info":"<a href=\"https:\/\/contextoanalisisperiodistico.com\/index.php\/category\/ciudad\/\" rel=\"category tag\">Ciudad<\/a>","tag_info":"Ciudad","comment_count":"0","jetpack_featured_media_url":"https:\/\/contextoanalisisperiodistico.com\/wp-content\/uploads\/2026\/09\/IMG-20260901-WA0013.jpg","_links":{"self":[{"href":"https:\/\/contextoanalisisperiodistico.com\/index.php\/wp-json\/wp\/v2\/posts\/57912"}],"collection":[{"href":"https:\/\/contextoanalisisperiodistico.com\/index.php\/wp-json\/wp\/v2\/posts"}],"about":[{"href":"https:\/\/contextoanalisisperiodistico.com\/index.php\/wp-json\/wp\/v2\/types\/post"}],"author":[{"embeddable":true,"href":"https:\/\/contextoanalisisperiodistico.com\/index.php\/wp-json\/wp\/v2\/users\/4"}],"replies":[{"embeddable":true,"href":"https:\/\/contextoanalisisperiodistico.com\/index.php\/wp-json\/wp\/v2\/comments?post=57912"}],"version-history":[{"count":0,"href":"https:\/\/contextoanalisisperiodistico.com\/index.php\/wp-json\/wp\/v2\/posts\/57912\/revisions"}],"wp:featuredmedia":[{"embeddable":true,"href":"https:\/\/contextoanalisisperiodistico.com\/index.php\/wp-json\/wp\/v2\/media\/57911"}],"wp:attachment":[{"href":"https:\/\/contextoanalisisperiodistico.com\/index.php\/wp-json\/wp\/v2\/media?parent=57912"}],"wp:term":[{"taxonomy":"category","embeddable":true,"href":"https:\/\/contextoanalisisperiodistico.com\/index.php\/wp-json\/wp\/v2\/categories?post=57912"},{"taxonomy":"post_tag","embeddable":true,"href":"https:\/\/contextoanalisisperiodistico.com\/index.php\/wp-json\/wp\/v2\/tags?post=57912"}],"curies":[{"name":"wp","href":"https:\/\/api.w.org\/{rel}","templated":true}]}}