{"id":57902,"date":"2026-08-31T19:23:16","date_gmt":"2026-09-01T01:23:16","guid":{"rendered":"https:\/\/contextoanalisisperiodistico.com\/index.php\/2026\/08\/31\/tania-caballero-promueve-ley-de-la-mujer-rural-en-oaxaca\/"},"modified":"2026-08-31T19:23:16","modified_gmt":"2026-09-01T01:23:16","slug":"tania-caballero-promueve-ley-de-la-mujer-rural-en-oaxaca","status":"publish","type":"post","link":"https:\/\/contextoanalisisperiodistico.com\/index.php\/2026\/08\/31\/tania-caballero-promueve-ley-de-la-mujer-rural-en-oaxaca\/","title":{"rendered":"Tania Caballero promueve Ley de la Mujer Rural en Oaxaca"},"content":{"rendered":"<div id=\"fb-root\"><\/div>\n\n<p>*La presidenta de la Jucopo encabez\u00f3 el \u201cCongreso de la Mujer Oaxaque\u00f1a 2026\u201d para recibir propuestas respecto a la Ley para el Reconocimiento, Desarrollo y Empoderamiento de la Mujer Rural Oaxaque\u00f1a<\/p>\n\n\n\n<p><em>Santa Luc\u00eda del Camino, Oax., a 31 de agosto de 2026.-<\/em> \u00abEn nuestro estado, las mujeres rurales han trabajado la tierra durante generaciones enteras. La siembran, la cuidan y producen nuestros alimentos; sostienen a sus familias y participan todos los d\u00edas en la vida de sus comunidades. Pero muchas veces esa misma tierra que trabajan no les pertenece legalmente\u00bb, afirm\u00f3 la presidenta de la Junta de Coordinaci\u00f3n Pol\u00edtica (Jucopo), diputada Tania Caballero Navarro, al dar la bienvenida a las representantes de diversas comunidades congregadas en el \u201cCongreso de la Mujer Oaxaque\u00f1a 2026\u201d.<\/p>\n\n\n\n<ul class=\"wp-block-list\"><\/ul>\n\n\n\n<p>La legisladora encabez\u00f3 los trabajos de la Audiencia P\u00fablica destinada a recabar propuestas de la ciudadan\u00eda para el estudio y dictaminaci\u00f3n de la Iniciativa de Ley para el Reconocimiento, Desarrollo y Empoderamiento de la Mujer Rural Oaxaque\u00f1a. Esta propuesta legislativa tiene como prop\u00f3sito central garantizar la certeza jur\u00eddica sobre la propiedad de la tierra y promover la equidad sustantiva en el campo oaxaque\u00f1o.<\/p>\n\n\n\n<p>Durante su intervenci\u00f3n, Caballero Navarro enfatiz\u00f3 la urgencia de corregir las brechas hist\u00f3ricas que afectan al sector. Precis\u00f3 que, aunque en Oaxaca habita m\u00e1s de un mill\u00f3n de mujeres rurales, \u00fanicamente el 22 por ciento de las personas con derechos agrarios legalmente reconocidos son mujeres. Destac\u00f3 que detr\u00e1s de esta cifra subyacen din\u00e1micas de desigualdad que impiden a las productoras decidir sobre las parcelas que trabajan y limitan su acceso a financiamientos o programas de fomento productivo.<\/p>\n\n\n\n<p>La legisladora subray\u00f3 la determinaci\u00f3n de la LXVI Legislatura para construir un marco normativo basado en las necesidades reales del territorio. \u00abQueremos escucharlas, conocer lo que viven en sus comunidades, los problemas que enfrentan y qu\u00e9 tenemos que cambiar desde la ley. Quienes conocen la realidad son ustedes, y si queremos hacer buenas leyes, tenemos que escuchar primero a las personas a quienes van a beneficiar\u00bb, asever\u00f3.<\/p>\n\n\n\n<p>Caballero Navarro reiter\u00f3 el compromiso del Congreso del Estado de mantener un Parlamento Abierto donde las aportaciones vertidas por las asistentes sean incorporadas al dictamen final, consolidando una legislaci\u00f3n orientada al desarrollo integral de las comunidades rurales.<\/p>\n\n\n\n<p><\/p>\n","protected":false},"excerpt":{"rendered":"<p>*La presidenta de la Jucopo encabez\u00f3 el \u201cCongreso de la Mujer Oaxaque\u00f1a 2026\u201d para recibir&#8230;<\/p>\n","protected":false},"author":4,"featured_media":57895,"comment_status":"","ping_status":"open","sticky":false,"template":"","format":"standard","meta":{"footnotes":""},"categories":[6,9],"tags":[593,670,377,107,148,424],"jetpack_sharing_enabled":true,"featured_image_urls":{"full":["https:\/\/contextoanalisisperiodistico.com\/wp-content\/uploads\/2026\/08\/IMG-20260831-WA0072.jpg",1600,900,false],"thumbnail":["https:\/\/contextoanalisisperiodistico.com\/wp-content\/uploads\/2026\/08\/IMG-20260831-WA0072-150x150.jpg",150,150,true],"medium":["https:\/\/contextoanalisisperiodistico.com\/wp-content\/uploads\/2026\/08\/IMG-20260831-WA0072-300x169.jpg",300,169,true],"medium_large":["https:\/\/contextoanalisisperiodistico.com\/wp-content\/uploads\/2026\/08\/IMG-20260831-WA0072-768x432.jpg",640,360,true],"large":["https:\/\/contextoanalisisperiodistico.com\/wp-content\/uploads\/2026\/08\/IMG-20260831-WA0072-1024x576.jpg",640,360,true],"1536x1536":["https:\/\/contextoanalisisperiodistico.com\/wp-content\/uploads\/2026\/08\/IMG-20260831-WA0072-1536x864.jpg",1536,864,true],"2048x2048":["https:\/\/contextoanalisisperiodistico.com\/wp-content\/uploads\/2026\/08\/IMG-20260831-WA0072.jpg",1600,900,false],"covernews-slider-full":["https:\/\/contextoanalisisperiodistico.com\/wp-content\/uploads\/2026\/08\/IMG-20260831-WA0072-1115x715.jpg",1115,715,true],"covernews-slider-center":["https:\/\/contextoanalisisperiodistico.com\/wp-content\/uploads\/2026\/08\/IMG-20260831-WA0072-800x500.jpg",800,500,true],"covernews-featured":["https:\/\/contextoanalisisperiodistico.com\/wp-content\/uploads\/2026\/08\/IMG-20260831-WA0072-1024x576.jpg",1024,576,true],"covernews-medium":["https:\/\/contextoanalisisperiodistico.com\/wp-content\/uploads\/2026\/08\/IMG-20260831-WA0072-540x340.jpg",540,340,true],"covernews-medium-square":["https:\/\/contextoanalisisperiodistico.com\/wp-content\/uploads\/2026\/08\/IMG-20260831-WA0072-400x250.jpg",400,250,true]},"author_info":{"display_name":"Mario Gir\u00f3n","author_link":"https:\/\/contextoanalisisperiodistico.com\/index.php\/author\/director\/"},"category_info":"<a href=\"https:\/\/contextoanalisisperiodistico.com\/index.php\/category\/legislatura\/\" rel=\"category tag\">Legislatura<\/a> <a href=\"https:\/\/contextoanalisisperiodistico.com\/index.php\/category\/politica\/\" rel=\"category tag\">Pol\u00edtica<\/a>","tag_info":"Pol\u00edtica","comment_count":"0","jetpack_featured_media_url":"https:\/\/contextoanalisisperiodistico.com\/wp-content\/uploads\/2026\/08\/IMG-20260831-WA0072.jpg","_links":{"self":[{"href":"https:\/\/contextoanalisisperiodistico.com\/index.php\/wp-json\/wp\/v2\/posts\/57902"}],"collection":[{"href":"https:\/\/contextoanalisisperiodistico.com\/index.php\/wp-json\/wp\/v2\/posts"}],"about":[{"href":"https:\/\/contextoanalisisperiodistico.com\/index.php\/wp-json\/wp\/v2\/types\/post"}],"author":[{"embeddable":true,"href":"https:\/\/contextoanalisisperiodistico.com\/index.php\/wp-json\/wp\/v2\/users\/4"}],"replies":[{"embeddable":true,"href":"https:\/\/contextoanalisisperiodistico.com\/index.php\/wp-json\/wp\/v2\/comments?post=57902"}],"version-history":[{"count":0,"href":"https:\/\/contextoanalisisperiodistico.com\/index.php\/wp-json\/wp\/v2\/posts\/57902\/revisions"}],"wp:featuredmedia":[{"embeddable":true,"href":"https:\/\/contextoanalisisperiodistico.com\/index.php\/wp-json\/wp\/v2\/media\/57895"}],"wp:attachment":[{"href":"https:\/\/contextoanalisisperiodistico.com\/index.php\/wp-json\/wp\/v2\/media?parent=57902"}],"wp:term":[{"taxonomy":"category","embeddable":true,"href":"https:\/\/contextoanalisisperiodistico.com\/index.php\/wp-json\/wp\/v2\/categories?post=57902"},{"taxonomy":"post_tag","embeddable":true,"href":"https:\/\/contextoanalisisperiodistico.com\/index.php\/wp-json\/wp\/v2\/tags?post=57902"}],"curies":[{"name":"wp","href":"https:\/\/api.w.org\/{rel}","templated":true}]}}