{"id":57901,"date":"2026-08-31T18:44:21","date_gmt":"2026-09-01T00:44:21","guid":{"rendered":"https:\/\/contextoanalisisperiodistico.com\/index.php\/2026\/08\/31\/ray-chagoya-gestiona-centro-mexico-imparable-en-oaxaca\/"},"modified":"2026-08-31T18:44:21","modified_gmt":"2026-09-01T00:44:21","slug":"ray-chagoya-gestiona-centro-mexico-imparable-en-oaxaca","status":"publish","type":"post","link":"https:\/\/contextoanalisisperiodistico.com\/index.php\/2026\/08\/31\/ray-chagoya-gestiona-centro-mexico-imparable-en-oaxaca\/","title":{"rendered":"Ray Chagoya gestiona Centro M\u00e9xico Imparable en Oaxaca"},"content":{"rendered":"<div id=\"fb-root\"><\/div>\n\n<p>Como parte de las gestiones estrat\u00e9gicas en beneficio de las vecinas y vecinos de Oaxaca de Ju\u00e1rez, el presidente municipal Ray Chagoya se reuni\u00f3 este lunes con Miguel Torruco Garza, subsecretario de Prevenci\u00f3n de las Violencias de la Secretar\u00eda de Seguridad y Protecci\u00f3n Ciudadana, para dar seguimiento al proyecto de construcci\u00f3n del Centro Comunitario M\u00e9xico Imparable.<\/p>\n\n\n\n<figure class=\"wp-block-image size-large\"><img fetchpriority=\"high\" decoding=\"async\" width=\"1024\" height=\"576\" src=\"https:\/\/contextoanalisisperiodistico.com\/wp-content\/uploads\/2026\/08\/img-20260831-wa007069560406728951598-1024x576.jpg\" alt=\"\" class=\"wp-image-57894\" srcset=\"https:\/\/contextoanalisisperiodistico.com\/wp-content\/uploads\/2026\/08\/img-20260831-wa007069560406728951598-1024x576.jpg 1024w, https:\/\/contextoanalisisperiodistico.com\/wp-content\/uploads\/2026\/08\/img-20260831-wa007069560406728951598-300x169.jpg 300w, https:\/\/contextoanalisisperiodistico.com\/wp-content\/uploads\/2026\/08\/img-20260831-wa007069560406728951598-768x432.jpg 768w, https:\/\/contextoanalisisperiodistico.com\/wp-content\/uploads\/2026\/08\/img-20260831-wa007069560406728951598.jpg 1280w\" sizes=\"(max-width: 1024px) 100vw, 1024px\" \/><\/figure>\n\n\n\n<figure class=\"wp-block-image\"><img decoding=\"async\" width=\"1024\" height=\"576\" src=\"https:\/\/contextoanalisisperiodistico.com\/wp-content\/uploads\/2026\/08\/img-20260831-wa00693739822044406303524-1024x576.jpg\" alt=\"\" class=\"wp-image-57893\" srcset=\"https:\/\/contextoanalisisperiodistico.com\/wp-content\/uploads\/2026\/08\/img-20260831-wa00693739822044406303524-1024x576.jpg 1024w, https:\/\/contextoanalisisperiodistico.com\/wp-content\/uploads\/2026\/08\/img-20260831-wa00693739822044406303524-300x169.jpg 300w, https:\/\/contextoanalisisperiodistico.com\/wp-content\/uploads\/2026\/08\/img-20260831-wa00693739822044406303524-768x432.jpg 768w, https:\/\/contextoanalisisperiodistico.com\/wp-content\/uploads\/2026\/08\/img-20260831-wa00693739822044406303524.jpg 1280w\" sizes=\"(max-width: 1024px) 100vw, 1024px\" \/><\/figure>\n\n\n\n<p>El edil destac\u00f3 que este proyecto contribuir\u00e1 al desarrollo social, educativo y comunitario de la capital oaxaque\u00f1a, y ser\u00e1 posible gracias al respaldo de la presidenta de M\u00e9xico, Claudia Sheinbaum Pardo.<\/p>\n\n\n\n<p>El nuevo centro ser\u00e1 un espacio dedicado a promover la convivencia, el desarrollo integral, la cultura y el deporte, con el objetivo de garantizar derechos y prevenir las violencias. Sus actividades beneficiar\u00e1n a ni\u00f1as, ni\u00f1os, j\u00f3venes y personas adultas de distintos sectores de la Verde Antequera.<\/p>\n","protected":false},"excerpt":{"rendered":"<p>Como parte de las gestiones estrat\u00e9gicas en beneficio de las vecinas y vecinos de Oaxaca&#8230;<\/p>\n","protected":false},"author":4,"featured_media":57892,"comment_status":"","ping_status":"open","sticky":false,"template":"","format":"standard","meta":{"footnotes":""},"categories":[9],"tags":[673,424],"jetpack_sharing_enabled":true,"featured_image_urls":{"full":["https:\/\/contextoanalisisperiodistico.com\/wp-content\/uploads\/2026\/08\/IMG-20260831-WA0068.jpg",679,536,false],"thumbnail":["https:\/\/contextoanalisisperiodistico.com\/wp-content\/uploads\/2026\/08\/IMG-20260831-WA0068-150x150.jpg",150,150,true],"medium":["https:\/\/contextoanalisisperiodistico.com\/wp-content\/uploads\/2026\/08\/IMG-20260831-WA0068-300x237.jpg",300,237,true],"medium_large":["https:\/\/contextoanalisisperiodistico.com\/wp-content\/uploads\/2026\/08\/IMG-20260831-WA0068.jpg",640,505,false],"large":["https:\/\/contextoanalisisperiodistico.com\/wp-content\/uploads\/2026\/08\/IMG-20260831-WA0068.jpg",640,505,false],"1536x1536":["https:\/\/contextoanalisisperiodistico.com\/wp-content\/uploads\/2026\/08\/IMG-20260831-WA0068.jpg",679,536,false],"2048x2048":["https:\/\/contextoanalisisperiodistico.com\/wp-content\/uploads\/2026\/08\/IMG-20260831-WA0068.jpg",679,536,false],"covernews-slider-full":["https:\/\/contextoanalisisperiodistico.com\/wp-content\/uploads\/2026\/08\/IMG-20260831-WA0068.jpg",679,536,false],"covernews-slider-center":["https:\/\/contextoanalisisperiodistico.com\/wp-content\/uploads\/2026\/08\/IMG-20260831-WA0068-679x500.jpg",679,500,true],"covernews-featured":["https:\/\/contextoanalisisperiodistico.com\/wp-content\/uploads\/2026\/08\/IMG-20260831-WA0068.jpg",679,536,false],"covernews-medium":["https:\/\/contextoanalisisperiodistico.com\/wp-content\/uploads\/2026\/08\/IMG-20260831-WA0068-540x340.jpg",540,340,true],"covernews-medium-square":["https:\/\/contextoanalisisperiodistico.com\/wp-content\/uploads\/2026\/08\/IMG-20260831-WA0068-400x250.jpg",400,250,true]},"author_info":{"display_name":"Mario Gir\u00f3n","author_link":"https:\/\/contextoanalisisperiodistico.com\/index.php\/author\/director\/"},"category_info":"<a href=\"https:\/\/contextoanalisisperiodistico.com\/index.php\/category\/politica\/\" rel=\"category tag\">Pol\u00edtica<\/a>","tag_info":"Pol\u00edtica","comment_count":"0","jetpack_featured_media_url":"https:\/\/contextoanalisisperiodistico.com\/wp-content\/uploads\/2026\/08\/IMG-20260831-WA0068.jpg","_links":{"self":[{"href":"https:\/\/contextoanalisisperiodistico.com\/index.php\/wp-json\/wp\/v2\/posts\/57901"}],"collection":[{"href":"https:\/\/contextoanalisisperiodistico.com\/index.php\/wp-json\/wp\/v2\/posts"}],"about":[{"href":"https:\/\/contextoanalisisperiodistico.com\/index.php\/wp-json\/wp\/v2\/types\/post"}],"author":[{"embeddable":true,"href":"https:\/\/contextoanalisisperiodistico.com\/index.php\/wp-json\/wp\/v2\/users\/4"}],"replies":[{"embeddable":true,"href":"https:\/\/contextoanalisisperiodistico.com\/index.php\/wp-json\/wp\/v2\/comments?post=57901"}],"version-history":[{"count":0,"href":"https:\/\/contextoanalisisperiodistico.com\/index.php\/wp-json\/wp\/v2\/posts\/57901\/revisions"}],"wp:featuredmedia":[{"embeddable":true,"href":"https:\/\/contextoanalisisperiodistico.com\/index.php\/wp-json\/wp\/v2\/media\/57892"}],"wp:attachment":[{"href":"https:\/\/contextoanalisisperiodistico.com\/index.php\/wp-json\/wp\/v2\/media?parent=57901"}],"wp:term":[{"taxonomy":"category","embeddable":true,"href":"https:\/\/contextoanalisisperiodistico.com\/index.php\/wp-json\/wp\/v2\/categories?post=57901"},{"taxonomy":"post_tag","embeddable":true,"href":"https:\/\/contextoanalisisperiodistico.com\/index.php\/wp-json\/wp\/v2\/tags?post=57901"}],"curies":[{"name":"wp","href":"https:\/\/api.w.org\/{rel}","templated":true}]}}