{"id":57888,"date":"2026-08-31T14:14:34","date_gmt":"2026-08-31T20:14:34","guid":{"rendered":"https:\/\/contextoanalisisperiodistico.com\/index.php\/2026\/08\/31\/disminuyen-13-delitos-de-impacto-en-oaxaca-durante-2026-salomon-jara\/"},"modified":"2026-08-31T14:14:34","modified_gmt":"2026-08-31T20:14:34","slug":"disminuyen-13-delitos-de-impacto-en-oaxaca-durante-2026-salomon-jara","status":"publish","type":"post","link":"https:\/\/contextoanalisisperiodistico.com\/index.php\/2026\/08\/31\/disminuyen-13-delitos-de-impacto-en-oaxaca-durante-2026-salomon-jara\/","title":{"rendered":"\u200bDisminuyen 13 delitos de impacto en Oaxaca durante 2026: Salom\u00f3n Jara"},"content":{"rendered":"<div id=\"fb-root\"><\/div>\n\n<p>El gobernador Salom\u00f3n Jara present\u00f3 los resultados de seguridad en Oaxaca para 2026: reducci\u00f3n en 13 de 15 delitos de impacto y avance en el \u00cdndice de Paz\u2022 El Gobernador Salom\u00f3n Jara afirm\u00f3 que no permitir\u00e1 que ning\u00fan grupo o inter\u00e9s particular se coloque por encima de la tranquilidad del pueblo ni del estado de derecho<\/p>\n\n\n\n<p>\u2022 El Gobernador Salom\u00f3n Jara afirm\u00f3 que no permitir\u00e1 que ning\u00fan grupo o inter\u00e9s particular se coloque por encima de la tranquilidad del pueblo ni del estado de derecho<\/p>\n\n\n\n<p>\u2022 El \u00cdndice de Paz en M\u00e9xico 2026 coloca a Oaxaca entre los estados con las mejores condiciones y 13 de los 15 delitos de impacto registraron disminuciones<\/p>\n\n\n\n<p>Oaxaca de Ju\u00e1rez, Oax. 31 de agosto de 2026.- El Gobernador Salom\u00f3n Jara Cruz afirm\u00f3 que en Oaxaca las instituciones estatales en coordinaci\u00f3n con fuerzas federales, realizan acciones estrat\u00e9gicas y contundentes para consolidar la justicia y garantizar seguridad a la ciudadan\u00eda.<\/p>\n\n\n\n<p>Durante la conferencia de prensa que encabeza, el Mandatario estatal resalt\u00f3 que en la entidad se refuerza el combate a la delincuencia, el cual se refleja en los resultados obtenidos de enero a agosto del presente a\u00f1o: la detenci\u00f3n de m\u00e1s de mil 400 personas, recuperaci\u00f3n y aseguramiento de m\u00e1s de 6 mil veh\u00edculos, y se han sacado de circulaci\u00f3n cerca de 200 armas y m\u00e1s de 7 mil 100 dosis de droga.<\/p>\n\n\n\n<p>\u201cQuien se aparte de la legalidad enfrentar\u00e1 las consecuencias. No vamos a permitir que ning\u00fan grupo o inter\u00e9s particular pretenda colocarse por encima de la tranquilidad de nuestro pueblo ni del estado de derecho\u201d, mencion\u00f3.<\/p>\n\n\n\n<p>Los esfuerzos realizados por el Gobierno del Estado se evidencian en datos rotundos: el \u00cdndice de Paz en M\u00e9xico 2026 coloca a Oaxaca entre los estados con las mejores condiciones; durante el primer semestre del a\u00f1o, 13 de los 15 delitos de impacto registraron disminuciones, y siete de ellos tuvieron reducciones superiores al 40 por ciento.<\/p>\n\n\n\n<p>Adem\u00e1s de la disminuci\u00f3n de 14.89 puntos en percepci\u00f3n de inseguridad, de acuerdo con la Encuesta Nacional de Seguridad P\u00fablica Urbana del Instituto Nacional de Estad\u00edstica y Geograf\u00eda.<\/p>\n\n\n\n<p>Entre los principales logros en coordinaci\u00f3n con la Fiscal\u00eda General del Estado de Oaxaca, se encuentran la desarticulaci\u00f3n de c\u00e9lulas delictivas en la Costa e Istmo de Tehuantepec, detenci\u00f3n de objetivos prioritarios, cateos coordinados con autoridades federales y trabajos de inteligencia y ubicaci\u00f3n de objetivos prioritarios.<\/p>\n\n\n\n<p>Cabe destacar que, para contribuir a que las armas salgan de los hogares, se respalda la campa\u00f1a federal \u201cS\u00ed al Desarme, S\u00ed a la Paz\u201d, en la cual se destinan m\u00e1s de 3 millones 400 mil pesos a nivel estatal.<\/p>\n\n\n\n<p>Con el objetivo de seguir abonando al bienestar de las y los oaxaque\u00f1os, la administraci\u00f3n p\u00fablica estatal redobla esfuerzos, mantiene presencia en territorio, mejora la coordinaci\u00f3n con instituciones y act\u00faa con inteligencia, firmeza y pleno apego a la ley frente a quienes pretendan vulnerar la tranquilidad de las comunidades.<\/p>\n\n\n\n<figure class=\"wp-block-image size-large\"><img fetchpriority=\"high\" decoding=\"async\" width=\"1024\" height=\"683\" src=\"https:\/\/contextoanalisisperiodistico.com\/wp-content\/uploads\/2026\/08\/img-20260831-wa00286743792295681392076-1024x683.jpg\" alt=\"\" class=\"wp-image-57886\" srcset=\"https:\/\/contextoanalisisperiodistico.com\/wp-content\/uploads\/2026\/08\/img-20260831-wa00286743792295681392076-1024x683.jpg 1024w, https:\/\/contextoanalisisperiodistico.com\/wp-content\/uploads\/2026\/08\/img-20260831-wa00286743792295681392076-300x200.jpg 300w, https:\/\/contextoanalisisperiodistico.com\/wp-content\/uploads\/2026\/08\/img-20260831-wa00286743792295681392076-768x512.jpg 768w, https:\/\/contextoanalisisperiodistico.com\/wp-content\/uploads\/2026\/08\/img-20260831-wa00286743792295681392076.jpg 1280w\" sizes=\"(max-width: 1024px) 100vw, 1024px\" \/><\/figure>\n\n\n\n<figure class=\"wp-block-image\"><img decoding=\"async\" width=\"1024\" height=\"683\" src=\"https:\/\/contextoanalisisperiodistico.com\/wp-content\/uploads\/2026\/08\/img-20260831-wa0029321306583839446719-1024x683.jpg\" alt=\"\" class=\"wp-image-57885\" srcset=\"https:\/\/contextoanalisisperiodistico.com\/wp-content\/uploads\/2026\/08\/img-20260831-wa0029321306583839446719-1024x683.jpg 1024w, https:\/\/contextoanalisisperiodistico.com\/wp-content\/uploads\/2026\/08\/img-20260831-wa0029321306583839446719-300x200.jpg 300w, https:\/\/contextoanalisisperiodistico.com\/wp-content\/uploads\/2026\/08\/img-20260831-wa0029321306583839446719-768x512.jpg 768w, https:\/\/contextoanalisisperiodistico.com\/wp-content\/uploads\/2026\/08\/img-20260831-wa0029321306583839446719.jpg 1280w\" sizes=\"(max-width: 1024px) 100vw, 1024px\" \/><\/figure>\n","protected":false},"excerpt":{"rendered":"<p>El gobernador Salom\u00f3n Jara present\u00f3 los resultados de seguridad en Oaxaca para 2026: reducci\u00f3n en&#8230;<\/p>\n","protected":false},"author":4,"featured_media":57884,"comment_status":"","ping_status":"open","sticky":false,"template":"","format":"standard","meta":{"footnotes":""},"categories":[9],"tags":[608],"jetpack_sharing_enabled":true,"featured_image_urls":{"full":["https:\/\/contextoanalisisperiodistico.com\/wp-content\/uploads\/2026\/08\/IMG-20260831-WA0030.jpg",1280,854,false],"thumbnail":["https:\/\/contextoanalisisperiodistico.com\/wp-content\/uploads\/2026\/08\/IMG-20260831-WA0030-150x150.jpg",150,150,true],"medium":["https:\/\/contextoanalisisperiodistico.com\/wp-content\/uploads\/2026\/08\/IMG-20260831-WA0030-300x200.jpg",300,200,true],"medium_large":["https:\/\/contextoanalisisperiodistico.com\/wp-content\/uploads\/2026\/08\/IMG-20260831-WA0030-768x512.jpg",640,427,true],"large":["https:\/\/contextoanalisisperiodistico.com\/wp-content\/uploads\/2026\/08\/IMG-20260831-WA0030-1024x683.jpg",640,427,true],"1536x1536":["https:\/\/contextoanalisisperiodistico.com\/wp-content\/uploads\/2026\/08\/IMG-20260831-WA0030.jpg",1280,854,false],"2048x2048":["https:\/\/contextoanalisisperiodistico.com\/wp-content\/uploads\/2026\/08\/IMG-20260831-WA0030.jpg",1280,854,false],"covernews-slider-full":["https:\/\/contextoanalisisperiodistico.com\/wp-content\/uploads\/2026\/08\/IMG-20260831-WA0030-1115x715.jpg",1115,715,true],"covernews-slider-center":["https:\/\/contextoanalisisperiodistico.com\/wp-content\/uploads\/2026\/08\/IMG-20260831-WA0030-800x500.jpg",800,500,true],"covernews-featured":["https:\/\/contextoanalisisperiodistico.com\/wp-content\/uploads\/2026\/08\/IMG-20260831-WA0030-1024x683.jpg",1024,683,true],"covernews-medium":["https:\/\/contextoanalisisperiodistico.com\/wp-content\/uploads\/2026\/08\/IMG-20260831-WA0030-540x340.jpg",540,340,true],"covernews-medium-square":["https:\/\/contextoanalisisperiodistico.com\/wp-content\/uploads\/2026\/08\/IMG-20260831-WA0030-400x250.jpg",400,250,true]},"author_info":{"display_name":"Mario Gir\u00f3n","author_link":"https:\/\/contextoanalisisperiodistico.com\/index.php\/author\/director\/"},"category_info":"<a href=\"https:\/\/contextoanalisisperiodistico.com\/index.php\/category\/politica\/\" rel=\"category tag\">Pol\u00edtica<\/a>","tag_info":"Pol\u00edtica","comment_count":"0","jetpack_featured_media_url":"https:\/\/contextoanalisisperiodistico.com\/wp-content\/uploads\/2026\/08\/IMG-20260831-WA0030.jpg","_links":{"self":[{"href":"https:\/\/contextoanalisisperiodistico.com\/index.php\/wp-json\/wp\/v2\/posts\/57888"}],"collection":[{"href":"https:\/\/contextoanalisisperiodistico.com\/index.php\/wp-json\/wp\/v2\/posts"}],"about":[{"href":"https:\/\/contextoanalisisperiodistico.com\/index.php\/wp-json\/wp\/v2\/types\/post"}],"author":[{"embeddable":true,"href":"https:\/\/contextoanalisisperiodistico.com\/index.php\/wp-json\/wp\/v2\/users\/4"}],"replies":[{"embeddable":true,"href":"https:\/\/contextoanalisisperiodistico.com\/index.php\/wp-json\/wp\/v2\/comments?post=57888"}],"version-history":[{"count":0,"href":"https:\/\/contextoanalisisperiodistico.com\/index.php\/wp-json\/wp\/v2\/posts\/57888\/revisions"}],"wp:featuredmedia":[{"embeddable":true,"href":"https:\/\/contextoanalisisperiodistico.com\/index.php\/wp-json\/wp\/v2\/media\/57884"}],"wp:attachment":[{"href":"https:\/\/contextoanalisisperiodistico.com\/index.php\/wp-json\/wp\/v2\/media?parent=57888"}],"wp:term":[{"taxonomy":"category","embeddable":true,"href":"https:\/\/contextoanalisisperiodistico.com\/index.php\/wp-json\/wp\/v2\/categories?post=57888"},{"taxonomy":"post_tag","embeddable":true,"href":"https:\/\/contextoanalisisperiodistico.com\/index.php\/wp-json\/wp\/v2\/tags?post=57888"}],"curies":[{"name":"wp","href":"https:\/\/api.w.org\/{rel}","templated":true}]}}