{"id":5788,"date":"2022-11-30T12:22:28","date_gmt":"2022-11-30T18:22:28","guid":{"rendered":"http:\/\/contextoanalisisperiodistico.com.mx\/?p=5788"},"modified":"2022-11-30T12:22:28","modified_gmt":"2022-11-30T18:22:28","slug":"consejo-estatal-ratifica-planilla-unica-para-renovar-cde-del-pan","status":"publish","type":"post","link":"https:\/\/contextoanalisisperiodistico.com\/index.php\/2022\/11\/30\/consejo-estatal-ratifica-planilla-unica-para-renovar-cde-del-pan\/","title":{"rendered":"Consejo estatal ratifica planilla \u00danica para renovar CDE del PAN"},"content":{"rendered":"<div id=\"fb-root\"><\/div>\n\n<p>Por mayor\u00eda de votos de las y los integrantes del Consejo Estatal del Comit\u00e9 Directivo (CDE) del PAN, en Oaxaca, fue ratificada la planilla \u00fanica que encabeza Perla Woorlich Fern\u00e1ndez para dirigir al instituto pol\u00edtico en la entidad.<\/p>\n\n\n\n<p>De conformidad a lo establecido en lo dispuesto por los art\u00edculos 61, 64, 65 y 66 de los Estatutos Generales 23 y 24 del Reglamento de los \u00d3rganos Estatales y Municipales del Partido Acci\u00f3n Nacional, la Comisi\u00f3n Estatal Organizadora present\u00f3 el dictamen que determina que en el proceso para la elecci\u00f3n de la presidencia, secretar\u00eda general y 7 integrantes del CDE del PAN en Oaxaca subsiste solo el registro de la planilla presentada por Perla Maricela Woorlich Fern\u00e1ndez.<\/p>\n\n\n\n<p>Conforme a los estatutos albiazules, para la renovaci\u00f3n del CDE, ahora la ratificaci\u00f3n del proceso continuar\u00e1 por parte de la dirigencia nacional.&nbsp;<\/p>\n\n\n\n<p>De aprobarse su ratificaci\u00f3n se informar\u00e1 la para la instalaci\u00f3n del nuevo Comit\u00e9 Directivo Estatal.<\/p>\n\n\n\n<figure class=\"wp-block-image size-large\"><img decoding=\"async\" src=\"https:\/\/contextoinformacionyanalisisperiodistico.files.wordpress.com\/2022\/11\/img-20221130-wa00368794349873167643536.jpg?w=960\" alt=\"\" class=\"wp-image-5791\" \/><\/figure>\n\n\n\n<figure class=\"wp-block-image\"><img decoding=\"async\" src=\"https:\/\/contextoinformacionyanalisisperiodistico.files.wordpress.com\/2022\/11\/img-20221130-wa00371207250739600153990.jpg?w=960\" alt=\"\" class=\"wp-image-5792\" \/><\/figure>\n","protected":false},"excerpt":{"rendered":"<p>Por mayor\u00eda de votos de las y los integrantes del Consejo Estatal del Comit\u00e9 Directivo&#8230;<\/p>\n","protected":false},"author":2,"featured_media":5790,"comment_status":"open","ping_status":"open","sticky":false,"template":"","format":"standard","meta":{"footnotes":""},"categories":[9],"tags":[],"jetpack_sharing_enabled":true,"featured_image_urls":{"full":"","thumbnail":"","medium":"","medium_large":"","large":"","1536x1536":"","2048x2048":"","covernews-slider-full":"","covernews-slider-center":"","covernews-featured":"","covernews-medium":"","covernews-medium-square":""},"author_info":{"display_name":"Miguel","author_link":"https:\/\/contextoanalisisperiodistico.com\/index.php\/author\/editor\/"},"category_info":"<a href=\"https:\/\/contextoanalisisperiodistico.com\/index.php\/category\/politica\/\" rel=\"category tag\">Pol\u00edtica<\/a>","tag_info":"Pol\u00edtica","comment_count":"0","jetpack_featured_media_url":"","_links":{"self":[{"href":"https:\/\/contextoanalisisperiodistico.com\/index.php\/wp-json\/wp\/v2\/posts\/5788"}],"collection":[{"href":"https:\/\/contextoanalisisperiodistico.com\/index.php\/wp-json\/wp\/v2\/posts"}],"about":[{"href":"https:\/\/contextoanalisisperiodistico.com\/index.php\/wp-json\/wp\/v2\/types\/post"}],"author":[{"embeddable":true,"href":"https:\/\/contextoanalisisperiodistico.com\/index.php\/wp-json\/wp\/v2\/users\/2"}],"replies":[{"embeddable":true,"href":"https:\/\/contextoanalisisperiodistico.com\/index.php\/wp-json\/wp\/v2\/comments?post=5788"}],"version-history":[{"count":0,"href":"https:\/\/contextoanalisisperiodistico.com\/index.php\/wp-json\/wp\/v2\/posts\/5788\/revisions"}],"wp:featuredmedia":[{"embeddable":true,"href":"https:\/\/contextoanalisisperiodistico.com\/index.php\/wp-json\/"}],"wp:attachment":[{"href":"https:\/\/contextoanalisisperiodistico.com\/index.php\/wp-json\/wp\/v2\/media?parent=5788"}],"wp:term":[{"taxonomy":"category","embeddable":true,"href":"https:\/\/contextoanalisisperiodistico.com\/index.php\/wp-json\/wp\/v2\/categories?post=5788"},{"taxonomy":"post_tag","embeddable":true,"href":"https:\/\/contextoanalisisperiodistico.com\/index.php\/wp-json\/wp\/v2\/tags?post=5788"}],"curies":[{"name":"wp","href":"https:\/\/api.w.org\/{rel}","templated":true}]}}