{"id":57875,"date":"2026-08-30T19:48:41","date_gmt":"2026-08-31T01:48:41","guid":{"rendered":"https:\/\/contextoanalisisperiodistico.com\/index.php\/2026\/08\/30\/salomon-jara-inaugura-obras-de-infraestructura-en-la-sierra-juarez\/"},"modified":"2026-08-30T19:48:41","modified_gmt":"2026-08-31T01:48:41","slug":"salomon-jara-inaugura-obras-de-infraestructura-en-la-sierra-juarez","status":"publish","type":"post","link":"https:\/\/contextoanalisisperiodistico.com\/index.php\/2026\/08\/30\/salomon-jara-inaugura-obras-de-infraestructura-en-la-sierra-juarez\/","title":{"rendered":"Salom\u00f3n Jara inaugura obras de infraestructura en la Sierra Ju\u00e1rez"},"content":{"rendered":"<div id=\"fb-root\"><\/div>\n\n<p>El gobernador Salom\u00f3n Jara inaugur\u00f3 obras de infraestructura social, pavimentaci\u00f3n y techados en Santa Catarina Yahu\u00edo y San Melchor Betaza<\/p>\n\n\n\n<p>Sierra de Ju\u00e1rez, Oax., 30 de agosto de 2026.- El Gobernador Salom\u00f3n Jara Cruz inaugur\u00f3 diversas obras de infraestructura en la regi\u00f3n de la Sierra de Ju\u00e1rez, en cumplimiento a los compromisos de infraestructura social asumidos con las comunidades de la zona.<\/p>\n\n\n\n<figure class=\"wp-block-image size-large\"><img fetchpriority=\"high\" decoding=\"async\" width=\"920\" height=\"1024\" src=\"https:\/\/contextoanalisisperiodistico.com\/wp-content\/uploads\/2026\/08\/img-20260830-wa00558575007939893393624-920x1024.jpg\" alt=\"\" class=\"wp-image-57867\" srcset=\"https:\/\/contextoanalisisperiodistico.com\/wp-content\/uploads\/2026\/08\/img-20260830-wa00558575007939893393624-920x1024.jpg 920w, https:\/\/contextoanalisisperiodistico.com\/wp-content\/uploads\/2026\/08\/img-20260830-wa00558575007939893393624-270x300.jpg 270w, https:\/\/contextoanalisisperiodistico.com\/wp-content\/uploads\/2026\/08\/img-20260830-wa00558575007939893393624-768x855.jpg 768w, https:\/\/contextoanalisisperiodistico.com\/wp-content\/uploads\/2026\/08\/img-20260830-wa00558575007939893393624-1380x1536.jpg 1380w, https:\/\/contextoanalisisperiodistico.com\/wp-content\/uploads\/2026\/08\/img-20260830-wa00558575007939893393624-1024x1139.jpg 1024w, https:\/\/contextoanalisisperiodistico.com\/wp-content\/uploads\/2026\/08\/img-20260830-wa00558575007939893393624.jpg 1438w\" sizes=\"(max-width: 920px) 100vw, 920px\" \/><\/figure>\n\n\n\n<figure class=\"wp-block-image\"><img decoding=\"async\" width=\"1024\" height=\"778\" src=\"https:\/\/contextoanalisisperiodistico.com\/wp-content\/uploads\/2026\/08\/img-20260830-wa0053548785367053107624-1024x778.jpg\" alt=\"\" class=\"wp-image-57868\" srcset=\"https:\/\/contextoanalisisperiodistico.com\/wp-content\/uploads\/2026\/08\/img-20260830-wa0053548785367053107624-1024x778.jpg 1024w, https:\/\/contextoanalisisperiodistico.com\/wp-content\/uploads\/2026\/08\/img-20260830-wa0053548785367053107624-300x228.jpg 300w, https:\/\/contextoanalisisperiodistico.com\/wp-content\/uploads\/2026\/08\/img-20260830-wa0053548785367053107624-768x583.jpg 768w, https:\/\/contextoanalisisperiodistico.com\/wp-content\/uploads\/2026\/08\/img-20260830-wa0053548785367053107624-1536x1166.jpg 1536w, https:\/\/contextoanalisisperiodistico.com\/wp-content\/uploads\/2026\/08\/img-20260830-wa0053548785367053107624.jpg 1600w\" sizes=\"(max-width: 1024px) 100vw, 1024px\" \/><\/figure>\n\n\n\n<figure class=\"wp-block-image\"><img decoding=\"async\" src=\"file:\/\/\/data\/user\/0\/org.wordpress.android\/cache\/img-20260830-wa00524963502298559506656.jpg\" alt=\"\" class=\"wp-image-6586\"\/><\/figure>\n\n\n\n<figure class=\"wp-block-image\"><img decoding=\"async\" width=\"1024\" height=\"616\" src=\"https:\/\/contextoanalisisperiodistico.com\/wp-content\/uploads\/2026\/08\/img-20260830-wa00505640038883345303704-1024x616.jpg\" alt=\"\" class=\"wp-image-57869\" srcset=\"https:\/\/contextoanalisisperiodistico.com\/wp-content\/uploads\/2026\/08\/img-20260830-wa00505640038883345303704-1024x616.jpg 1024w, https:\/\/contextoanalisisperiodistico.com\/wp-content\/uploads\/2026\/08\/img-20260830-wa00505640038883345303704-300x181.jpg 300w, https:\/\/contextoanalisisperiodistico.com\/wp-content\/uploads\/2026\/08\/img-20260830-wa00505640038883345303704-768x462.jpg 768w, https:\/\/contextoanalisisperiodistico.com\/wp-content\/uploads\/2026\/08\/img-20260830-wa00505640038883345303704-1536x924.jpg 1536w, https:\/\/contextoanalisisperiodistico.com\/wp-content\/uploads\/2026\/08\/img-20260830-wa00505640038883345303704.jpg 1600w\" sizes=\"(max-width: 1024px) 100vw, 1024px\" \/><\/figure>\n\n\n\n<figure class=\"wp-block-image\"><img loading=\"lazy\" decoding=\"async\" width=\"1024\" height=\"683\" src=\"https:\/\/contextoanalisisperiodistico.com\/wp-content\/uploads\/2026\/08\/img-20260830-wa00517602656448607120293-1024x683.jpg\" alt=\"\" class=\"wp-image-57870\" srcset=\"https:\/\/contextoanalisisperiodistico.com\/wp-content\/uploads\/2026\/08\/img-20260830-wa00517602656448607120293-1024x683.jpg 1024w, https:\/\/contextoanalisisperiodistico.com\/wp-content\/uploads\/2026\/08\/img-20260830-wa00517602656448607120293-300x200.jpg 300w, https:\/\/contextoanalisisperiodistico.com\/wp-content\/uploads\/2026\/08\/img-20260830-wa00517602656448607120293-768x512.jpg 768w, https:\/\/contextoanalisisperiodistico.com\/wp-content\/uploads\/2026\/08\/img-20260830-wa00517602656448607120293-1536x1024.jpg 1536w, https:\/\/contextoanalisisperiodistico.com\/wp-content\/uploads\/2026\/08\/img-20260830-wa00517602656448607120293-2048x1366.jpg 2048w\" sizes=\"(max-width: 1024px) 100vw, 1024px\" \/><\/figure>\n\n\n\n<figure class=\"wp-block-image\"><img loading=\"lazy\" decoding=\"async\" width=\"300\" height=\"233\" src=\"https:\/\/contextoanalisisperiodistico.com\/wp-content\/uploads\/2026\/08\/img-20260830-wa00583793710934848184219-300x233.jpg\" alt=\"\" class=\"wp-image-57872\" srcset=\"https:\/\/contextoanalisisperiodistico.com\/wp-content\/uploads\/2026\/08\/img-20260830-wa00583793710934848184219-300x233.jpg 300w, https:\/\/contextoanalisisperiodistico.com\/wp-content\/uploads\/2026\/08\/img-20260830-wa00583793710934848184219-768x597.jpg 768w, https:\/\/contextoanalisisperiodistico.com\/wp-content\/uploads\/2026\/08\/img-20260830-wa00583793710934848184219.jpg 995w\" sizes=\"(max-width: 300px) 100vw, 300px\" \/><\/figure>\n\n\n\n<figure class=\"wp-block-image\"><img loading=\"lazy\" decoding=\"async\" width=\"1024\" height=\"683\" src=\"https:\/\/contextoanalisisperiodistico.com\/wp-content\/uploads\/2026\/08\/img-20260830-wa00564492632760937075301-1024x683.jpg\" alt=\"\" class=\"wp-image-57873\" srcset=\"https:\/\/contextoanalisisperiodistico.com\/wp-content\/uploads\/2026\/08\/img-20260830-wa00564492632760937075301-1024x683.jpg 1024w, https:\/\/contextoanalisisperiodistico.com\/wp-content\/uploads\/2026\/08\/img-20260830-wa00564492632760937075301-300x200.jpg 300w, https:\/\/contextoanalisisperiodistico.com\/wp-content\/uploads\/2026\/08\/img-20260830-wa00564492632760937075301-768x512.jpg 768w, https:\/\/contextoanalisisperiodistico.com\/wp-content\/uploads\/2026\/08\/img-20260830-wa00564492632760937075301.jpg 1280w\" sizes=\"(max-width: 1024px) 100vw, 1024px\" \/><\/figure>\n\n\n\n<figure class=\"wp-block-image\"><img decoding=\"async\" src=\"file:\/\/\/data\/user\/0\/org.wordpress.android\/cache\/img-20260830-wa00574671295220333023212.jpg\" alt=\"\" class=\"wp-image-6591\"\/><\/figure>\n\n\n\n<p>El Mandatario estatal afirm\u00f3 que la estrategia de su Gobierno es estar cerca de las comunidades, escucharlas y atender sus demandas, \u00aba las comunidades les quiero decir que no est\u00e1n solas, este Gobierno siempre las acompa\u00f1ar\u00e1 para realizar las obras que necesiten\u00bb, indic\u00f3.<\/p>\n\n\n\n<p>\u00abVamos a trabajar en todos los pueblos, estamos haciendo lo que nunca antes se hab\u00eda hecho, queremos que siempre tengan paz seguridad, conformidad y que los pueblos salgan adelante\u00bb, se\u00f1al\u00f3.<\/p>\n\n\n\n<p>En Santa Catarina Yahu\u00edo, la primera obra inaugurada fue una calle con una inversi\u00f3n de 1.3 millones de pesos, que consisti\u00f3 en trabajos de trazo, nivelaci\u00f3n y corte de material, as\u00ed como construcci\u00f3n de base hidr\u00e1ulica, pozos de visita, adem\u00e1s de se\u00f1alamientos.<\/p>\n\n\n\n<p>Tambi\u00e9n, se entrega el techado de la cancha deportiva del lugar con una inversi\u00f3n de 2 millones 100 mil pesos. La obra beneficia a la comunidad y consta de zapatas y columnas de concreto armado, cubierta de l\u00e1mina galvateja sobre estructura de acero, canal\u00f3n de l\u00e1mina galvanizada y bajada pluvial con tuber\u00eda de PVC sanitario.<\/p>\n\n\n\n<p>En el municipio de San Melchor Betaza se inauguraron dos obras en el barrio de San Sebasti\u00e1n. La primera fue la instalaci\u00f3n de alumbrado p\u00fablico, con una inversi\u00f3n de 3.2 millones de pesos, que beneficia de manera directa a m\u00e1s de 700 habitantes y consta de la colocaci\u00f3n de postes met\u00e1licos c\u00f3nicos circulares de siete metros de altura y 82 luminarias LED de 60 y 50 watts.<\/p>\n\n\n\n<p>La segunda fue la entrega del techado del barrio de San Sebasti\u00e1n, que beneficia a las mismas personas y consta de 1,573.20 metros cuadrados de construcci\u00f3n, con una inversi\u00f3n de 9.9 millones de pesos, incluyendo cancha con piso de concreto hidr\u00e1ulico pulido, rampa de acceso y 10 luminarias.<\/p>\n\n\n\n<p>Con estas acciones, el Gobierno de Oaxaca refrenda su compromiso de continuar invirtiendo en infraestructura social que mejore las condiciones de vida de las comunidades de la Sierra de Ju\u00e1rez.<\/p>\n","protected":false},"excerpt":{"rendered":"<p>El gobernador Salom\u00f3n Jara inaugur\u00f3 obras de infraestructura social, pavimentaci\u00f3n y techados en Santa Catarina&#8230;<\/p>\n","protected":false},"author":4,"featured_media":57866,"comment_status":"","ping_status":"open","sticky":false,"template":"","format":"standard","meta":{"footnotes":""},"categories":[9],"tags":[608],"jetpack_sharing_enabled":true,"featured_image_urls":{"full":["https:\/\/contextoanalisisperiodistico.com\/wp-content\/uploads\/2026\/08\/IMG-20260830-WA0054.jpg",1342,1031,false],"thumbnail":["https:\/\/contextoanalisisperiodistico.com\/wp-content\/uploads\/2026\/08\/IMG-20260830-WA0054-150x150.jpg",150,150,true],"medium":["https:\/\/contextoanalisisperiodistico.com\/wp-content\/uploads\/2026\/08\/IMG-20260830-WA0054-300x230.jpg",300,230,true],"medium_large":["https:\/\/contextoanalisisperiodistico.com\/wp-content\/uploads\/2026\/08\/IMG-20260830-WA0054-768x590.jpg",640,492,true],"large":["https:\/\/contextoanalisisperiodistico.com\/wp-content\/uploads\/2026\/08\/IMG-20260830-WA0054-1024x787.jpg",640,492,true],"1536x1536":["https:\/\/contextoanalisisperiodistico.com\/wp-content\/uploads\/2026\/08\/IMG-20260830-WA0054.jpg",1342,1031,false],"2048x2048":["https:\/\/contextoanalisisperiodistico.com\/wp-content\/uploads\/2026\/08\/IMG-20260830-WA0054.jpg",1342,1031,false],"covernews-slider-full":["https:\/\/contextoanalisisperiodistico.com\/wp-content\/uploads\/2026\/08\/IMG-20260830-WA0054-1115x715.jpg",1115,715,true],"covernews-slider-center":["https:\/\/contextoanalisisperiodistico.com\/wp-content\/uploads\/2026\/08\/IMG-20260830-WA0054-800x500.jpg",800,500,true],"covernews-featured":["https:\/\/contextoanalisisperiodistico.com\/wp-content\/uploads\/2026\/08\/IMG-20260830-WA0054-1024x787.jpg",1024,787,true],"covernews-medium":["https:\/\/contextoanalisisperiodistico.com\/wp-content\/uploads\/2026\/08\/IMG-20260830-WA0054-540x340.jpg",540,340,true],"covernews-medium-square":["https:\/\/contextoanalisisperiodistico.com\/wp-content\/uploads\/2026\/08\/IMG-20260830-WA0054-400x250.jpg",400,250,true]},"author_info":{"display_name":"Mario Gir\u00f3n","author_link":"https:\/\/contextoanalisisperiodistico.com\/index.php\/author\/director\/"},"category_info":"<a href=\"https:\/\/contextoanalisisperiodistico.com\/index.php\/category\/politica\/\" rel=\"category tag\">Pol\u00edtica<\/a>","tag_info":"Pol\u00edtica","comment_count":"0","jetpack_featured_media_url":"https:\/\/contextoanalisisperiodistico.com\/wp-content\/uploads\/2026\/08\/IMG-20260830-WA0054.jpg","_links":{"self":[{"href":"https:\/\/contextoanalisisperiodistico.com\/index.php\/wp-json\/wp\/v2\/posts\/57875"}],"collection":[{"href":"https:\/\/contextoanalisisperiodistico.com\/index.php\/wp-json\/wp\/v2\/posts"}],"about":[{"href":"https:\/\/contextoanalisisperiodistico.com\/index.php\/wp-json\/wp\/v2\/types\/post"}],"author":[{"embeddable":true,"href":"https:\/\/contextoanalisisperiodistico.com\/index.php\/wp-json\/wp\/v2\/users\/4"}],"replies":[{"embeddable":true,"href":"https:\/\/contextoanalisisperiodistico.com\/index.php\/wp-json\/wp\/v2\/comments?post=57875"}],"version-history":[{"count":0,"href":"https:\/\/contextoanalisisperiodistico.com\/index.php\/wp-json\/wp\/v2\/posts\/57875\/revisions"}],"wp:featuredmedia":[{"embeddable":true,"href":"https:\/\/contextoanalisisperiodistico.com\/index.php\/wp-json\/wp\/v2\/media\/57866"}],"wp:attachment":[{"href":"https:\/\/contextoanalisisperiodistico.com\/index.php\/wp-json\/wp\/v2\/media?parent=57875"}],"wp:term":[{"taxonomy":"category","embeddable":true,"href":"https:\/\/contextoanalisisperiodistico.com\/index.php\/wp-json\/wp\/v2\/categories?post=57875"},{"taxonomy":"post_tag","embeddable":true,"href":"https:\/\/contextoanalisisperiodistico.com\/index.php\/wp-json\/wp\/v2\/tags?post=57875"}],"curies":[{"name":"wp","href":"https:\/\/api.w.org\/{rel}","templated":true}]}}