{"id":57858,"date":"2026-08-30T11:00:38","date_gmt":"2026-08-30T17:00:38","guid":{"rendered":"https:\/\/contextoanalisisperiodistico.com\/index.php\/2026\/08\/30\/tequio-vecinal-mejora-espacios-publicos-en-la-colonia-del-maestro\/"},"modified":"2026-08-30T13:07:41","modified_gmt":"2026-08-30T19:07:41","slug":"tequio-vecinal-mejora-espacios-publicos-en-la-colonia-del-maestro","status":"publish","type":"post","link":"https:\/\/contextoanalisisperiodistico.com\/index.php\/2026\/08\/30\/tequio-vecinal-mejora-espacios-publicos-en-la-colonia-del-maestro\/","title":{"rendered":"Tequio Vecinal mejora espacios p\u00fablicos en la colonia Del Maestro"},"content":{"rendered":"<div id=\"fb-root\"><\/div>\n\n<p>*Municipio de Oaxaca y vecinos transforman la colonia Del Maestro con un Tequio Vecinal en la calle Abraham Castellanos y Carretera 190<\/p>\n\n\n\n<p>El Municipio de Oaxaca de Ju\u00e1rez, en coordinaci\u00f3n con vecinas y vecinos, llev\u00f3 a cabo un Tequio Vecinal en la calle Abraham Castellanos, esquina con la Carretera Internacional 190, en la colonia Del Maestro.<\/p>\n\n\n\n<figure class=\"wp-block-image size-large\"><img fetchpriority=\"high\" decoding=\"async\" width=\"1024\" height=\"682\" src=\"https:\/\/contextoanalisisperiodistico.com\/wp-content\/uploads\/2026\/08\/img-20260830-wa00255676374927297928181-1024x682.jpg\" alt=\"\" class=\"wp-image-57854\" srcset=\"https:\/\/contextoanalisisperiodistico.com\/wp-content\/uploads\/2026\/08\/img-20260830-wa00255676374927297928181-1024x682.jpg 1024w, https:\/\/contextoanalisisperiodistico.com\/wp-content\/uploads\/2026\/08\/img-20260830-wa00255676374927297928181-300x200.jpg 300w, https:\/\/contextoanalisisperiodistico.com\/wp-content\/uploads\/2026\/08\/img-20260830-wa00255676374927297928181-768x512.jpg 768w, https:\/\/contextoanalisisperiodistico.com\/wp-content\/uploads\/2026\/08\/img-20260830-wa00255676374927297928181-1536x1023.jpg 1536w, https:\/\/contextoanalisisperiodistico.com\/wp-content\/uploads\/2026\/08\/img-20260830-wa00255676374927297928181.jpg 1600w\" sizes=\"(max-width: 1024px) 100vw, 1024px\" \/><\/figure>\n\n\n\n<figure class=\"wp-block-image\"><img decoding=\"async\" width=\"1024\" height=\"663\" src=\"https:\/\/contextoanalisisperiodistico.com\/wp-content\/uploads\/2026\/08\/img-20260830-wa00283754914399766754738-1024x663.jpg\" alt=\"\" class=\"wp-image-57853\" srcset=\"https:\/\/contextoanalisisperiodistico.com\/wp-content\/uploads\/2026\/08\/img-20260830-wa00283754914399766754738-1024x663.jpg 1024w, https:\/\/contextoanalisisperiodistico.com\/wp-content\/uploads\/2026\/08\/img-20260830-wa00283754914399766754738-300x194.jpg 300w, https:\/\/contextoanalisisperiodistico.com\/wp-content\/uploads\/2026\/08\/img-20260830-wa00283754914399766754738-768x497.jpg 768w, https:\/\/contextoanalisisperiodistico.com\/wp-content\/uploads\/2026\/08\/img-20260830-wa00283754914399766754738-1536x995.jpg 1536w, https:\/\/contextoanalisisperiodistico.com\/wp-content\/uploads\/2026\/08\/img-20260830-wa00283754914399766754738.jpg 1600w\" sizes=\"(max-width: 1024px) 100vw, 1024px\" \/><\/figure>\n\n\n\n<figure class=\"wp-block-image\"><img decoding=\"async\" width=\"1024\" height=\"724\" src=\"https:\/\/contextoanalisisperiodistico.com\/wp-content\/uploads\/2026\/08\/img-20260830-wa00306010508644345198211-1024x724.jpg\" alt=\"\" class=\"wp-image-57855\" srcset=\"https:\/\/contextoanalisisperiodistico.com\/wp-content\/uploads\/2026\/08\/img-20260830-wa00306010508644345198211-1024x724.jpg 1024w, https:\/\/contextoanalisisperiodistico.com\/wp-content\/uploads\/2026\/08\/img-20260830-wa00306010508644345198211-300x212.jpg 300w, https:\/\/contextoanalisisperiodistico.com\/wp-content\/uploads\/2026\/08\/img-20260830-wa00306010508644345198211-768x543.jpg 768w, https:\/\/contextoanalisisperiodistico.com\/wp-content\/uploads\/2026\/08\/img-20260830-wa00306010508644345198211-1536x1087.jpg 1536w, https:\/\/contextoanalisisperiodistico.com\/wp-content\/uploads\/2026\/08\/img-20260830-wa00306010508644345198211.jpg 1600w\" sizes=\"(max-width: 1024px) 100vw, 1024px\" \/><\/figure>\n\n\n\n<figure class=\"wp-block-image\"><img loading=\"lazy\" decoding=\"async\" width=\"1024\" height=\"682\" src=\"https:\/\/contextoanalisisperiodistico.com\/wp-content\/uploads\/2026\/08\/img-20260830-wa00298386373849277334075-1024x682.jpg\" alt=\"\" class=\"wp-image-57856\" srcset=\"https:\/\/contextoanalisisperiodistico.com\/wp-content\/uploads\/2026\/08\/img-20260830-wa00298386373849277334075-1024x682.jpg 1024w, https:\/\/contextoanalisisperiodistico.com\/wp-content\/uploads\/2026\/08\/img-20260830-wa00298386373849277334075-300x200.jpg 300w, https:\/\/contextoanalisisperiodistico.com\/wp-content\/uploads\/2026\/08\/img-20260830-wa00298386373849277334075-768x512.jpg 768w, https:\/\/contextoanalisisperiodistico.com\/wp-content\/uploads\/2026\/08\/img-20260830-wa00298386373849277334075-1536x1023.jpg 1536w, https:\/\/contextoanalisisperiodistico.com\/wp-content\/uploads\/2026\/08\/img-20260830-wa00298386373849277334075.jpg 1600w\" sizes=\"(max-width: 1024px) 100vw, 1024px\" \/><\/figure>\n\n\n\n<figure class=\"wp-block-image\"><img loading=\"lazy\" decoding=\"async\" width=\"1024\" height=\"682\" src=\"https:\/\/contextoanalisisperiodistico.com\/wp-content\/uploads\/2026\/08\/img-20260830-wa00268886452873023237197-1024x682.jpg\" alt=\"\" class=\"wp-image-57857\" srcset=\"https:\/\/contextoanalisisperiodistico.com\/wp-content\/uploads\/2026\/08\/img-20260830-wa00268886452873023237197-1024x682.jpg 1024w, https:\/\/contextoanalisisperiodistico.com\/wp-content\/uploads\/2026\/08\/img-20260830-wa00268886452873023237197-300x200.jpg 300w, https:\/\/contextoanalisisperiodistico.com\/wp-content\/uploads\/2026\/08\/img-20260830-wa00268886452873023237197-768x512.jpg 768w, https:\/\/contextoanalisisperiodistico.com\/wp-content\/uploads\/2026\/08\/img-20260830-wa00268886452873023237197-1536x1023.jpg 1536w, https:\/\/contextoanalisisperiodistico.com\/wp-content\/uploads\/2026\/08\/img-20260830-wa00268886452873023237197.jpg 1600w\" sizes=\"(max-width: 1024px) 100vw, 1024px\" \/><\/figure>\n\n\n\n<p>Durante la jornada se realizaron labores de limpieza y mejoramiento de los espacios p\u00fablicos, con el prop\u00f3sito de mantener un entorno m\u00e1s limpio, ordenado y seguro para quienes habitan y transitan por la zona.<\/p>\n\n\n\n<p>Estas acciones fortalecen la participaci\u00f3n ciudadana y el trabajo conjunto para mejorar las colonias de la capital oaxaque\u00f1a.<\/p>\n","protected":false},"excerpt":{"rendered":"<p>*Municipio de Oaxaca y vecinos transforman la colonia Del Maestro con un Tequio Vecinal en&#8230;<\/p>\n","protected":false},"author":4,"featured_media":57852,"comment_status":"closed","ping_status":"open","sticky":false,"template":"","format":"standard","meta":{"footnotes":""},"categories":[9],"tags":[673,424],"jetpack_sharing_enabled":true,"featured_image_urls":{"full":["https:\/\/contextoanalisisperiodistico.com\/wp-content\/uploads\/2026\/08\/IMG-20260830-WA0027.jpg",1600,1104,false],"thumbnail":["https:\/\/contextoanalisisperiodistico.com\/wp-content\/uploads\/2026\/08\/IMG-20260830-WA0027-150x150.jpg",150,150,true],"medium":["https:\/\/contextoanalisisperiodistico.com\/wp-content\/uploads\/2026\/08\/IMG-20260830-WA0027-300x207.jpg",300,207,true],"medium_large":["https:\/\/contextoanalisisperiodistico.com\/wp-content\/uploads\/2026\/08\/IMG-20260830-WA0027-768x530.jpg",640,442,true],"large":["https:\/\/contextoanalisisperiodistico.com\/wp-content\/uploads\/2026\/08\/IMG-20260830-WA0027-1024x707.jpg",640,442,true],"1536x1536":["https:\/\/contextoanalisisperiodistico.com\/wp-content\/uploads\/2026\/08\/IMG-20260830-WA0027-1536x1060.jpg",1536,1060,true],"2048x2048":["https:\/\/contextoanalisisperiodistico.com\/wp-content\/uploads\/2026\/08\/IMG-20260830-WA0027.jpg",1600,1104,false],"covernews-slider-full":["https:\/\/contextoanalisisperiodistico.com\/wp-content\/uploads\/2026\/08\/IMG-20260830-WA0027-1115x715.jpg",1115,715,true],"covernews-slider-center":["https:\/\/contextoanalisisperiodistico.com\/wp-content\/uploads\/2026\/08\/IMG-20260830-WA0027-800x500.jpg",800,500,true],"covernews-featured":["https:\/\/contextoanalisisperiodistico.com\/wp-content\/uploads\/2026\/08\/IMG-20260830-WA0027-1024x707.jpg",1024,707,true],"covernews-medium":["https:\/\/contextoanalisisperiodistico.com\/wp-content\/uploads\/2026\/08\/IMG-20260830-WA0027-540x340.jpg",540,340,true],"covernews-medium-square":["https:\/\/contextoanalisisperiodistico.com\/wp-content\/uploads\/2026\/08\/IMG-20260830-WA0027-400x250.jpg",400,250,true]},"author_info":{"display_name":"Mario Gir\u00f3n","author_link":"https:\/\/contextoanalisisperiodistico.com\/index.php\/author\/director\/"},"category_info":"<a href=\"https:\/\/contextoanalisisperiodistico.com\/index.php\/category\/politica\/\" rel=\"category tag\">Pol\u00edtica<\/a>","tag_info":"Pol\u00edtica","comment_count":"0","jetpack_featured_media_url":"https:\/\/contextoanalisisperiodistico.com\/wp-content\/uploads\/2026\/08\/IMG-20260830-WA0027.jpg","_links":{"self":[{"href":"https:\/\/contextoanalisisperiodistico.com\/index.php\/wp-json\/wp\/v2\/posts\/57858"}],"collection":[{"href":"https:\/\/contextoanalisisperiodistico.com\/index.php\/wp-json\/wp\/v2\/posts"}],"about":[{"href":"https:\/\/contextoanalisisperiodistico.com\/index.php\/wp-json\/wp\/v2\/types\/post"}],"author":[{"embeddable":true,"href":"https:\/\/contextoanalisisperiodistico.com\/index.php\/wp-json\/wp\/v2\/users\/4"}],"replies":[{"embeddable":true,"href":"https:\/\/contextoanalisisperiodistico.com\/index.php\/wp-json\/wp\/v2\/comments?post=57858"}],"version-history":[{"count":1,"href":"https:\/\/contextoanalisisperiodistico.com\/index.php\/wp-json\/wp\/v2\/posts\/57858\/revisions"}],"predecessor-version":[{"id":57859,"href":"https:\/\/contextoanalisisperiodistico.com\/index.php\/wp-json\/wp\/v2\/posts\/57858\/revisions\/57859"}],"wp:featuredmedia":[{"embeddable":true,"href":"https:\/\/contextoanalisisperiodistico.com\/index.php\/wp-json\/wp\/v2\/media\/57852"}],"wp:attachment":[{"href":"https:\/\/contextoanalisisperiodistico.com\/index.php\/wp-json\/wp\/v2\/media?parent=57858"}],"wp:term":[{"taxonomy":"category","embeddable":true,"href":"https:\/\/contextoanalisisperiodistico.com\/index.php\/wp-json\/wp\/v2\/categories?post=57858"},{"taxonomy":"post_tag","embeddable":true,"href":"https:\/\/contextoanalisisperiodistico.com\/index.php\/wp-json\/wp\/v2\/tags?post=57858"}],"curies":[{"name":"wp","href":"https:\/\/api.w.org\/{rel}","templated":true}]}}