{"id":57850,"date":"2026-08-30T10:49:21","date_gmt":"2026-08-30T16:49:21","guid":{"rendered":"https:\/\/contextoanalisisperiodistico.com\/index.php\/2026\/08\/30\/mundial-social-ray-chagoya-entrega-cancha-en-pueblo-nuevo\/"},"modified":"2026-08-30T10:53:40","modified_gmt":"2026-08-30T16:53:40","slug":"mundial-social-ray-chagoya-entrega-cancha-en-pueblo-nuevo","status":"publish","type":"post","link":"https:\/\/contextoanalisisperiodistico.com\/index.php\/2026\/08\/30\/mundial-social-ray-chagoya-entrega-cancha-en-pueblo-nuevo\/","title":{"rendered":"\u200bMundial Social: Ray Chagoya entrega cancha en Pueblo Nuevo"},"content":{"rendered":"<div id=\"fb-root\"><\/div>\n\n<p>*Con inversi\u00f3n de 530 mil pesos, el Ayuntamiento Oaxaca de Ju\u00e1rez inaugura la rehabilitaci\u00f3n de la cancha deportiva para recuperar espacios p\u00fablicos capitalinos<\/p>\n\n\n\n<p>El presidente municipal de Oaxaca de Ju\u00e1rez, Ray Chagoya, entreg\u00f3 la rehabilitaci\u00f3n integral de una cancha deportiva en la agencia municipal de Pueblo Nuevo. La obra represent\u00f3 una inversi\u00f3n de 530 mil pesos, gestionada con el respaldo de la Secretar\u00eda de Desarrollo Agrario, Territorial y Urbano (Sedatu).<\/p>\n\n\n\n<figure class=\"wp-block-image size-large\"><img fetchpriority=\"high\" decoding=\"async\" width=\"1024\" height=\"682\" src=\"https:\/\/contextoanalisisperiodistico.com\/wp-content\/uploads\/2026\/08\/img-20260830-wa00143633699649821223505-1024x682.jpg\" alt=\"\" class=\"wp-image-57845\" srcset=\"https:\/\/contextoanalisisperiodistico.com\/wp-content\/uploads\/2026\/08\/img-20260830-wa00143633699649821223505-1024x682.jpg 1024w, https:\/\/contextoanalisisperiodistico.com\/wp-content\/uploads\/2026\/08\/img-20260830-wa00143633699649821223505-300x200.jpg 300w, https:\/\/contextoanalisisperiodistico.com\/wp-content\/uploads\/2026\/08\/img-20260830-wa00143633699649821223505-768x512.jpg 768w, https:\/\/contextoanalisisperiodistico.com\/wp-content\/uploads\/2026\/08\/img-20260830-wa00143633699649821223505-1536x1023.jpg 1536w, https:\/\/contextoanalisisperiodistico.com\/wp-content\/uploads\/2026\/08\/img-20260830-wa00143633699649821223505.jpg 1600w\" sizes=\"(max-width: 1024px) 100vw, 1024px\" \/><\/figure>\n\n\n\n<figure class=\"wp-block-image\"><img decoding=\"async\" width=\"1024\" height=\"643\" src=\"https:\/\/contextoanalisisperiodistico.com\/wp-content\/uploads\/2026\/08\/img-20260830-wa00103275827005310505889-1024x643.jpg\" alt=\"\" class=\"wp-image-57846\" srcset=\"https:\/\/contextoanalisisperiodistico.com\/wp-content\/uploads\/2026\/08\/img-20260830-wa00103275827005310505889-1024x643.jpg 1024w, https:\/\/contextoanalisisperiodistico.com\/wp-content\/uploads\/2026\/08\/img-20260830-wa00103275827005310505889-300x188.jpg 300w, https:\/\/contextoanalisisperiodistico.com\/wp-content\/uploads\/2026\/08\/img-20260830-wa00103275827005310505889-768x482.jpg 768w, https:\/\/contextoanalisisperiodistico.com\/wp-content\/uploads\/2026\/08\/img-20260830-wa00103275827005310505889-1536x964.jpg 1536w, https:\/\/contextoanalisisperiodistico.com\/wp-content\/uploads\/2026\/08\/img-20260830-wa00103275827005310505889-540x340.jpg 540w, https:\/\/contextoanalisisperiodistico.com\/wp-content\/uploads\/2026\/08\/img-20260830-wa00103275827005310505889-400x250.jpg 400w, https:\/\/contextoanalisisperiodistico.com\/wp-content\/uploads\/2026\/08\/img-20260830-wa00103275827005310505889.jpg 1600w\" sizes=\"(max-width: 1024px) 100vw, 1024px\" \/><\/figure>\n\n\n\n<figure class=\"wp-block-image\"><img decoding=\"async\" width=\"1024\" height=\"682\" src=\"https:\/\/contextoanalisisperiodistico.com\/wp-content\/uploads\/2026\/08\/img-20260830-wa00123750974563106427433-1024x682.jpg\" alt=\"\" class=\"wp-image-57847\" srcset=\"https:\/\/contextoanalisisperiodistico.com\/wp-content\/uploads\/2026\/08\/img-20260830-wa00123750974563106427433-1024x682.jpg 1024w, https:\/\/contextoanalisisperiodistico.com\/wp-content\/uploads\/2026\/08\/img-20260830-wa00123750974563106427433-300x200.jpg 300w, https:\/\/contextoanalisisperiodistico.com\/wp-content\/uploads\/2026\/08\/img-20260830-wa00123750974563106427433-768x512.jpg 768w, https:\/\/contextoanalisisperiodistico.com\/wp-content\/uploads\/2026\/08\/img-20260830-wa00123750974563106427433-1536x1023.jpg 1536w, https:\/\/contextoanalisisperiodistico.com\/wp-content\/uploads\/2026\/08\/img-20260830-wa00123750974563106427433.jpg 1600w\" sizes=\"(max-width: 1024px) 100vw, 1024px\" \/><\/figure>\n\n\n\n<figure class=\"wp-block-image\"><img loading=\"lazy\" decoding=\"async\" width=\"1024\" height=\"682\" src=\"https:\/\/contextoanalisisperiodistico.com\/wp-content\/uploads\/2026\/08\/img-20260830-wa00118477874713477338209-1024x682.jpg\" alt=\"\" class=\"wp-image-57848\" srcset=\"https:\/\/contextoanalisisperiodistico.com\/wp-content\/uploads\/2026\/08\/img-20260830-wa00118477874713477338209-1024x682.jpg 1024w, https:\/\/contextoanalisisperiodistico.com\/wp-content\/uploads\/2026\/08\/img-20260830-wa00118477874713477338209-300x200.jpg 300w, https:\/\/contextoanalisisperiodistico.com\/wp-content\/uploads\/2026\/08\/img-20260830-wa00118477874713477338209-768x512.jpg 768w, https:\/\/contextoanalisisperiodistico.com\/wp-content\/uploads\/2026\/08\/img-20260830-wa00118477874713477338209-1536x1023.jpg 1536w, https:\/\/contextoanalisisperiodistico.com\/wp-content\/uploads\/2026\/08\/img-20260830-wa00118477874713477338209.jpg 1600w\" sizes=\"(max-width: 1024px) 100vw, 1024px\" \/><\/figure>\n\n\n\n<figure class=\"wp-block-image\"><img loading=\"lazy\" decoding=\"async\" width=\"300\" height=\"169\" src=\"https:\/\/contextoanalisisperiodistico.com\/wp-content\/uploads\/2026\/08\/img-20260830-wa00134860207053699166712-300x169.jpg\" alt=\"\" class=\"wp-image-57849\" srcset=\"https:\/\/contextoanalisisperiodistico.com\/wp-content\/uploads\/2026\/08\/img-20260830-wa00134860207053699166712-300x169.jpg 300w, https:\/\/contextoanalisisperiodistico.com\/wp-content\/uploads\/2026\/08\/img-20260830-wa00134860207053699166712-768x432.jpg 768w, https:\/\/contextoanalisisperiodistico.com\/wp-content\/uploads\/2026\/08\/img-20260830-wa00134860207053699166712.jpg 960w\" sizes=\"(max-width: 300px) 100vw, 300px\" \/><\/figure>\n\n\n\n<p>El edil se\u00f1al\u00f3 que esta intervenci\u00f3n forma parte del Mundial Social, iniciativa impulsada por la presidenta de M\u00e9xico, Claudia Sheinbaum Pardo, en el marco de la Copa Mundial de Futbol 2026, cuyas actividades tambi\u00e9n se vivieron en Oaxaca de Ju\u00e1rez.<\/p>\n\n\n\n<p>Durante el acto, acompa\u00f1ado por vecinas y vecinos de la demarcaci\u00f3n, Ray Chagoya destac\u00f3 la importancia de recuperar los espacios p\u00fablicos y mantener la coordinaci\u00f3n entre autoridades y ciudadan\u00eda para mejorar el entorno de las colonias y agencias de la capital oaxaque\u00f1a.<\/p>\n","protected":false},"excerpt":{"rendered":"<p>*Con inversi\u00f3n de 530 mil pesos, el Ayuntamiento Oaxaca de Ju\u00e1rez inaugura la rehabilitaci\u00f3n de&#8230;<\/p>\n","protected":false},"author":4,"featured_media":57844,"comment_status":"closed","ping_status":"open","sticky":false,"template":"","format":"standard","meta":{"footnotes":""},"categories":[9],"tags":[673,424],"jetpack_sharing_enabled":true,"featured_image_urls":{"full":["https:\/\/contextoanalisisperiodistico.com\/wp-content\/uploads\/2026\/08\/IMG-20260830-WA0009.jpg",1536,1024,false],"thumbnail":["https:\/\/contextoanalisisperiodistico.com\/wp-content\/uploads\/2026\/08\/IMG-20260830-WA0009-150x150.jpg",150,150,true],"medium":["https:\/\/contextoanalisisperiodistico.com\/wp-content\/uploads\/2026\/08\/IMG-20260830-WA0009-300x200.jpg",300,200,true],"medium_large":["https:\/\/contextoanalisisperiodistico.com\/wp-content\/uploads\/2026\/08\/IMG-20260830-WA0009-768x512.jpg",640,427,true],"large":["https:\/\/contextoanalisisperiodistico.com\/wp-content\/uploads\/2026\/08\/IMG-20260830-WA0009-1024x683.jpg",640,427,true],"1536x1536":["https:\/\/contextoanalisisperiodistico.com\/wp-content\/uploads\/2026\/08\/IMG-20260830-WA0009.jpg",1536,1024,false],"2048x2048":["https:\/\/contextoanalisisperiodistico.com\/wp-content\/uploads\/2026\/08\/IMG-20260830-WA0009.jpg",1536,1024,false],"covernews-slider-full":["https:\/\/contextoanalisisperiodistico.com\/wp-content\/uploads\/2026\/08\/IMG-20260830-WA0009-1115x715.jpg",1115,715,true],"covernews-slider-center":["https:\/\/contextoanalisisperiodistico.com\/wp-content\/uploads\/2026\/08\/IMG-20260830-WA0009-800x500.jpg",800,500,true],"covernews-featured":["https:\/\/contextoanalisisperiodistico.com\/wp-content\/uploads\/2026\/08\/IMG-20260830-WA0009-1024x683.jpg",1024,683,true],"covernews-medium":["https:\/\/contextoanalisisperiodistico.com\/wp-content\/uploads\/2026\/08\/IMG-20260830-WA0009-540x340.jpg",540,340,true],"covernews-medium-square":["https:\/\/contextoanalisisperiodistico.com\/wp-content\/uploads\/2026\/08\/IMG-20260830-WA0009-400x250.jpg",400,250,true]},"author_info":{"display_name":"Mario Gir\u00f3n","author_link":"https:\/\/contextoanalisisperiodistico.com\/index.php\/author\/director\/"},"category_info":"<a href=\"https:\/\/contextoanalisisperiodistico.com\/index.php\/category\/politica\/\" rel=\"category tag\">Pol\u00edtica<\/a>","tag_info":"Pol\u00edtica","comment_count":"0","jetpack_featured_media_url":"https:\/\/contextoanalisisperiodistico.com\/wp-content\/uploads\/2026\/08\/IMG-20260830-WA0009.jpg","_links":{"self":[{"href":"https:\/\/contextoanalisisperiodistico.com\/index.php\/wp-json\/wp\/v2\/posts\/57850"}],"collection":[{"href":"https:\/\/contextoanalisisperiodistico.com\/index.php\/wp-json\/wp\/v2\/posts"}],"about":[{"href":"https:\/\/contextoanalisisperiodistico.com\/index.php\/wp-json\/wp\/v2\/types\/post"}],"author":[{"embeddable":true,"href":"https:\/\/contextoanalisisperiodistico.com\/index.php\/wp-json\/wp\/v2\/users\/4"}],"replies":[{"embeddable":true,"href":"https:\/\/contextoanalisisperiodistico.com\/index.php\/wp-json\/wp\/v2\/comments?post=57850"}],"version-history":[{"count":1,"href":"https:\/\/contextoanalisisperiodistico.com\/index.php\/wp-json\/wp\/v2\/posts\/57850\/revisions"}],"predecessor-version":[{"id":57851,"href":"https:\/\/contextoanalisisperiodistico.com\/index.php\/wp-json\/wp\/v2\/posts\/57850\/revisions\/57851"}],"wp:featuredmedia":[{"embeddable":true,"href":"https:\/\/contextoanalisisperiodistico.com\/index.php\/wp-json\/wp\/v2\/media\/57844"}],"wp:attachment":[{"href":"https:\/\/contextoanalisisperiodistico.com\/index.php\/wp-json\/wp\/v2\/media?parent=57850"}],"wp:term":[{"taxonomy":"category","embeddable":true,"href":"https:\/\/contextoanalisisperiodistico.com\/index.php\/wp-json\/wp\/v2\/categories?post=57850"},{"taxonomy":"post_tag","embeddable":true,"href":"https:\/\/contextoanalisisperiodistico.com\/index.php\/wp-json\/wp\/v2\/tags?post=57850"}],"curies":[{"name":"wp","href":"https:\/\/api.w.org\/{rel}","templated":true}]}}