{"id":57843,"date":"2026-08-30T07:39:03","date_gmt":"2026-08-30T13:39:03","guid":{"rendered":"https:\/\/contextoanalisisperiodistico.com\/index.php\/2026\/08\/30\/cancer-de-mama-mastografias-gratuitas-en-oaxaca-de-juarez-del-14-al-18-de-septiembre\/"},"modified":"2026-08-30T07:39:03","modified_gmt":"2026-08-30T13:39:03","slug":"cancer-de-mama-mastografias-gratuitas-en-oaxaca-de-juarez-del-14-al-18-de-septiembre","status":"publish","type":"post","link":"https:\/\/contextoanalisisperiodistico.com\/index.php\/2026\/08\/30\/cancer-de-mama-mastografias-gratuitas-en-oaxaca-de-juarez-del-14-al-18-de-septiembre\/","title":{"rendered":"C\u00e1ncer de mama: Mastograf\u00edas gratuitas en Oaxaca de Ju\u00e1rez del 14 al 18 de septiembre"},"content":{"rendered":"<div id=\"fb-root\"><\/div>\n\n<p>*Necesario, realizar de manera previa su registro en el \u00e1rea de enfermer\u00eda de medicina preventiva del centro de salud<\/p>\n\n\n\n<ul class=\"wp-block-list\"><\/ul>\n\n\n\n<p>Oaxaca de Ju\u00e1rez, Oax., 29 de agosto de 2026.- Como parte de la estrategia Sicar\u00fa Lula\u2019 Linda Oaxaca, Servicios de Salud (SSO) realizar\u00e1 una jornada gratuita de mastograf\u00edas los d\u00edas 14, 15, 17 y 18 de septiembre en el Centro de Salud Urbano No. 1 \u201cDr. Manuel Mart\u00ednez Soto\u201d IMSS Bienestar que se ubica en la calle Francisco Javier Mina n\u00famero 418, en la capital oaxaque\u00f1a.<\/p>\n\n\n\n<p>A trav\u00e9s de la Caravana Estatal de Salud Ve\u2019e Tata, se busca fortalecer la detecci\u00f3n oportuna del c\u00e1ncer de mama en mujeres de 40 a 69 a\u00f1os de edad, que no sean derechohabiente de ninguna instituci\u00f3n de salud.<\/p>\n\n\n\n<p>La atenci\u00f3n se brindar\u00e1 en un horario de 07:00 a 15:00 horas. Es importante tener m\u00e1s de un a\u00f1o de haberse realizado la \u00faltima mastograf\u00eda.<\/p>\n\n\n\n<p>Los requisitos que deber\u00e1n presentar son: una copia de su identificaci\u00f3n oficial (INE) y una copia de la CURP.<\/p>\n\n\n\n<p>Es necesario realizar previamente su registro en el \u00e1rea de enfermer\u00eda de medicina preventiva del centro de salud urbano n\u00famero 1.<\/p>\n\n\n\n<p>El estudio forma parte de las acciones encaminadas a promover la prevenci\u00f3n y el diagn\u00f3stico temprano del c\u00e1ncer de mama; es fundamental para identificarlo en etapas iniciales, incluso antes de que pueda detectarse un bulto mediante la palpaci\u00f3n.<\/p>\n\n\n\n<p>Para mayores informes y orientaci\u00f3n sobre la jornada, se encuentra disponible el n\u00famero telef\u00f3nico 951 761 7159.<\/p>\n","protected":false},"excerpt":{"rendered":"<p>*Necesario, realizar de manera previa su registro en el \u00e1rea de enfermer\u00eda de medicina preventiva&#8230;<\/p>\n","protected":false},"author":4,"featured_media":57842,"comment_status":"","ping_status":"open","sticky":false,"template":"","format":"standard","meta":{"footnotes":""},"categories":[92],"tags":[608,337],"jetpack_sharing_enabled":true,"featured_image_urls":{"full":["https:\/\/contextoanalisisperiodistico.com\/wp-content\/uploads\/2026\/08\/IMG_20260830_074107.jpg",712,890,false],"thumbnail":["https:\/\/contextoanalisisperiodistico.com\/wp-content\/uploads\/2026\/08\/IMG_20260830_074107-150x150.jpg",150,150,true],"medium":["https:\/\/contextoanalisisperiodistico.com\/wp-content\/uploads\/2026\/08\/IMG_20260830_074107-240x300.jpg",240,300,true],"medium_large":["https:\/\/contextoanalisisperiodistico.com\/wp-content\/uploads\/2026\/08\/IMG_20260830_074107.jpg",640,800,false],"large":["https:\/\/contextoanalisisperiodistico.com\/wp-content\/uploads\/2026\/08\/IMG_20260830_074107.jpg",640,800,false],"1536x1536":["https:\/\/contextoanalisisperiodistico.com\/wp-content\/uploads\/2026\/08\/IMG_20260830_074107.jpg",712,890,false],"2048x2048":["https:\/\/contextoanalisisperiodistico.com\/wp-content\/uploads\/2026\/08\/IMG_20260830_074107.jpg",712,890,false],"covernews-slider-full":["https:\/\/contextoanalisisperiodistico.com\/wp-content\/uploads\/2026\/08\/IMG_20260830_074107-712x715.jpg",712,715,true],"covernews-slider-center":["https:\/\/contextoanalisisperiodistico.com\/wp-content\/uploads\/2026\/08\/IMG_20260830_074107-712x500.jpg",712,500,true],"covernews-featured":["https:\/\/contextoanalisisperiodistico.com\/wp-content\/uploads\/2026\/08\/IMG_20260830_074107.jpg",712,890,false],"covernews-medium":["https:\/\/contextoanalisisperiodistico.com\/wp-content\/uploads\/2026\/08\/IMG_20260830_074107-540x340.jpg",540,340,true],"covernews-medium-square":["https:\/\/contextoanalisisperiodistico.com\/wp-content\/uploads\/2026\/08\/IMG_20260830_074107-400x250.jpg",400,250,true]},"author_info":{"display_name":"Mario Gir\u00f3n","author_link":"https:\/\/contextoanalisisperiodistico.com\/index.php\/author\/director\/"},"category_info":"<a href=\"https:\/\/contextoanalisisperiodistico.com\/index.php\/category\/salud\/\" rel=\"category tag\">Salud<\/a>","tag_info":"Salud","comment_count":"0","jetpack_featured_media_url":"https:\/\/contextoanalisisperiodistico.com\/wp-content\/uploads\/2026\/08\/IMG_20260830_074107.jpg","_links":{"self":[{"href":"https:\/\/contextoanalisisperiodistico.com\/index.php\/wp-json\/wp\/v2\/posts\/57843"}],"collection":[{"href":"https:\/\/contextoanalisisperiodistico.com\/index.php\/wp-json\/wp\/v2\/posts"}],"about":[{"href":"https:\/\/contextoanalisisperiodistico.com\/index.php\/wp-json\/wp\/v2\/types\/post"}],"author":[{"embeddable":true,"href":"https:\/\/contextoanalisisperiodistico.com\/index.php\/wp-json\/wp\/v2\/users\/4"}],"replies":[{"embeddable":true,"href":"https:\/\/contextoanalisisperiodistico.com\/index.php\/wp-json\/wp\/v2\/comments?post=57843"}],"version-history":[{"count":0,"href":"https:\/\/contextoanalisisperiodistico.com\/index.php\/wp-json\/wp\/v2\/posts\/57843\/revisions"}],"wp:featuredmedia":[{"embeddable":true,"href":"https:\/\/contextoanalisisperiodistico.com\/index.php\/wp-json\/wp\/v2\/media\/57842"}],"wp:attachment":[{"href":"https:\/\/contextoanalisisperiodistico.com\/index.php\/wp-json\/wp\/v2\/media?parent=57843"}],"wp:term":[{"taxonomy":"category","embeddable":true,"href":"https:\/\/contextoanalisisperiodistico.com\/index.php\/wp-json\/wp\/v2\/categories?post=57843"},{"taxonomy":"post_tag","embeddable":true,"href":"https:\/\/contextoanalisisperiodistico.com\/index.php\/wp-json\/wp\/v2\/tags?post=57843"}],"curies":[{"name":"wp","href":"https:\/\/api.w.org\/{rel}","templated":true}]}}