{"id":5722,"date":"2022-11-28T22:26:58","date_gmt":"2022-11-29T04:26:58","guid":{"rendered":"http:\/\/contextoanalisisperiodistico.com.mx\/?p=5722"},"modified":"2022-11-28T22:26:58","modified_gmt":"2022-11-29T04:26:58","slug":"marcha-masiva-estatal-del-magisterio-el-proximo-1-de-diciembre","status":"publish","type":"post","link":"https:\/\/contextoanalisisperiodistico.com\/index.php\/2022\/11\/28\/marcha-masiva-estatal-del-magisterio-el-proximo-1-de-diciembre\/","title":{"rendered":"Marcha masiva estatal del magisterio, el pr\u00f3ximo 1 de diciembre"},"content":{"rendered":"<div id=\"fb-root\"><\/div>\n\n<p>Del crucero de Viguera al Z\u00f3calo capitalino, a partir de las 9 horas.<\/p>\n\n\n\n<p>Presentaci\u00f3n en sociedad de la nueva dirigencia magisterial, al mando de la profesora,  Jenny Aracely P\u00e9rez Mart\u00ednez y C\u00e9sar Garc\u00eda Zurita, secretaria General y Organizaci\u00f3n, respectivamente.<\/p>\n\n\n\n<p>La movilizaci\u00f3n magisterial coincide cuando Salom\u00f3n Jara rinda protesta constitucional como gobernador del estado de Oaxaca <\/p>\n","protected":false},"excerpt":{"rendered":"<p>Del crucero de Viguera al Z\u00f3calo capitalino, a partir de las 9 horas. Presentaci\u00f3n en&#8230;<\/p>\n","protected":false},"author":2,"featured_media":5723,"comment_status":"open","ping_status":"open","sticky":false,"template":"","format":"standard","meta":{"footnotes":""},"categories":[9],"tags":[],"jetpack_sharing_enabled":true,"featured_image_urls":{"full":"","thumbnail":"","medium":"","medium_large":"","large":"","1536x1536":"","2048x2048":"","covernews-slider-full":"","covernews-slider-center":"","covernews-featured":"","covernews-medium":"","covernews-medium-square":""},"author_info":{"display_name":"Miguel","author_link":"https:\/\/contextoanalisisperiodistico.com\/index.php\/author\/editor\/"},"category_info":"<a href=\"https:\/\/contextoanalisisperiodistico.com\/index.php\/category\/politica\/\" rel=\"category tag\">Pol\u00edtica<\/a>","tag_info":"Pol\u00edtica","comment_count":"0","jetpack_featured_media_url":"","_links":{"self":[{"href":"https:\/\/contextoanalisisperiodistico.com\/index.php\/wp-json\/wp\/v2\/posts\/5722"}],"collection":[{"href":"https:\/\/contextoanalisisperiodistico.com\/index.php\/wp-json\/wp\/v2\/posts"}],"about":[{"href":"https:\/\/contextoanalisisperiodistico.com\/index.php\/wp-json\/wp\/v2\/types\/post"}],"author":[{"embeddable":true,"href":"https:\/\/contextoanalisisperiodistico.com\/index.php\/wp-json\/wp\/v2\/users\/2"}],"replies":[{"embeddable":true,"href":"https:\/\/contextoanalisisperiodistico.com\/index.php\/wp-json\/wp\/v2\/comments?post=5722"}],"version-history":[{"count":0,"href":"https:\/\/contextoanalisisperiodistico.com\/index.php\/wp-json\/wp\/v2\/posts\/5722\/revisions"}],"wp:featuredmedia":[{"embeddable":true,"href":"https:\/\/contextoanalisisperiodistico.com\/index.php\/wp-json\/"}],"wp:attachment":[{"href":"https:\/\/contextoanalisisperiodistico.com\/index.php\/wp-json\/wp\/v2\/media?parent=5722"}],"wp:term":[{"taxonomy":"category","embeddable":true,"href":"https:\/\/contextoanalisisperiodistico.com\/index.php\/wp-json\/wp\/v2\/categories?post=5722"},{"taxonomy":"post_tag","embeddable":true,"href":"https:\/\/contextoanalisisperiodistico.com\/index.php\/wp-json\/wp\/v2\/tags?post=5722"}],"curies":[{"name":"wp","href":"https:\/\/api.w.org\/{rel}","templated":true}]}}