{"id":5717,"date":"2022-11-28T21:28:12","date_gmt":"2022-11-29T03:28:12","guid":{"rendered":"http:\/\/contextoanalisisperiodistico.com.mx\/?p=5717"},"modified":"2022-11-28T21:28:12","modified_gmt":"2022-11-29T03:28:12","slug":"ninez-oaxaquena-prioridad-de-lizett-arroyo-en-su-primer-ano-de-trabajo","status":"publish","type":"post","link":"https:\/\/contextoanalisisperiodistico.com\/index.php\/2022\/11\/28\/ninez-oaxaquena-prioridad-de-lizett-arroyo-en-su-primer-ano-de-trabajo\/","title":{"rendered":"Ni\u00f1ez oaxaque\u00f1a, prioridad de Lizett Arroyo en su primer a\u00f1o de trabajo"},"content":{"rendered":"<div id=\"fb-root\"><\/div>\n\n<p>(*) Hoy reafirmo mi compromiso con la transparencia y la rendici\u00f3n de cuentas, m\u00e1s all\u00e1 de ser un mandato legal, es una convicci\u00f3n personal\u201d<\/p>\n\n\n\n<p>&nbsp;<\/p>\n\n\n\n<p><strong>San Raymundo Jalpan, Oax. 28 de noviembre de 2022.-<\/strong>&nbsp;La protecci\u00f3n de los derechos de la infancia, acceso a la justicia, erradicaci\u00f3n de la violencia de g\u00e9nero y combate a la corrupci\u00f3n, fueron los ejes centrales del primer a\u00f1o de quehacer legislativo de la diputada Lizett Arroyo Rodr\u00edguez, representante popular del distrito 13.<\/p>\n\n\n\n<p>&nbsp;<\/p>\n\n\n\n<p>Durante su informe de trabajo destac\u00f3 la labor para realizar 80 acciones legislativas entre iniciativas de ley, reformas y puntos de acuerdo. Adem\u00e1s de participar en 40 mesas de trabajo para la dictaminaci\u00f3n de proyectos de decreto.<\/p>\n\n\n\n<p>&nbsp;<\/p>\n\n\n\n<p>Entre las acciones legislativas m\u00e1s significativas, destaca la implementaci\u00f3n de la pena de prisi\u00f3n a todo aquel que incite al trabajo infantil en bares, cantinas y quienes induzcan a ingerir bebidas embriagantes a menores de edad.<\/p>\n\n\n\n<p>&nbsp;<\/p>\n\n\n\n<p>Asimismo el proyecto de decreto por el cual se podr\u00e1n ratificar los apellidos de manera administrativa, evitando los costos que generaban estos tr\u00e1mites. Tambi\u00e9n, la eliminaci\u00f3n del cobro del registro extempor\u00e1neo de las actas de nacimiento ante el Registro Civil.<\/p>\n\n\n\n<p>&nbsp;<\/p>\n\n\n\n<p>Otro tema fue la tipificaci\u00f3n de delitos ambientales, que permitan sancionar a todos los que atentan contra el patrimonio natural de Oaxaca, as\u00ed como impulsar iniciativas ciudadanas para la recuperaci\u00f3n y protecci\u00f3n de espacios hist\u00f3ricos en el estado.<\/p>\n\n\n\n<p>&nbsp;<\/p>\n\n\n\n<p>Como parte de su compromiso con el pueblo oaxaque\u00f1o, Liz Arroyo don\u00f3 su dieta de todo el a\u00f1o, la cual asciende a un monto de 1 mill\u00f3n 300 mil pesos, para la adquisici\u00f3n de medicamentos oncol\u00f3gicos para el Hospital de la Ni\u00f1ez Oaxaque\u00f1a.<\/p>\n\n\n\n<p>&nbsp;<\/p>\n\n\n\n<p>Promovi\u00f3 campa\u00f1as permanentes de difusi\u00f3n sobre temas de sexualidad y prevenci\u00f3n del embarazo, \u201ccreo en la educaci\u00f3n como herramienta fundamental en el desarrollo de la personalidad y dignidad de las ni\u00f1as y adolescentes\u201d, extern\u00f3 la congresista.<\/p>\n\n\n\n<p>&nbsp;<\/p>\n\n\n\n<p>Tambi\u00e9n puso en marcha el programa \u201cAcciones para el Desarrollo\u201d, mediante el cual brind\u00f3 atenci\u00f3n a problem\u00e1ticas que enfrentan las familias, ni\u00f1as, ni\u00f1os, mujeres, personas con discapacidad y adultos mayores.<\/p>\n\n\n\n<p>&nbsp;<\/p>\n\n\n\n<p>\u201cDesde el Congreso del estado, ser\u00e9 la voz del desarrollo y el sentir del pueblo, me enorgullece decir que las mujeres estamos a la altura y somos la ruta del futuro, las oportunidades, el progreso y el bienestar. En Oaxaca se escucha la voz del desarrollo\u201d, concluy\u00f3 Lizett Arroyo.<\/p>\n","protected":false},"excerpt":{"rendered":"<p>(*) Hoy reafirmo mi compromiso con la transparencia y la rendici\u00f3n de cuentas, m\u00e1s all\u00e1&#8230;<\/p>\n","protected":false},"author":2,"featured_media":5716,"comment_status":"open","ping_status":"open","sticky":false,"template":"","format":"standard","meta":{"footnotes":""},"categories":[9],"tags":[],"jetpack_sharing_enabled":true,"featured_image_urls":{"full":"","thumbnail":"","medium":"","medium_large":"","large":"","1536x1536":"","2048x2048":"","covernews-slider-full":"","covernews-slider-center":"","covernews-featured":"","covernews-medium":"","covernews-medium-square":""},"author_info":{"display_name":"Miguel","author_link":"https:\/\/contextoanalisisperiodistico.com\/index.php\/author\/editor\/"},"category_info":"<a href=\"https:\/\/contextoanalisisperiodistico.com\/index.php\/category\/politica\/\" rel=\"category tag\">Pol\u00edtica<\/a>","tag_info":"Pol\u00edtica","comment_count":"0","jetpack_featured_media_url":"","_links":{"self":[{"href":"https:\/\/contextoanalisisperiodistico.com\/index.php\/wp-json\/wp\/v2\/posts\/5717"}],"collection":[{"href":"https:\/\/contextoanalisisperiodistico.com\/index.php\/wp-json\/wp\/v2\/posts"}],"about":[{"href":"https:\/\/contextoanalisisperiodistico.com\/index.php\/wp-json\/wp\/v2\/types\/post"}],"author":[{"embeddable":true,"href":"https:\/\/contextoanalisisperiodistico.com\/index.php\/wp-json\/wp\/v2\/users\/2"}],"replies":[{"embeddable":true,"href":"https:\/\/contextoanalisisperiodistico.com\/index.php\/wp-json\/wp\/v2\/comments?post=5717"}],"version-history":[{"count":0,"href":"https:\/\/contextoanalisisperiodistico.com\/index.php\/wp-json\/wp\/v2\/posts\/5717\/revisions"}],"wp:featuredmedia":[{"embeddable":true,"href":"https:\/\/contextoanalisisperiodistico.com\/index.php\/wp-json\/"}],"wp:attachment":[{"href":"https:\/\/contextoanalisisperiodistico.com\/index.php\/wp-json\/wp\/v2\/media?parent=5717"}],"wp:term":[{"taxonomy":"category","embeddable":true,"href":"https:\/\/contextoanalisisperiodistico.com\/index.php\/wp-json\/wp\/v2\/categories?post=5717"},{"taxonomy":"post_tag","embeddable":true,"href":"https:\/\/contextoanalisisperiodistico.com\/index.php\/wp-json\/wp\/v2\/tags?post=5717"}],"curies":[{"name":"wp","href":"https:\/\/api.w.org\/{rel}","templated":true}]}}