{"id":5703,"date":"2022-11-28T18:09:21","date_gmt":"2022-11-29T00:09:21","guid":{"rendered":"http:\/\/contextoanalisisperiodistico.com.mx\/?p=5703"},"modified":"2022-11-28T18:09:21","modified_gmt":"2022-11-29T00:09:21","slug":"presentan-campana-de-derecho-de-acceso-a-la-informacion-a-las-comunidades-indigenas-articulo-19-y-ogaipo","status":"publish","type":"post","link":"https:\/\/contextoanalisisperiodistico.com\/index.php\/2022\/11\/28\/presentan-campana-de-derecho-de-acceso-a-la-informacion-a-las-comunidades-indigenas-articulo-19-y-ogaipo\/","title":{"rendered":"Presentan campa\u00f1a de Derecho de Acceso a la Informaci\u00f3n a las Comunidades Ind\u00edgenas,  Art\u00edculo 19 y OGAIPO"},"content":{"rendered":"<div id=\"fb-root\"><\/div>\n\n<p>Oaxaca de Ju\u00e1rez, Oaxaca, a 28 de noviembre de 2022.- El \u00d3rgano Garante de Acceso a la Informaci\u00f3n P\u00fablica, Transparencia, Protecci\u00f3n de Datos Personales y Buen Gobierno del Estado de Oaxaca (OGAIPO) y Art\u00edculo 19 presentaron esta ma\u00f1ana la segunda edici\u00f3n de la campa\u00f1a \u201cNosotras con la informaci\u00f3n\u201d.<\/p>\n\n\n\n<p>&nbsp;<\/p>\n\n\n\n<p>La presentaci\u00f3n de dicha campa\u00f1a const\u00f3 de 2 videos en lengua ind\u00edgena y 1 video en espa\u00f1ol, la cual se llev\u00f3 a cabo en el auditorio del \u00d3rgano Garante, estando presentes el Comisionado Presidente Jos\u00e9 Luis Echeverr\u00eda Morales, las comisionadas Mar\u00eda Tanivet Ramos Reyes y Claudia Ivette Soto Pineda del OGAIPO; Abigail Castellanos Garc\u00eda, enlace de Art\u00edculo 19 en Oaxaca y Gaby Le\u00f3n Ortiz, &nbsp;Coordinadora de Int\u00e9rpretes del Centro Profesional Ind\u00edgena de Asesor\u00eda, Defensa y Traducci\u00f3n, A.C. (CEPIADET), as\u00ed mismo se cont\u00f3 con la participaci\u00f3n virtual de Leopoldo Francisco Maldonado Guti\u00e9rrez Director Regional de Art\u00edculo 19.<\/p>\n\n\n\n<p>&nbsp;<\/p>\n\n\n\n<p>En su mensaje de bienvenida, el Presidente del OGAIPO, Echeverr\u00eda Morales indic\u00f3 que con la presentaci\u00f3n de los videos se manifiesta la importancia del Derecho de Acceso a la Informaci\u00f3n y la Transparencia en su doble naturaleza: por un lado, constituyen Derechos por s\u00ed mismos y por el otro, constituyen una poderosa y eficaz herramienta para conocer y ejercer otros Derechos, con lo cual se contribuye de forma significativa a una sociedad m\u00e1s democr\u00e1tica.<\/p>\n\n\n\n<p>&nbsp;<\/p>\n\n\n\n<p>Por su parte, el Director Regional de Art\u00edculo 19 Campa\u00f1a Global por la Libertad de Expresi\u00f3n, Maldonado Guti\u00e9rrez se\u00f1al\u00f3 la importancia de la campa\u00f1a debido a la deuda hist\u00f3rica con las Comunidades Ind\u00edgenas ya que contribuye a visibilizar los derechos llave desde una perspectiva ind\u00edgena como la salud y la educaci\u00f3n, es por esto el esfuerzo por crear este material videogr\u00e1fico en lengua Ind\u00edgena.<\/p>\n\n\n\n<p>&nbsp;<\/p>\n\n\n\n<p>En su discurso, la Comisionada Mar\u00eda Tanivet Ramos Reyes record\u00f3 que la presentaci\u00f3n de esta campa\u00f1a es resultado del convenio de colaboraci\u00f3n entre art\u00edculo 19 y este \u00d3rgano Garante, con el objetivo de promover el Derecho de Acceso a la Informaci\u00f3n en Comunidades Ind\u00edgenas reforzando su lucha por la defensa de la tierra y territorio, as\u00ed como los derechos de las mujeres.<\/p>\n\n\n\n<p>&nbsp;<\/p>\n\n\n\n<p>El objetivo de esta campa\u00f1a es visibilizar, que el Derecho de Acceso a la Informaci\u00f3n as\u00ed como las asambleas comunitarias son un mecanismo para acceder a la Informaci\u00f3n P\u00fablica, los programas sociales y conocer las obligaciones que tienen las instituciones de informar sobre ellas de manera clara y oportuna.<\/p>\n\n\n\n<p>&nbsp;<\/p>\n\n\n\n<p>Finalmente, se realiz\u00f3 la presentaci\u00f3n de los tres videos al p\u00fablico que se dio cita en el auditorio del \u00d3rgano Garante y se invit\u00f3 a todas las personas presentes a difundir y compartir estos videos para de esta forma pueda llegar a las personas adecuadas.<\/p>\n","protected":false},"excerpt":{"rendered":"<p>Oaxaca de Ju\u00e1rez, Oaxaca, a 28 de noviembre de 2022.- El \u00d3rgano Garante de Acceso&#8230;<\/p>\n","protected":false},"author":2,"featured_media":5704,"comment_status":"open","ping_status":"open","sticky":false,"template":"","format":"standard","meta":{"footnotes":""},"categories":[9],"tags":[],"jetpack_sharing_enabled":true,"featured_image_urls":{"full":"","thumbnail":"","medium":"","medium_large":"","large":"","1536x1536":"","2048x2048":"","covernews-slider-full":"","covernews-slider-center":"","covernews-featured":"","covernews-medium":"","covernews-medium-square":""},"author_info":{"display_name":"Miguel","author_link":"https:\/\/contextoanalisisperiodistico.com\/index.php\/author\/editor\/"},"category_info":"<a href=\"https:\/\/contextoanalisisperiodistico.com\/index.php\/category\/politica\/\" rel=\"category tag\">Pol\u00edtica<\/a>","tag_info":"Pol\u00edtica","comment_count":"0","jetpack_featured_media_url":"","_links":{"self":[{"href":"https:\/\/contextoanalisisperiodistico.com\/index.php\/wp-json\/wp\/v2\/posts\/5703"}],"collection":[{"href":"https:\/\/contextoanalisisperiodistico.com\/index.php\/wp-json\/wp\/v2\/posts"}],"about":[{"href":"https:\/\/contextoanalisisperiodistico.com\/index.php\/wp-json\/wp\/v2\/types\/post"}],"author":[{"embeddable":true,"href":"https:\/\/contextoanalisisperiodistico.com\/index.php\/wp-json\/wp\/v2\/users\/2"}],"replies":[{"embeddable":true,"href":"https:\/\/contextoanalisisperiodistico.com\/index.php\/wp-json\/wp\/v2\/comments?post=5703"}],"version-history":[{"count":0,"href":"https:\/\/contextoanalisisperiodistico.com\/index.php\/wp-json\/wp\/v2\/posts\/5703\/revisions"}],"wp:featuredmedia":[{"embeddable":true,"href":"https:\/\/contextoanalisisperiodistico.com\/index.php\/wp-json\/"}],"wp:attachment":[{"href":"https:\/\/contextoanalisisperiodistico.com\/index.php\/wp-json\/wp\/v2\/media?parent=5703"}],"wp:term":[{"taxonomy":"category","embeddable":true,"href":"https:\/\/contextoanalisisperiodistico.com\/index.php\/wp-json\/wp\/v2\/categories?post=5703"},{"taxonomy":"post_tag","embeddable":true,"href":"https:\/\/contextoanalisisperiodistico.com\/index.php\/wp-json\/wp\/v2\/tags?post=5703"}],"curies":[{"name":"wp","href":"https:\/\/api.w.org\/{rel}","templated":true}]}}