{"id":5686,"date":"2022-11-28T15:19:49","date_gmt":"2022-11-28T21:19:49","guid":{"rendered":"http:\/\/contextoanalisisperiodistico.com.mx\/?p=5686"},"modified":"2022-11-28T15:19:49","modified_gmt":"2022-11-28T21:19:49","slug":"exige-congreso-a-semovi-cuentas-claras-sobre-bici-ruta","status":"publish","type":"post","link":"https:\/\/contextoanalisisperiodistico.com\/index.php\/2022\/11\/28\/exige-congreso-a-semovi-cuentas-claras-sobre-bici-ruta\/","title":{"rendered":"Exige Congreso a Semovi cuentas claras sobre Bici Ruta"},"content":{"rendered":"<div id=\"fb-root\"><\/div>\n\n<p>&nbsp;<\/p>\n\n\n\n<p>\u00b7&nbsp;&nbsp;&nbsp;&nbsp;&nbsp;&nbsp;&nbsp;&nbsp;&nbsp;La Secretar\u00eda debe justificar la viabilidad y pertinencia de este proyecto<\/p>\n\n\n\n<p>&nbsp;<\/p>\n\n\n\n<p><strong>San Raymundo Jalpan Oax. 28 de noviembre de 2022.-<\/strong>&nbsp;La 65 Legislatura emiti\u00f3 un exhorto al titular del Poder Ejecutivo, as\u00ed como a la Secretar\u00eda de Movilidad (Semovi) y la Secretar\u00eda de las Infraestructuras y Ordenamiento Territorial (Sinfra), para emitir un informe pormenorizado sobre el proyecto de la Bici Ruta Oaxaca con fecha del 31 de mayo de 2021.<\/p>\n\n\n\n<p>&nbsp;<\/p>\n\n\n\n<p>La documentaci\u00f3n debe incluir el n\u00famero de beneficiarios con dicho proyecto, la justificaci\u00f3n del trazo, extensi\u00f3n de la ruta, los materiales implementados, las acciones de socializaci\u00f3n y la inversi\u00f3n destinada a esta obra que se realiz\u00f3 en los municipios de Oaxaca de Ju\u00e1rez y Santa Luc\u00eda del Camino.<\/p>\n\n\n\n<p>&nbsp;<\/p>\n\n\n\n<p>La Semovi deber\u00e1 hacer p\u00fablico los estudios de impacto urbano y la factibilidad en materia de movilidad. Lo anterior, luego de que se presentaran quejas de la ciudadan\u00eda, principalmente de los residentes de la zona donde pasa la bici ruta, los cuales se\u00f1alaron que no fueron consultados para este proyecto.<\/p>\n\n\n\n<p>&nbsp;<\/p>\n\n\n\n<p>Las y los congresistas que autorizaron este exhorto con 23 votos, se\u00f1alaron que primero era necesaria la implementaci\u00f3n de estrategias para el fomento del uso y preferencia de la bici ruta y la bicicleta como medio de transporte para as\u00ed lograr la aceptaci\u00f3n del proyecto.<\/p>\n\n\n\n<p>&nbsp;<\/p>\n\n\n\n<p>De acuerdo con el Instituto Nacional de Estad\u00edstica y Geograf\u00eda (INEGI), en el estado de Oaxaca tan s\u00f3lo 4% de la poblaci\u00f3n utiliza la bicicleta como medio de desplazamiento, mientras que 57% lo hace por medio del transporte colectivo.<\/p>\n","protected":false},"excerpt":{"rendered":"<p>&nbsp; \u00b7&nbsp;&nbsp;&nbsp;&nbsp;&nbsp;&nbsp;&nbsp;&nbsp;&nbsp;La Secretar\u00eda debe justificar la viabilidad y pertinencia de este proyecto &nbsp; San Raymundo&#8230;<\/p>\n","protected":false},"author":2,"featured_media":5687,"comment_status":"open","ping_status":"open","sticky":false,"template":"","format":"standard","meta":{"footnotes":""},"categories":[9],"tags":[],"jetpack_sharing_enabled":true,"featured_image_urls":{"full":"","thumbnail":"","medium":"","medium_large":"","large":"","1536x1536":"","2048x2048":"","covernews-slider-full":"","covernews-slider-center":"","covernews-featured":"","covernews-medium":"","covernews-medium-square":""},"author_info":{"display_name":"Miguel","author_link":"https:\/\/contextoanalisisperiodistico.com\/index.php\/author\/editor\/"},"category_info":"<a href=\"https:\/\/contextoanalisisperiodistico.com\/index.php\/category\/politica\/\" rel=\"category tag\">Pol\u00edtica<\/a>","tag_info":"Pol\u00edtica","comment_count":"0","jetpack_featured_media_url":"","_links":{"self":[{"href":"https:\/\/contextoanalisisperiodistico.com\/index.php\/wp-json\/wp\/v2\/posts\/5686"}],"collection":[{"href":"https:\/\/contextoanalisisperiodistico.com\/index.php\/wp-json\/wp\/v2\/posts"}],"about":[{"href":"https:\/\/contextoanalisisperiodistico.com\/index.php\/wp-json\/wp\/v2\/types\/post"}],"author":[{"embeddable":true,"href":"https:\/\/contextoanalisisperiodistico.com\/index.php\/wp-json\/wp\/v2\/users\/2"}],"replies":[{"embeddable":true,"href":"https:\/\/contextoanalisisperiodistico.com\/index.php\/wp-json\/wp\/v2\/comments?post=5686"}],"version-history":[{"count":0,"href":"https:\/\/contextoanalisisperiodistico.com\/index.php\/wp-json\/wp\/v2\/posts\/5686\/revisions"}],"wp:featuredmedia":[{"embeddable":true,"href":"https:\/\/contextoanalisisperiodistico.com\/index.php\/wp-json\/"}],"wp:attachment":[{"href":"https:\/\/contextoanalisisperiodistico.com\/index.php\/wp-json\/wp\/v2\/media?parent=5686"}],"wp:term":[{"taxonomy":"category","embeddable":true,"href":"https:\/\/contextoanalisisperiodistico.com\/index.php\/wp-json\/wp\/v2\/categories?post=5686"},{"taxonomy":"post_tag","embeddable":true,"href":"https:\/\/contextoanalisisperiodistico.com\/index.php\/wp-json\/wp\/v2\/tags?post=5686"}],"curies":[{"name":"wp","href":"https:\/\/api.w.org\/{rel}","templated":true}]}}