{"id":5682,"date":"2022-11-28T15:08:04","date_gmt":"2022-11-28T21:08:04","guid":{"rendered":"http:\/\/contextoanalisisperiodistico.com.mx\/?p=5682"},"modified":"2022-11-28T15:08:04","modified_gmt":"2022-11-28T21:08:04","slug":"dialogo-respeto-y-nuevas-reglas-de-relacion-politica-ofrece-jara-a-maestros-de-la-22","status":"publish","type":"post","link":"https:\/\/contextoanalisisperiodistico.com\/index.php\/2022\/11\/28\/dialogo-respeto-y-nuevas-reglas-de-relacion-politica-ofrece-jara-a-maestros-de-la-22\/","title":{"rendered":"Di\u00e1logo, respeto y nuevas reglas de relaci\u00f3n pol\u00edtica, ofrece Jara a maestros de la 22"},"content":{"rendered":"<div id=\"fb-root\"><\/div>\n\n<p>(*) Posicionamiento del gobernador electo, Salom\u00f3n Jara, en el marco de la elecci\u00f3n de la nueva dirigencia del magisterio democr\u00e1tico de Oaxaca <\/p>\n\n\n\n<p>(*) Jara Cruz, reitera: \u00abnuestro absoluto respeto por sus formas de organizaci\u00f3n; que la relaci\u00f3n con nuestro gobierno tenga como base el di\u00e1logo, privilegiando el interes de alumnos y maestros <\/p>\n\n\n\n<p>Mario GIR\u00d3N <\/p>\n\n\n\n<p>POSICIONAMIENTO<\/p>\n\n\n\n<ol>\n<li>Soy y ser\u00e9 siempre respetuoso de los procesos internos que desarrolla el Magisterio Democr\u00e1tico Oaxaque\u00f1o para la toma de decisiones. Como gobierno entrante, nunca ser\u00e1 nuestro af\u00e1n intervenir en los asuntos que son propios de su competencia. Reconozco la larga trayectoria de la lucha de los maestros oaxaque\u00f1os en la que han librado grandes batallas para consolidar la democracia sindical.<\/li>\n\n\n\n<li>Celebro que, mediante sus mecanismos y procedimientos de elecci\u00f3n, basados en sus \u00abusos y costumbres\u00bb democr\u00e1ticos, haya imperado el esfuerzo por la unidad del magisterio en la elecci\u00f3n de su nueva dirigencia sindical, la que merece todo nuestro reconocimiento por la legitimidad de su investidura. Lo que significa un mensaje positivo para Oaxaca, ya que nuestra vocaci\u00f3n ser\u00e1 de di\u00e1logo constante con esta representaci\u00f3n que cuenta con el respaldo total de sus agremiados.<\/li>\n\n\n\n<li>Reitero mi convicci\u00f3n de que toda decisi\u00f3n que tenga que ver con la educaci\u00f3n de los oaxaque\u00f1os ser\u00e1 siempre privilegiando el inter\u00e9s de las y los alumnos, y asegurando la participaci\u00f3n de los maestros y maestras de Oaxaca. Construiremos, como gobierno con la nueva dirigencia, acuerdos que nos beneficien a todos los actores del proceso educativo: maestros, alumnos y padres de familia. No somos ni seremos partidarios de decisiones unilaterales ni de imposiciones<\/li>\n\n\n\n<li>Convoco a los nuevos dirigentes de la secci\u00f3n 22 de la CNTE, a establecer desde un principio, las reglas de una nueva relaci\u00f3n pol\u00edtica que se cimente en el di\u00e1logo y el respeto mutuo; impulsar juntos una aut\u00e9ntica colaboraci\u00f3n que se fundamente en el ejercicio transparente de la rendici\u00f3n de cuentas y combate frontal a la corrupci\u00f3n de cara a la sociedad oaxaque\u00f1a. Poniendo siempre por delante los intereses de la educaci\u00f3n de los ni\u00f1os, ni\u00f1as y j\u00f3venes oaxaque\u00f1os.<\/li>\n\n\n\n<li>Construyamos juntos: Gobierno y Magisterio; la agenda de prioridades en materia educativa para dar certeza y confianza de nuestro compromiso reciproco para avanzar en la soluci\u00f3n de los retos fundamentales del rubro educativo, en los \u00e1mbitos legal, laboral y pedag\u00f3gicos principalmente.<\/li>\n\n\n\n<li>Oaxaca vive aires de renovaci\u00f3n en esta nueva etapa de su vida pol\u00edtica y social que est\u00e1 por iniciar; sin duda que los maestros y maestras de Oaxaca jugar\u00e1n un papel preponderante en esta ruta que hoy iniciamos para la transformaci\u00f3n de nuestra entidad, por lo que les reitero mis respetos y reconocimientos, tanto a los activos como a los jubilados.<\/li>\n<\/ol>\n\n\n\n<p>SALOM\u00d3N JARA<br \/>GOBERNADOR ELECTO<\/p>\n\n\n\n<p><\/p>\n","protected":false},"excerpt":{"rendered":"<p>(*) Posicionamiento del gobernador electo, Salom\u00f3n Jara, en el marco de la elecci\u00f3n de la&#8230;<\/p>\n","protected":false},"author":2,"featured_media":5684,"comment_status":"open","ping_status":"open","sticky":false,"template":"","format":"standard","meta":{"footnotes":""},"categories":[9],"tags":[],"jetpack_sharing_enabled":true,"featured_image_urls":{"full":"","thumbnail":"","medium":"","medium_large":"","large":"","1536x1536":"","2048x2048":"","covernews-slider-full":"","covernews-slider-center":"","covernews-featured":"","covernews-medium":"","covernews-medium-square":""},"author_info":{"display_name":"Miguel","author_link":"https:\/\/contextoanalisisperiodistico.com\/index.php\/author\/editor\/"},"category_info":"<a href=\"https:\/\/contextoanalisisperiodistico.com\/index.php\/category\/politica\/\" rel=\"category tag\">Pol\u00edtica<\/a>","tag_info":"Pol\u00edtica","comment_count":"0","jetpack_featured_media_url":"","_links":{"self":[{"href":"https:\/\/contextoanalisisperiodistico.com\/index.php\/wp-json\/wp\/v2\/posts\/5682"}],"collection":[{"href":"https:\/\/contextoanalisisperiodistico.com\/index.php\/wp-json\/wp\/v2\/posts"}],"about":[{"href":"https:\/\/contextoanalisisperiodistico.com\/index.php\/wp-json\/wp\/v2\/types\/post"}],"author":[{"embeddable":true,"href":"https:\/\/contextoanalisisperiodistico.com\/index.php\/wp-json\/wp\/v2\/users\/2"}],"replies":[{"embeddable":true,"href":"https:\/\/contextoanalisisperiodistico.com\/index.php\/wp-json\/wp\/v2\/comments?post=5682"}],"version-history":[{"count":0,"href":"https:\/\/contextoanalisisperiodistico.com\/index.php\/wp-json\/wp\/v2\/posts\/5682\/revisions"}],"wp:featuredmedia":[{"embeddable":true,"href":"https:\/\/contextoanalisisperiodistico.com\/index.php\/wp-json\/"}],"wp:attachment":[{"href":"https:\/\/contextoanalisisperiodistico.com\/index.php\/wp-json\/wp\/v2\/media?parent=5682"}],"wp:term":[{"taxonomy":"category","embeddable":true,"href":"https:\/\/contextoanalisisperiodistico.com\/index.php\/wp-json\/wp\/v2\/categories?post=5682"},{"taxonomy":"post_tag","embeddable":true,"href":"https:\/\/contextoanalisisperiodistico.com\/index.php\/wp-json\/wp\/v2\/tags?post=5682"}],"curies":[{"name":"wp","href":"https:\/\/api.w.org\/{rel}","templated":true}]}}