{"id":5676,"date":"2022-11-27T23:01:56","date_gmt":"2022-11-28T05:01:56","guid":{"rendered":"http:\/\/contextoanalisisperiodistico.com.mx\/2022\/11\/27\/como-hace-mas-de-30-anossalomon-jara-camina-con-amlo\/"},"modified":"2022-11-27T23:01:56","modified_gmt":"2022-11-28T05:01:56","slug":"como-hace-mas-de-30-anossalomon-jara-camina-con-amlo","status":"publish","type":"post","link":"https:\/\/contextoanalisisperiodistico.com\/index.php\/2022\/11\/27\/como-hace-mas-de-30-anossalomon-jara-camina-con-amlo\/","title":{"rendered":"Como hace m\u00e1s de 30 a\u00f1os, Salom\u00f3n Jara camina con AMLO"},"content":{"rendered":"<div id=\"fb-root\"><\/div>\n\n<p>\u00b7Conmemoran los cuatro a\u00f1os del inicio de la transformaci\u00f3n del pa\u00eds<\/p>\n\n\n\n<p>Ciudad de M\u00e9xico, 27 de noviembre de 2022.- El gobernador electo de Oaxaca, Salom\u00f3n Jara Cruz, march\u00f3 este domingo junto al presidente de la Rep\u00fablica, Andr\u00e9s Manuel L\u00f3pez Obrador, y cientos de miles de mexicanos, para conmemorar los cuatro a\u00f1os del inicio de la Cuarta Transformaci\u00f3n del pa\u00eds.<\/p>\n\n\n\n<p>Jara Cruz, quien ha caminado al lado de AMLO desde hace m\u00e1s de 30 a\u00f1os, asegur\u00f3 que la lucha por las mejoras que demanda el pueblo a\u00fan contin\u00faa, sin embargo, se construye en el rumbo correcto por resolverlas para transformar al pa\u00eds.<\/p>\n\n\n\n<p>\u00abEs un honor marchar nuevamente junto a nuestro presidente, el licenciado Andr\u00e9s Manuel L\u00f3pez Obrador; as\u00ed lo hicimos hace 31 a\u00f1os en el \u201c\u00c9xodo por la Democracia\u201d cuando \u00e9ramos perseguidos por caciques y gobiernos autoritarios, y hoy con mayor raz\u00f3n, lo hacemos ahora para festejar la transformaci\u00f3n del pa\u00eds que comenz\u00f3 hace cuatro a\u00f1os, y que en Oaxaca est\u00e1 pr\u00f3xima a iniciar\u00bb, explic\u00f3.<\/p>\n\n\n\n<p>Desde el \u00c1ngel de la Independencia hasta el Z\u00f3calo de la Ciudad de M\u00e9xico, Jara Cruz, quien el pr\u00f3ximo 1 de diciembre asumir\u00e1 el cargo de Gobernador Constitucional del Estado de Oaxaca, particip\u00f3 en la movilizaci\u00f3n previa al informe del Presidente de la Rep\u00fablica sobre los logros y avances en el Gobierno de la Cuarta Transformaci\u00f3n en el pa\u00eds.<\/p>\n\n\n\n<p>\u00abEsta marcha no es partidista, es una marcha en la que el pueblo es el principal protagonista y quiere expresar su apoyo para que la transformaci\u00f3n contin\u00fae y se consolide\u00bb, afirm\u00f3.<\/p>\n\n\n\n<p>A la megamarcha se sumaron integrantes del pr\u00f3ximo gabinete legal, diputados locales del estado de Oaxaca y miles de oaxaque\u00f1os de las ocho regiones de la entidad y de diversos estados del pa\u00eds.<\/p>\n\n\n\n<p>Durante el trayecto de la movilizaci\u00f3n, Jara Cruz coincidi\u00f3 con la jefa de gobierno de la Ciudad de M\u00e9xico, Claudia Sheinbaum; el secretario de Relaciones Exteriores, Marcelo Ebrard; el l\u00edder nacional de Morena, Mario Delgado, y el secretario de Gobernaci\u00f3n, Ad\u00e1n Augusto L\u00f3pez, entre otras personalidades.<\/p>\n\n\n\n<figure class=\"wp-block-image size-large\"><img decoding=\"async\" src=\"https:\/\/contextoinformacionyanalisisperiodistico.files.wordpress.com\/2022\/11\/foto_17450856624214923929.jpeg?w=960\" alt=\"\" class=\"wp-image-5673\" \/><\/figure>\n\n\n\n<figure class=\"wp-block-image\"><img decoding=\"async\" src=\"https:\/\/contextoinformacionyanalisisperiodistico.files.wordpress.com\/2022\/11\/foto_44896954597528759395.jpeg?w=1024\" alt=\"\" class=\"wp-image-5675\" \/><\/figure>\n\n\n\n<figure class=\"wp-block-image\"><img decoding=\"async\" src=\"https:\/\/contextoinformacionyanalisisperiodistico.files.wordpress.com\/2022\/11\/foto_26202373323360752154.jpeg?w=1024\" alt=\"\" class=\"wp-image-5674\" \/><\/figure>\n","protected":false},"excerpt":{"rendered":"<p>\u00b7Conmemoran los cuatro a\u00f1os del inicio de la transformaci\u00f3n del pa\u00eds Ciudad de M\u00e9xico, 27&#8230;<\/p>\n","protected":false},"author":2,"featured_media":5672,"comment_status":"open","ping_status":"open","sticky":false,"template":"","format":"standard","meta":{"footnotes":""},"categories":[9],"tags":[],"jetpack_sharing_enabled":true,"featured_image_urls":{"full":"","thumbnail":"","medium":"","medium_large":"","large":"","1536x1536":"","2048x2048":"","covernews-slider-full":"","covernews-slider-center":"","covernews-featured":"","covernews-medium":"","covernews-medium-square":""},"author_info":{"display_name":"Miguel","author_link":"https:\/\/contextoanalisisperiodistico.com\/index.php\/author\/editor\/"},"category_info":"<a href=\"https:\/\/contextoanalisisperiodistico.com\/index.php\/category\/politica\/\" rel=\"category tag\">Pol\u00edtica<\/a>","tag_info":"Pol\u00edtica","comment_count":"0","jetpack_featured_media_url":"","_links":{"self":[{"href":"https:\/\/contextoanalisisperiodistico.com\/index.php\/wp-json\/wp\/v2\/posts\/5676"}],"collection":[{"href":"https:\/\/contextoanalisisperiodistico.com\/index.php\/wp-json\/wp\/v2\/posts"}],"about":[{"href":"https:\/\/contextoanalisisperiodistico.com\/index.php\/wp-json\/wp\/v2\/types\/post"}],"author":[{"embeddable":true,"href":"https:\/\/contextoanalisisperiodistico.com\/index.php\/wp-json\/wp\/v2\/users\/2"}],"replies":[{"embeddable":true,"href":"https:\/\/contextoanalisisperiodistico.com\/index.php\/wp-json\/wp\/v2\/comments?post=5676"}],"version-history":[{"count":0,"href":"https:\/\/contextoanalisisperiodistico.com\/index.php\/wp-json\/wp\/v2\/posts\/5676\/revisions"}],"wp:featuredmedia":[{"embeddable":true,"href":"https:\/\/contextoanalisisperiodistico.com\/index.php\/wp-json\/"}],"wp:attachment":[{"href":"https:\/\/contextoanalisisperiodistico.com\/index.php\/wp-json\/wp\/v2\/media?parent=5676"}],"wp:term":[{"taxonomy":"category","embeddable":true,"href":"https:\/\/contextoanalisisperiodistico.com\/index.php\/wp-json\/wp\/v2\/categories?post=5676"},{"taxonomy":"post_tag","embeddable":true,"href":"https:\/\/contextoanalisisperiodistico.com\/index.php\/wp-json\/wp\/v2\/tags?post=5676"}],"curies":[{"name":"wp","href":"https:\/\/api.w.org\/{rel}","templated":true}]}}