{"id":5572,"date":"2022-11-24T07:18:17","date_gmt":"2022-11-24T13:18:17","guid":{"rendered":"http:\/\/contextoanalisisperiodistico.com.mx\/?p=5572"},"modified":"2022-11-24T07:18:17","modified_gmt":"2022-11-24T13:18:17","slug":"desmiente-municipio-oaxaca-de-juarez-tirar-basura-en-ixtlahuaca","status":"publish","type":"post","link":"https:\/\/contextoanalisisperiodistico.com\/index.php\/2022\/11\/24\/desmiente-municipio-oaxaca-de-juarez-tirar-basura-en-ixtlahuaca\/","title":{"rendered":"Desmiente municipio Oaxaca de Ju\u00e1rez tirar basura en Ixtlahuaca"},"content":{"rendered":"<div id=\"fb-root\"><\/div>\n\n<p>Una p\u00e1gina de Ixtlahuaca publica informaci\u00f3n falsa respecto a camionetas que fueron a tirar \u00abbasura\u00bb a su municipio, adjudic\u00e1ndolas&nbsp; al Ayuntamiento de Oaxaca de Ju\u00e1rez.<\/p>\n\n\n\n<p>Desmentimos categ\u00f3ricamente tal informaci\u00f3n.<br \/>Los Residuos S\u00f3lidos Urbanos de la capital los enviamos a un dep\u00f3sito certificado fuera del estado y, esto, es de conocimiento p\u00fablico.<\/p>\n\n\n\n<p>Invitamos a quien administra la p\u00e1gina se\u00f1alada, a informar con responsabilidad y no hacerlo con base a especulaciones.<\/p>\n","protected":false},"excerpt":{"rendered":"<p>Una p\u00e1gina de Ixtlahuaca publica informaci\u00f3n falsa respecto a camionetas que fueron a tirar \u00abbasura\u00bb&#8230;<\/p>\n","protected":false},"author":2,"featured_media":5571,"comment_status":"open","ping_status":"open","sticky":false,"template":"","format":"standard","meta":{"footnotes":""},"categories":[7],"tags":[],"jetpack_sharing_enabled":true,"featured_image_urls":{"full":"","thumbnail":"","medium":"","medium_large":"","large":"","1536x1536":"","2048x2048":"","covernews-slider-full":"","covernews-slider-center":"","covernews-featured":"","covernews-medium":"","covernews-medium-square":""},"author_info":{"display_name":"Miguel","author_link":"https:\/\/contextoanalisisperiodistico.com\/index.php\/author\/editor\/"},"category_info":"<a href=\"https:\/\/contextoanalisisperiodistico.com\/index.php\/category\/municipios\/\" rel=\"category tag\">Municipios<\/a>","tag_info":"Municipios","comment_count":"0","jetpack_featured_media_url":"","_links":{"self":[{"href":"https:\/\/contextoanalisisperiodistico.com\/index.php\/wp-json\/wp\/v2\/posts\/5572"}],"collection":[{"href":"https:\/\/contextoanalisisperiodistico.com\/index.php\/wp-json\/wp\/v2\/posts"}],"about":[{"href":"https:\/\/contextoanalisisperiodistico.com\/index.php\/wp-json\/wp\/v2\/types\/post"}],"author":[{"embeddable":true,"href":"https:\/\/contextoanalisisperiodistico.com\/index.php\/wp-json\/wp\/v2\/users\/2"}],"replies":[{"embeddable":true,"href":"https:\/\/contextoanalisisperiodistico.com\/index.php\/wp-json\/wp\/v2\/comments?post=5572"}],"version-history":[{"count":0,"href":"https:\/\/contextoanalisisperiodistico.com\/index.php\/wp-json\/wp\/v2\/posts\/5572\/revisions"}],"wp:featuredmedia":[{"embeddable":true,"href":"https:\/\/contextoanalisisperiodistico.com\/index.php\/wp-json\/"}],"wp:attachment":[{"href":"https:\/\/contextoanalisisperiodistico.com\/index.php\/wp-json\/wp\/v2\/media?parent=5572"}],"wp:term":[{"taxonomy":"category","embeddable":true,"href":"https:\/\/contextoanalisisperiodistico.com\/index.php\/wp-json\/wp\/v2\/categories?post=5572"},{"taxonomy":"post_tag","embeddable":true,"href":"https:\/\/contextoanalisisperiodistico.com\/index.php\/wp-json\/wp\/v2\/tags?post=5572"}],"curies":[{"name":"wp","href":"https:\/\/api.w.org\/{rel}","templated":true}]}}