{"id":5560,"date":"2022-11-23T11:45:23","date_gmt":"2022-11-23T17:45:23","guid":{"rendered":"http:\/\/contextoanalisisperiodistico.com.mx\/?p=5560"},"modified":"2022-11-23T11:45:23","modified_gmt":"2022-11-23T17:45:23","slug":"reanuda-servicio-de-recoleccion-en-oaxaca-de-juarez","status":"publish","type":"post","link":"https:\/\/contextoanalisisperiodistico.com\/index.php\/2022\/11\/23\/reanuda-servicio-de-recoleccion-en-oaxaca-de-juarez\/","title":{"rendered":"Reanuda servicio de recolecci\u00f3n en Oaxaca de Ju\u00e1rez"},"content":{"rendered":"<div id=\"fb-root\"><\/div>\n\n<p>(*) Mientras tanto, administraci\u00f3n<br \/>municipal de Mart\u00ednez Neri, contin\u00faa construyendo soluciones al problema<br \/>de los residuos s\u00f3lidos urbanos<\/p>\n\n\n\n<p>El Ayuntamiento de Oaxaca de Ju\u00e1rez, encabezado por Francisco Mart\u00ednez Neri, reanuda el servicio de recolecci\u00f3n de los residuos s\u00f3lidos urbanos, en tanto, se contin\u00faa construyendo soluciones.<\/p>\n","protected":false},"excerpt":{"rendered":"<p>(*) Mientras tanto, administraci\u00f3nmunicipal de Mart\u00ednez Neri, contin\u00faa construyendo soluciones al problemade los residuos s\u00f3lidos&#8230;<\/p>\n","protected":false},"author":2,"featured_media":5559,"comment_status":"open","ping_status":"open","sticky":false,"template":"","format":"standard","meta":{"footnotes":""},"categories":[7],"tags":[],"jetpack_sharing_enabled":true,"featured_image_urls":{"full":"","thumbnail":"","medium":"","medium_large":"","large":"","1536x1536":"","2048x2048":"","covernews-slider-full":"","covernews-slider-center":"","covernews-featured":"","covernews-medium":"","covernews-medium-square":""},"author_info":{"display_name":"Miguel","author_link":"https:\/\/contextoanalisisperiodistico.com\/index.php\/author\/editor\/"},"category_info":"<a href=\"https:\/\/contextoanalisisperiodistico.com\/index.php\/category\/municipios\/\" rel=\"category tag\">Municipios<\/a>","tag_info":"Municipios","comment_count":"0","jetpack_featured_media_url":"","_links":{"self":[{"href":"https:\/\/contextoanalisisperiodistico.com\/index.php\/wp-json\/wp\/v2\/posts\/5560"}],"collection":[{"href":"https:\/\/contextoanalisisperiodistico.com\/index.php\/wp-json\/wp\/v2\/posts"}],"about":[{"href":"https:\/\/contextoanalisisperiodistico.com\/index.php\/wp-json\/wp\/v2\/types\/post"}],"author":[{"embeddable":true,"href":"https:\/\/contextoanalisisperiodistico.com\/index.php\/wp-json\/wp\/v2\/users\/2"}],"replies":[{"embeddable":true,"href":"https:\/\/contextoanalisisperiodistico.com\/index.php\/wp-json\/wp\/v2\/comments?post=5560"}],"version-history":[{"count":0,"href":"https:\/\/contextoanalisisperiodistico.com\/index.php\/wp-json\/wp\/v2\/posts\/5560\/revisions"}],"wp:featuredmedia":[{"embeddable":true,"href":"https:\/\/contextoanalisisperiodistico.com\/index.php\/wp-json\/"}],"wp:attachment":[{"href":"https:\/\/contextoanalisisperiodistico.com\/index.php\/wp-json\/wp\/v2\/media?parent=5560"}],"wp:term":[{"taxonomy":"category","embeddable":true,"href":"https:\/\/contextoanalisisperiodistico.com\/index.php\/wp-json\/wp\/v2\/categories?post=5560"},{"taxonomy":"post_tag","embeddable":true,"href":"https:\/\/contextoanalisisperiodistico.com\/index.php\/wp-json\/wp\/v2\/tags?post=5560"}],"curies":[{"name":"wp","href":"https:\/\/api.w.org\/{rel}","templated":true}]}}