{"id":5359,"date":"2022-11-17T16:00:14","date_gmt":"2022-11-17T22:00:14","guid":{"rendered":"http:\/\/contextoanalisisperiodistico.com.mx\/?p=5359"},"modified":"2022-11-17T16:00:14","modified_gmt":"2022-11-17T22:00:14","slug":"a-peticion-de-naty-diazcongreso-de-oaxaca-apruebacrear-cartilla-de-salud-nutricional","status":"publish","type":"post","link":"https:\/\/contextoanalisisperiodistico.com\/index.php\/2022\/11\/17\/a-peticion-de-naty-diazcongreso-de-oaxaca-apruebacrear-cartilla-de-salud-nutricional\/","title":{"rendered":"A petici\u00f3n de Naty D\u00edaz Congreso de Oaxaca aprueba crear cartilla de salud nutricional"},"content":{"rendered":"<div id=\"fb-root\"><\/div>\n\n<p>A fin de reducir las graves consecuencias a la salud de las familias oaxaque\u00f1as, debido al sobre peso y la obesidad, a propuesta de la diputada Naty D\u00edaz, el pleno c\u00e1mara, aprob\u00f3 implementar una Cartilla, que de seguimiento a una buena Nutrici\u00f3n y sano desarrollo de la ni\u00f1ez, vigilando el peso dela ni\u00f1ez..<\/p>\n\n\n\n<p>En la motivaci\u00f3n de la iniciativa, la legisladora se\u00f1al\u00f3 que este documento, deber\u00e1 considerarse como obligatorio para la inscripci\u00f3n a cualquier nivel de educaci\u00f3n b\u00e1sica y media, en la entidad, \u201cdonde participen padres y madres de familia, desde la escuela maestros y maestras, as\u00ed como sector salud, \u201ces responsabilidad de todos y todas que nuestra ni\u00f1ez goce de salud\u201d.<\/p>\n\n\n\n<p>Las autoridades sanitarias -precis\u00f3- deber\u00e1n registrar y vigilar el peso de ni\u00f1os y ni\u00f1as, dar seguimiento de las medidas nutricionales, en caso de que su \u00edndice de masa corporal muestre desnutrici\u00f3n, sobrepeso u obesidad, de acuerdo con los par\u00e1metros de la Organizaci\u00f3n Mundial de la Salud.<\/p>\n\n\n\n<p>\u201cDe esta forma, podremos tener un registro preciso de las ni\u00f1as y ni\u00f1os que necesitan mayor seguimiento nutricional y de peso, permitiendo a las autoridades sanitarias actuar a fin de reducir del sobrepeso y y la obesidad infantil en nuestra entidad.\u201d<\/p>\n\n\n\n<p>Para ello, fue modificado el art\u00edculo 81 de la Ley Estatal de Salud, con el respaldo de lo que plantea la propia Constituci\u00f3n nacional y estatal, donde \u201ctoda persona tiene derecho a la protecci\u00f3n de la salud, este implicar\u00e1 la participaci\u00f3n de todos los \u00f3rganos de poder p\u00fablico, para que en la medida de sus competencias hagan funcional este derecho fundamental\u201d.<\/p>\n\n\n\n<p>Destac\u00f3 que de acuerdo a los Servicios de Salud de Oaxaca (SSO), durante el 2020, se otorgaron 12 mil 303 consultas a menores de 10 a\u00f1os de las cuales cinco mil 398 correspondieron a infantes con sobrepeso y obesidad, y seis mil 905 con desnutrici\u00f3n y bajo peso. En este sentido, se\u00f1al\u00f3 que ingresaron a control nutricional y seguimiento, 2 mil 870 ni\u00f1as y ni\u00f1os menores de 10 a\u00f1os con desnutrici\u00f3n y bajo peso, y cuatro mil 726 con sobrepeso y obesidad. Teniendo como resultado 471 infantes recuperados.<\/p>\n\n\n\n<p>En Oaxaca -agreg\u00f3- el 30 por ciento de muertes en adultos menores de 65 a\u00f1os, est\u00e1n relacionadas con la obesidad, enfermedades cerebro vasculares, hipertensi\u00f3n y diabetes. En tanto que el primer lugar en obesidad femenina se encuentra en Juchit\u00e1n.<\/p>\n\n\n\n<figure class=\"wp-block-image size-large\"><img decoding=\"async\" src=\"https:\/\/contextoinformacionyanalisisperiodistico.files.wordpress.com\/2022\/11\/img-20221117-wa00742341006982341170992.jpg?w=1024\" alt=\"\" class=\"wp-image-5357\" \/><\/figure>\n","protected":false},"excerpt":{"rendered":"<p>A fin de reducir las graves consecuencias a la salud de las familias oaxaque\u00f1as, debido&#8230;<\/p>\n","protected":false},"author":2,"featured_media":5358,"comment_status":"open","ping_status":"open","sticky":false,"template":"","format":"standard","meta":{"footnotes":""},"categories":[9],"tags":[],"jetpack_sharing_enabled":true,"featured_image_urls":{"full":"","thumbnail":"","medium":"","medium_large":"","large":"","1536x1536":"","2048x2048":"","covernews-slider-full":"","covernews-slider-center":"","covernews-featured":"","covernews-medium":"","covernews-medium-square":""},"author_info":{"display_name":"Miguel","author_link":"https:\/\/contextoanalisisperiodistico.com\/index.php\/author\/editor\/"},"category_info":"<a href=\"https:\/\/contextoanalisisperiodistico.com\/index.php\/category\/politica\/\" rel=\"category tag\">Pol\u00edtica<\/a>","tag_info":"Pol\u00edtica","comment_count":"0","jetpack_featured_media_url":"","_links":{"self":[{"href":"https:\/\/contextoanalisisperiodistico.com\/index.php\/wp-json\/wp\/v2\/posts\/5359"}],"collection":[{"href":"https:\/\/contextoanalisisperiodistico.com\/index.php\/wp-json\/wp\/v2\/posts"}],"about":[{"href":"https:\/\/contextoanalisisperiodistico.com\/index.php\/wp-json\/wp\/v2\/types\/post"}],"author":[{"embeddable":true,"href":"https:\/\/contextoanalisisperiodistico.com\/index.php\/wp-json\/wp\/v2\/users\/2"}],"replies":[{"embeddable":true,"href":"https:\/\/contextoanalisisperiodistico.com\/index.php\/wp-json\/wp\/v2\/comments?post=5359"}],"version-history":[{"count":0,"href":"https:\/\/contextoanalisisperiodistico.com\/index.php\/wp-json\/wp\/v2\/posts\/5359\/revisions"}],"wp:featuredmedia":[{"embeddable":true,"href":"https:\/\/contextoanalisisperiodistico.com\/index.php\/wp-json\/"}],"wp:attachment":[{"href":"https:\/\/contextoanalisisperiodistico.com\/index.php\/wp-json\/wp\/v2\/media?parent=5359"}],"wp:term":[{"taxonomy":"category","embeddable":true,"href":"https:\/\/contextoanalisisperiodistico.com\/index.php\/wp-json\/wp\/v2\/categories?post=5359"},{"taxonomy":"post_tag","embeddable":true,"href":"https:\/\/contextoanalisisperiodistico.com\/index.php\/wp-json\/wp\/v2\/tags?post=5359"}],"curies":[{"name":"wp","href":"https:\/\/api.w.org\/{rel}","templated":true}]}}