{"id":53351,"date":"2026-05-01T15:49:51","date_gmt":"2026-05-01T21:49:51","guid":{"rendered":"https:\/\/contextoanalisisperiodistico.com\/index.php\/2026\/05\/01\/estudiantes-el-corazon-de-la-uabjo-farid-acevedo-arranca-campana-en-el-ice\/"},"modified":"2026-05-01T15:49:51","modified_gmt":"2026-05-01T21:49:51","slug":"estudiantes-el-corazon-de-la-uabjo-farid-acevedo-arranca-campana-en-el-ice","status":"publish","type":"post","link":"https:\/\/contextoanalisisperiodistico.com\/index.php\/2026\/05\/01\/estudiantes-el-corazon-de-la-uabjo-farid-acevedo-arranca-campana-en-el-ice\/","title":{"rendered":"\u200bEstudiantes, el coraz\u00f3n de la UABJO: Farid Acevedo arranca campa\u00f1a en el ICE"},"content":{"rendered":"<div id=\"fb-root\"><\/div>\n\n<p><strong>Oaxaca de Ju\u00e1rez, Oax.<\/strong>\u2014 Con un mensaje centrado en la <strong>estabilidad institucional<\/strong> y el <strong>fortalecimiento acad\u00e9mico<\/strong>, el candidato a la rector\u00eda de la Universidad Aut\u00f3noma \u201cBenito Ju\u00e1rez\u201d de Oaxaca, <strong>Farid Acevedo L\u00f3pez<\/strong>, inici\u00f3 sus actividades de campa\u00f1a visitando el Instituto de Ciencias de la Educaci\u00f3n (ICE).<\/p>\n\n\n\n<p>\u200bAnte una comunidad vibrante de alumnos, docentes y administrativos, Acevedo L\u00f3pez dej\u00f3 claro que su gesti\u00f3n no se construir\u00e1 desde un escritorio, sino a trav\u00e9s del <strong>di\u00e1logo directo<\/strong> y la escucha activa en cada unidad acad\u00e9mica.<\/p>\n\n\n\n<h3 class=\"wp-block-heading\">\u200b<strong>Propuestas con enfoque humano y acad\u00e9mico<\/strong><\/h3>\n\n\n\n<p>\u200bDurante su recorrido, el candidato subray\u00f3 que los pilares de su proyecto buscan transformar a la m\u00e1xima casa de estudios en un referente de orden y calidad. Entre los puntos clave destacados en su visita se encuentran:<\/p>\n\n\n\n<p>*<strong>Estabilidad Institucional:<\/strong> Garantizar un entorno propicio para el desarrollo de las funciones universitarias sin interrupciones.<\/p>\n\n\n\n<p>*<strong>Escucha Activa:<\/strong> Integrar las inquietudes de los sectores estudiantil y docente en el plan de trabajo de la Rector\u00eda.<\/p>\n\n\n\n<p>*<strong>Identidad Universitaria:<\/strong> Fortalecer el sentido de pertenencia y comunidad dentro de cada instituto.<\/p>\n\n\n\n<p>\u00abEl di\u00e1logo y la escucha activa ser\u00e1n constantes en este proyecto, porque poner a las y los estudiantes al centro siempre ser\u00e1 la mejor decisi\u00f3n\u00bb, expres\u00f3 Acevedo L\u00f3pez.<br><br><strong>Reconocimiento a la comunidad del ICE<\/strong><br>El aspirante hizo un par\u00e9ntesis para agradecer el c\u00e1lido recibimiento de la <strong>Mtra. Leticia Brise\u00f1o Mass<\/strong>, as\u00ed como la disposici\u00f3n del personal administrativo y de servicio. Calific\u00f3 a los estudiantes del ICE como la \u00abraz\u00f3n de ser\u00bb de la universidad, enfatizando que sus ideas son el motor que orientar\u00e1 las pol\u00edticas educativas de su administraci\u00f3n.<br><strong>Hacia una propuesta integral<\/strong><br>Este encuentro marca el inicio de una gira intensiva por las diversas facultades, escuelas e institutos de la <strong>UABJO<\/strong>. El objetivo de Farid Acevedo L\u00f3pez es consolidar una propuesta incluyente que responda a las realidades actuales de la comunidad universitaria, apostando por una educaci\u00f3n cercana y comprometida con el futuro de Oaxaca.<\/p>\n\n\n\n<figure class=\"wp-block-image size-large\"><img fetchpriority=\"high\" decoding=\"async\" width=\"1024\" height=\"683\" src=\"https:\/\/contextoanalisisperiodistico.com\/wp-content\/uploads\/2026\/05\/fb_img_17776717200743436602817394350358-1024x683.jpg\" alt=\"\" class=\"wp-image-53347\" srcset=\"https:\/\/contextoanalisisperiodistico.com\/wp-content\/uploads\/2026\/05\/fb_img_17776717200743436602817394350358-1024x683.jpg 1024w, https:\/\/contextoanalisisperiodistico.com\/wp-content\/uploads\/2026\/05\/fb_img_17776717200743436602817394350358-300x200.jpg 300w, https:\/\/contextoanalisisperiodistico.com\/wp-content\/uploads\/2026\/05\/fb_img_17776717200743436602817394350358-768x512.jpg 768w, https:\/\/contextoanalisisperiodistico.com\/wp-content\/uploads\/2026\/05\/fb_img_17776717200743436602817394350358-1536x1025.jpg 1536w, https:\/\/contextoanalisisperiodistico.com\/wp-content\/uploads\/2026\/05\/fb_img_17776717200743436602817394350358.jpg 2000w\" sizes=\"(max-width: 1024px) 100vw, 1024px\" \/><\/figure>\n\n\n\n<figure class=\"wp-block-image\"><img decoding=\"async\" width=\"1024\" height=\"683\" src=\"https:\/\/contextoanalisisperiodistico.com\/wp-content\/uploads\/2026\/05\/fb_img_17776717263673610886040243328883-1024x683.jpg\" alt=\"\" class=\"wp-image-53349\" srcset=\"https:\/\/contextoanalisisperiodistico.com\/wp-content\/uploads\/2026\/05\/fb_img_17776717263673610886040243328883-1024x683.jpg 1024w, https:\/\/contextoanalisisperiodistico.com\/wp-content\/uploads\/2026\/05\/fb_img_17776717263673610886040243328883-300x200.jpg 300w, https:\/\/contextoanalisisperiodistico.com\/wp-content\/uploads\/2026\/05\/fb_img_17776717263673610886040243328883-768x512.jpg 768w, https:\/\/contextoanalisisperiodistico.com\/wp-content\/uploads\/2026\/05\/fb_img_17776717263673610886040243328883-1536x1024.jpg 1536w, https:\/\/contextoanalisisperiodistico.com\/wp-content\/uploads\/2026\/05\/fb_img_17776717263673610886040243328883.jpg 1600w\" sizes=\"(max-width: 1024px) 100vw, 1024px\" \/><\/figure>\n\n\n\n<figure class=\"wp-block-image\"><img decoding=\"async\" width=\"1024\" height=\"683\" src=\"https:\/\/contextoanalisisperiodistico.com\/wp-content\/uploads\/2026\/05\/fb_img_1777671752352191875231420726411-1024x683.jpg\" alt=\"\" class=\"wp-image-53348\" srcset=\"https:\/\/contextoanalisisperiodistico.com\/wp-content\/uploads\/2026\/05\/fb_img_1777671752352191875231420726411-1024x683.jpg 1024w, https:\/\/contextoanalisisperiodistico.com\/wp-content\/uploads\/2026\/05\/fb_img_1777671752352191875231420726411-300x200.jpg 300w, https:\/\/contextoanalisisperiodistico.com\/wp-content\/uploads\/2026\/05\/fb_img_1777671752352191875231420726411-768x512.jpg 768w, https:\/\/contextoanalisisperiodistico.com\/wp-content\/uploads\/2026\/05\/fb_img_1777671752352191875231420726411-1536x1024.jpg 1536w, https:\/\/contextoanalisisperiodistico.com\/wp-content\/uploads\/2026\/05\/fb_img_1777671752352191875231420726411.jpg 1600w\" sizes=\"(max-width: 1024px) 100vw, 1024px\" \/><\/figure>\n\n\n\n<figure class=\"wp-block-image\"><img loading=\"lazy\" decoding=\"async\" width=\"1024\" height=\"683\" src=\"https:\/\/contextoanalisisperiodistico.com\/wp-content\/uploads\/2026\/05\/fb_img_17776717462822603960809802352367-1024x683.jpg\" alt=\"\" class=\"wp-image-53350\" srcset=\"https:\/\/contextoanalisisperiodistico.com\/wp-content\/uploads\/2026\/05\/fb_img_17776717462822603960809802352367-1024x683.jpg 1024w, https:\/\/contextoanalisisperiodistico.com\/wp-content\/uploads\/2026\/05\/fb_img_17776717462822603960809802352367-300x200.jpg 300w, https:\/\/contextoanalisisperiodistico.com\/wp-content\/uploads\/2026\/05\/fb_img_17776717462822603960809802352367-768x512.jpg 768w, https:\/\/contextoanalisisperiodistico.com\/wp-content\/uploads\/2026\/05\/fb_img_17776717462822603960809802352367-1536x1025.jpg 1536w, https:\/\/contextoanalisisperiodistico.com\/wp-content\/uploads\/2026\/05\/fb_img_17776717462822603960809802352367.jpg 2000w\" sizes=\"(max-width: 1024px) 100vw, 1024px\" \/><\/figure>\n\n\n\n<ul class=\"wp-block-list\">\n<li><\/li>\n<\/ul>\n","protected":false},"excerpt":{"rendered":"<p>Oaxaca de Ju\u00e1rez, Oax.\u2014 Con un mensaje centrado en la estabilidad institucional y el fortalecimiento&#8230;<\/p>\n","protected":false},"author":4,"featured_media":53346,"comment_status":"","ping_status":"open","sticky":false,"template":"","format":"standard","meta":{"footnotes":""},"categories":[9],"tags":[462],"jetpack_sharing_enabled":true,"featured_image_urls":{"full":["https:\/\/contextoanalisisperiodistico.com\/wp-content\/uploads\/2026\/05\/FB_IMG_1777671712435.jpg",2048,1366,false],"thumbnail":["https:\/\/contextoanalisisperiodistico.com\/wp-content\/uploads\/2026\/05\/FB_IMG_1777671712435-150x150.jpg",150,150,true],"medium":["https:\/\/contextoanalisisperiodistico.com\/wp-content\/uploads\/2026\/05\/FB_IMG_1777671712435-300x200.jpg",300,200,true],"medium_large":["https:\/\/contextoanalisisperiodistico.com\/wp-content\/uploads\/2026\/05\/FB_IMG_1777671712435-768x512.jpg",640,427,true],"large":["https:\/\/contextoanalisisperiodistico.com\/wp-content\/uploads\/2026\/05\/FB_IMG_1777671712435-1024x683.jpg",640,427,true],"1536x1536":["https:\/\/contextoanalisisperiodistico.com\/wp-content\/uploads\/2026\/05\/FB_IMG_1777671712435-1536x1025.jpg",1536,1025,true],"2048x2048":["https:\/\/contextoanalisisperiodistico.com\/wp-content\/uploads\/2026\/05\/FB_IMG_1777671712435.jpg",2048,1366,false],"covernews-slider-full":["https:\/\/contextoanalisisperiodistico.com\/wp-content\/uploads\/2026\/05\/FB_IMG_1777671712435-1115x715.jpg",1115,715,true],"covernews-slider-center":["https:\/\/contextoanalisisperiodistico.com\/wp-content\/uploads\/2026\/05\/FB_IMG_1777671712435-800x500.jpg",800,500,true],"covernews-featured":["https:\/\/contextoanalisisperiodistico.com\/wp-content\/uploads\/2026\/05\/FB_IMG_1777671712435-1024x683.jpg",1024,683,true],"covernews-medium":["https:\/\/contextoanalisisperiodistico.com\/wp-content\/uploads\/2026\/05\/FB_IMG_1777671712435-540x340.jpg",540,340,true],"covernews-medium-square":["https:\/\/contextoanalisisperiodistico.com\/wp-content\/uploads\/2026\/05\/FB_IMG_1777671712435-400x250.jpg",400,250,true]},"author_info":{"display_name":"Mario Gir\u00f3n","author_link":"https:\/\/contextoanalisisperiodistico.com\/index.php\/author\/director\/"},"category_info":"<a href=\"https:\/\/contextoanalisisperiodistico.com\/index.php\/category\/politica\/\" rel=\"category tag\">Pol\u00edtica<\/a>","tag_info":"Pol\u00edtica","comment_count":"0","jetpack_featured_media_url":"https:\/\/contextoanalisisperiodistico.com\/wp-content\/uploads\/2026\/05\/FB_IMG_1777671712435.jpg","_links":{"self":[{"href":"https:\/\/contextoanalisisperiodistico.com\/index.php\/wp-json\/wp\/v2\/posts\/53351"}],"collection":[{"href":"https:\/\/contextoanalisisperiodistico.com\/index.php\/wp-json\/wp\/v2\/posts"}],"about":[{"href":"https:\/\/contextoanalisisperiodistico.com\/index.php\/wp-json\/wp\/v2\/types\/post"}],"author":[{"embeddable":true,"href":"https:\/\/contextoanalisisperiodistico.com\/index.php\/wp-json\/wp\/v2\/users\/4"}],"replies":[{"embeddable":true,"href":"https:\/\/contextoanalisisperiodistico.com\/index.php\/wp-json\/wp\/v2\/comments?post=53351"}],"version-history":[{"count":0,"href":"https:\/\/contextoanalisisperiodistico.com\/index.php\/wp-json\/wp\/v2\/posts\/53351\/revisions"}],"wp:featuredmedia":[{"embeddable":true,"href":"https:\/\/contextoanalisisperiodistico.com\/index.php\/wp-json\/wp\/v2\/media\/53346"}],"wp:attachment":[{"href":"https:\/\/contextoanalisisperiodistico.com\/index.php\/wp-json\/wp\/v2\/media?parent=53351"}],"wp:term":[{"taxonomy":"category","embeddable":true,"href":"https:\/\/contextoanalisisperiodistico.com\/index.php\/wp-json\/wp\/v2\/categories?post=53351"},{"taxonomy":"post_tag","embeddable":true,"href":"https:\/\/contextoanalisisperiodistico.com\/index.php\/wp-json\/wp\/v2\/tags?post=53351"}],"curies":[{"name":"wp","href":"https:\/\/api.w.org\/{rel}","templated":true}]}}