{"id":53339,"date":"2026-05-01T14:28:35","date_gmt":"2026-05-01T20:28:35","guid":{"rendered":"https:\/\/contextoanalisisperiodistico.com\/index.php\/2026\/05\/01\/ray-chagoya-prioriza-el-dialogo-directo-con-vecinos-del-barrio-de-la-noria\/"},"modified":"2026-05-01T14:29:37","modified_gmt":"2026-05-01T20:29:37","slug":"ray-chagoya-prioriza-el-dialogo-directo-con-vecinos-del-barrio-de-la-noria","status":"publish","type":"post","link":"https:\/\/contextoanalisisperiodistico.com\/index.php\/2026\/05\/01\/ray-chagoya-prioriza-el-dialogo-directo-con-vecinos-del-barrio-de-la-noria\/","title":{"rendered":"Ray Chagoya prioriza el di\u00e1logo directo con vecinos del Barrio de La Noria"},"content":{"rendered":"<div id=\"fb-root\"><\/div>\n\n<p>Ray Chagoya, presidente municipal de Oaxaca de Ju\u00e1rez, visit\u00f3 muy temprano a vecinos y vecinas del Barrio de La Noria, ah\u00ed escuch\u00f3 sus necesidades y estableci\u00f3 acuerdos para atenderlos. Un gobierno municipal que escucha a su gente.<\/p>\n\n\n\n<figure class=\"wp-block-image size-large\"><img fetchpriority=\"high\" decoding=\"async\" width=\"1024\" height=\"680\" src=\"https:\/\/contextoanalisisperiodistico.com\/wp-content\/uploads\/2026\/05\/img-20260501-wa00778070131407576563236-1024x680.jpg\" alt=\"\" class=\"wp-image-53338\" srcset=\"https:\/\/contextoanalisisperiodistico.com\/wp-content\/uploads\/2026\/05\/img-20260501-wa00778070131407576563236-1024x680.jpg 1024w, https:\/\/contextoanalisisperiodistico.com\/wp-content\/uploads\/2026\/05\/img-20260501-wa00778070131407576563236-300x199.jpg 300w, https:\/\/contextoanalisisperiodistico.com\/wp-content\/uploads\/2026\/05\/img-20260501-wa00778070131407576563236-768x510.jpg 768w, https:\/\/contextoanalisisperiodistico.com\/wp-content\/uploads\/2026\/05\/img-20260501-wa00778070131407576563236.jpg 1182w\" sizes=\"(max-width: 1024px) 100vw, 1024px\" \/><\/figure>\n\n\n\n<figure class=\"wp-block-image\"><img decoding=\"async\" width=\"1024\" height=\"681\" src=\"https:\/\/contextoanalisisperiodistico.com\/wp-content\/uploads\/2026\/05\/img-20260501-wa00784396092517391421170-1024x681.jpg\" alt=\"\" class=\"wp-image-53336\" srcset=\"https:\/\/contextoanalisisperiodistico.com\/wp-content\/uploads\/2026\/05\/img-20260501-wa00784396092517391421170-1024x681.jpg 1024w, https:\/\/contextoanalisisperiodistico.com\/wp-content\/uploads\/2026\/05\/img-20260501-wa00784396092517391421170-300x199.jpg 300w, https:\/\/contextoanalisisperiodistico.com\/wp-content\/uploads\/2026\/05\/img-20260501-wa00784396092517391421170-768x511.jpg 768w, https:\/\/contextoanalisisperiodistico.com\/wp-content\/uploads\/2026\/05\/img-20260501-wa00784396092517391421170.jpg 1280w\" sizes=\"(max-width: 1024px) 100vw, 1024px\" \/><\/figure>\n\n\n\n<figure class=\"wp-block-image\"><img decoding=\"async\" width=\"1024\" height=\"681\" src=\"https:\/\/contextoanalisisperiodistico.com\/wp-content\/uploads\/2026\/05\/img-20260501-wa00804692817042863737141-1024x681.jpg\" alt=\"\" class=\"wp-image-53337\" srcset=\"https:\/\/contextoanalisisperiodistico.com\/wp-content\/uploads\/2026\/05\/img-20260501-wa00804692817042863737141-1024x681.jpg 1024w, https:\/\/contextoanalisisperiodistico.com\/wp-content\/uploads\/2026\/05\/img-20260501-wa00804692817042863737141-300x199.jpg 300w, https:\/\/contextoanalisisperiodistico.com\/wp-content\/uploads\/2026\/05\/img-20260501-wa00804692817042863737141-768x511.jpg 768w, https:\/\/contextoanalisisperiodistico.com\/wp-content\/uploads\/2026\/05\/img-20260501-wa00804692817042863737141.jpg 1280w\" sizes=\"(max-width: 1024px) 100vw, 1024px\" \/><\/figure>\n","protected":false},"excerpt":{"rendered":"<p>Ray Chagoya, presidente municipal de Oaxaca de Ju\u00e1rez, visit\u00f3 muy temprano a vecinos y vecinas&#8230;<\/p>\n","protected":false},"author":4,"featured_media":53335,"comment_status":"closed","ping_status":"open","sticky":false,"template":"","format":"standard","meta":{"footnotes":""},"categories":[9],"tags":[316,353,371,302,178,424],"jetpack_sharing_enabled":true,"featured_image_urls":{"full":["https:\/\/contextoanalisisperiodistico.com\/wp-content\/uploads\/2026\/05\/IMG-20260501-WA0079.jpg",1280,851,false],"thumbnail":["https:\/\/contextoanalisisperiodistico.com\/wp-content\/uploads\/2026\/05\/IMG-20260501-WA0079-150x150.jpg",150,150,true],"medium":["https:\/\/contextoanalisisperiodistico.com\/wp-content\/uploads\/2026\/05\/IMG-20260501-WA0079-300x199.jpg",300,199,true],"medium_large":["https:\/\/contextoanalisisperiodistico.com\/wp-content\/uploads\/2026\/05\/IMG-20260501-WA0079-768x511.jpg",640,426,true],"large":["https:\/\/contextoanalisisperiodistico.com\/wp-content\/uploads\/2026\/05\/IMG-20260501-WA0079-1024x681.jpg",640,426,true],"1536x1536":["https:\/\/contextoanalisisperiodistico.com\/wp-content\/uploads\/2026\/05\/IMG-20260501-WA0079.jpg",1280,851,false],"2048x2048":["https:\/\/contextoanalisisperiodistico.com\/wp-content\/uploads\/2026\/05\/IMG-20260501-WA0079.jpg",1280,851,false],"covernews-slider-full":["https:\/\/contextoanalisisperiodistico.com\/wp-content\/uploads\/2026\/05\/IMG-20260501-WA0079-1115x715.jpg",1115,715,true],"covernews-slider-center":["https:\/\/contextoanalisisperiodistico.com\/wp-content\/uploads\/2026\/05\/IMG-20260501-WA0079-800x500.jpg",800,500,true],"covernews-featured":["https:\/\/contextoanalisisperiodistico.com\/wp-content\/uploads\/2026\/05\/IMG-20260501-WA0079-1024x681.jpg",1024,681,true],"covernews-medium":["https:\/\/contextoanalisisperiodistico.com\/wp-content\/uploads\/2026\/05\/IMG-20260501-WA0079-540x340.jpg",540,340,true],"covernews-medium-square":["https:\/\/contextoanalisisperiodistico.com\/wp-content\/uploads\/2026\/05\/IMG-20260501-WA0079-400x250.jpg",400,250,true]},"author_info":{"display_name":"Mario Gir\u00f3n","author_link":"https:\/\/contextoanalisisperiodistico.com\/index.php\/author\/director\/"},"category_info":"<a href=\"https:\/\/contextoanalisisperiodistico.com\/index.php\/category\/politica\/\" rel=\"category tag\">Pol\u00edtica<\/a>","tag_info":"Pol\u00edtica","comment_count":"0","jetpack_featured_media_url":"https:\/\/contextoanalisisperiodistico.com\/wp-content\/uploads\/2026\/05\/IMG-20260501-WA0079.jpg","_links":{"self":[{"href":"https:\/\/contextoanalisisperiodistico.com\/index.php\/wp-json\/wp\/v2\/posts\/53339"}],"collection":[{"href":"https:\/\/contextoanalisisperiodistico.com\/index.php\/wp-json\/wp\/v2\/posts"}],"about":[{"href":"https:\/\/contextoanalisisperiodistico.com\/index.php\/wp-json\/wp\/v2\/types\/post"}],"author":[{"embeddable":true,"href":"https:\/\/contextoanalisisperiodistico.com\/index.php\/wp-json\/wp\/v2\/users\/4"}],"replies":[{"embeddable":true,"href":"https:\/\/contextoanalisisperiodistico.com\/index.php\/wp-json\/wp\/v2\/comments?post=53339"}],"version-history":[{"count":1,"href":"https:\/\/contextoanalisisperiodistico.com\/index.php\/wp-json\/wp\/v2\/posts\/53339\/revisions"}],"predecessor-version":[{"id":53340,"href":"https:\/\/contextoanalisisperiodistico.com\/index.php\/wp-json\/wp\/v2\/posts\/53339\/revisions\/53340"}],"wp:featuredmedia":[{"embeddable":true,"href":"https:\/\/contextoanalisisperiodistico.com\/index.php\/wp-json\/wp\/v2\/media\/53335"}],"wp:attachment":[{"href":"https:\/\/contextoanalisisperiodistico.com\/index.php\/wp-json\/wp\/v2\/media?parent=53339"}],"wp:term":[{"taxonomy":"category","embeddable":true,"href":"https:\/\/contextoanalisisperiodistico.com\/index.php\/wp-json\/wp\/v2\/categories?post=53339"},{"taxonomy":"post_tag","embeddable":true,"href":"https:\/\/contextoanalisisperiodistico.com\/index.php\/wp-json\/wp\/v2\/tags?post=53339"}],"curies":[{"name":"wp","href":"https:\/\/api.w.org\/{rel}","templated":true}]}}